{"id":99864,"date":"2022-03-16T20:16:14","date_gmt":"2022-03-16T19:16:14","guid":{"rendered":"https:\/\/www.freiburg-schwarzwald.de\/blog\/?p=99864"},"modified":"2022-04-02T20:26:34","modified_gmt":"2022-04-02T18:26:34","slug":"frieren-fuer-die-freiheit-wir","status":"publish","type":"post","link":"https:\/\/www.freiburg-schwarzwald.de\/blog\/frieren-fuer-die-freiheit-wir\/","title":{"rendered":"Frieren f\u00fcr die Freiheit &#8211; Wir!"},"content":{"rendered":"<p>Altbundespr\u00e4sident <a href=\"https:\/\/www.freiburg-schwarzwald.de\/blog\/gauck-mahnt-zu-toleranz\/\">Joachim Gauck<\/a> richtet sich mit &#8222;Frieren f\u00fcr die Freiheit&#8220; an die <a href=\"https:\/\/www.freiburg-schwarzwald.de\/blog\/global\/deutschland\/gesellschaft\/zivilgesellschaft\/\">B\u00fcrger<\/a>, von denen er Jahr f\u00fcr Jahr 236.000 Euro Ehrensold und 385.000 Euro B\u00fcrounterhalt bezieht. Die <a href=\"https:\/\/www.freiburg-schwarzwald.de\/blog\/kultur\/medien\/mediendemokratie\/\">Medien<\/a> &#8211; vorneweg <a href=\"https:\/\/www.freiburg-schwarzwald.de\/blog\/kultur\/medien\/wdr\/\">ARD<\/a> und <a href=\"https:\/\/www.freiburg-schwarzwald.de\/blog\/kultur\/medien\/gez-medien\/zdf\/\">ZDF<\/a> &#8211; stimmen begeistert ein: Diese Aktion des solidarischen <a href=\"https:\/\/www.freiburg-schwarzwald.de\/blog\/selbsthilfe\/soziales\/armut\/\">Frierens<\/a> k\u00f6nnte <a href=\"https:\/\/www.freiburg-schwarzwald.de\/blog\/global\/russland\/\">Putin<\/a> zum <a href=\"https:\/\/www.freiburg-schwarzwald.de\/blog\/global\/ukraine\/ukraine-frieden\/\">Einlenken<\/a> bringen.<br \/>\n<!--more--><br \/>\n&#8222;Wir k\u00f6nnen auch einmal frieren f\u00fcr die Freiheit&#8220; &#8211; diesen Satz voller Zynismus und Verachtung seiner Mitb\u00fcrger sagte Gauck am 9.3.2022 im TV bei Maischberger. Ist es nicht Aufgabe der Medien als 4. Gewalt, ihrer Pflicht zur Kontrolle der Politik nachzukommen und dieses &#8222;Wir&#8220; kritisch zu hinterfragen? Sind &#8222;Wir&#8220; nicht vor allem die die vielen kleinen Leute und <a href=\"https:\/\/www.freiburg-schwarzwald.de\/blog\/selbsthilfe\/soziales\/arbeit\/hartz\/\">Hartz4<\/a>-Bezieher mit 480.- Euro\/Monat, die nun bei steigenden Strom- und Gaspreisen f\u00fcr den Anti-Krieg in der Ukraine und die Sanktionen gegen Russland sparen sollen?<br \/>\nGeh\u00f6rt zum &#8222;Wir&#8220; nicht auch Joachim Gauck selbst, der von seinen 51.750 Euro\/Monat doch 50.000 Euro spenden k\u00f6nnte f\u00fcr ein ukrainisches Waisenhaus in Lviv oder Kiew, ohne daheim in der kalten Wohnung frieren zu m\u00fcssen?<br \/>\nDie Medien sollten sich von Kriegsrhetorik eines Gauck&#8217;schen <a href=\"https:\/\/www.freiburg-schwarzwald.de\/blog\/gauck-dunkeldeutschland-hell\/\">&#8222;Dunkeldeutschland&#8220;<\/a>, das nun zu frieren hat, verabschieden und einer Friedensrhetorik zuwenden, die die Exekutive, Legislative und Judikative kritisch hinterfragt.<br \/>\n16.3.2022<br \/>\n.<br \/>\n<strong>Im Namen der Tugend: Friert!<\/strong><br \/>\nIn Deutschland bricht sich der Fr\u00fchling Bahn \u2013 doch bevor Buschwindr\u00f6schen unsere W\u00e4lder versch\u00f6nern und die Obstb\u00e4ume ausschlagen, bl\u00fcht die Tugend-Rhetorik der Wachsten unter den <a href=\"https:\/\/www.freiburg-schwarzwald.de\/blog\/kultur\/kulturverlust\/woke\/\">Woken<\/a>. Allen voran das Klingelwort Solidarit\u00e4t<br \/>\nDas Virtue Signalling einer Priesterkaste, die vorgibt, in h\u00f6herem Auftrag die Weltmoral zu verwalten, strebt in einem sich rasant beschleunigenden \u00dcberbietungswettbewerb nach immer neuen Gesten der rhetorischen \u201eSolidarit\u00e4t\u201c \u2013 zuletzt gekr\u00f6nt von der Idee, Deutschland w\u00e4re f\u00e4hig, Putin durch Frieren in die Knie zu zwingen. Allerdings nicht dadurch, den russischen Pr\u00e4sidenten der K\u00e4lte auszusetzen. Sondern sich selbst. Altbundespr\u00e4sident Gauck und seine \u00f6ffentlich-rechtliche Predigt \u201eFrieren f\u00fcr den Frieden\u201c ist nur das j\u00fcngste Beispiel f\u00fcr deutsche Sanktionsphantasien gegen Russland, die haupts\u00e4chlich selbstsch\u00e4digend wirken, vorausgesetzt, sie w\u00fcrden tats\u00e4chlich fl\u00e4chendeckend befolgt, und nicht nur von Politkern und wohlversorgten ehemaligen Amtstr\u00e4gern empfohlen.<br \/>\n&#8230; Alles vom 16.3.2022 bitte lesen auf<br \/>\n<a href=\"https:\/\/www.publicomag.com\/2022\/03\/im-namen-der-tugend-friert\/\">https:\/\/www.publicomag.com\/2022\/03\/im-namen-der-tugend-friert\/<\/a><\/p>\n<p><strong>\u201eFrieren f\u00fcr die Freiheit\u201c?<br \/>\nDie Gaga-Infantilit\u00e4t der Meinungsmache kennt keine Grenzen mehr<\/strong><br \/>\nDass Joachim Gaucks Bild der Welt eher schlicht gestrickt ist, ist hinl\u00e4nglich bekannt. Und dass in jedem zweiten Satz von ihm der Begriff \u201eFreiheit\u201c verbal vergewaltigt wird, ist auch nicht neu. Er war \u201eder falsche Pr\u00e4sident\u201c und hat wenig \u00fcberraschend seit dem Ende seiner Dienstzeit nichts dazugelernt. Geschenkt.<br \/>\nGeschenkt ist auch, dass der Mann, der vom Steuerzahler einen \u201eEhrensold\u201c in H\u00f6he von 236.000 Euro pro Jahr und zus\u00e4tzlich eine Amtsausstattung in H\u00f6he von 385.000 Euro pro Jahr bezieht, Rentnern, die gerade einmal ein Hundertstel dieser Bez\u00fcge bekommen, r\u00e4t, doch einmal f\u00fcr die \u201eFreiheit\u201c zu frieren.<br \/>\nEbenfalls geschenkt ist, dass er dem Volk, das nach Jahren coronama\u00dfnahmenbedingter Tristesse und Isolation am Rande des Nervenzusammenbruchs steht, noch nachschiebend r\u00e4t, nun \u201eeinmal ein paar Jahre zu ertragen, dass wir(sic!) weniger Lebensgl\u00fcck und Lebensfreude haben\u201c. Offenbar sind auch ehemalige Pfarrer nicht davor gefeit, mit dem Begriff \u201eEmpathie\u201c nichts anfangen zu k\u00f6nnen.<br \/>\nDas ist alles geschenkt. \u00dcber den moralischen Verfall der Eliten hatte sich der Kollege Frank Blenz bereits heute morgen ausgelassen. Hier soll es darum gehen, wie wenig Verst\u00e4ndnis nicht nur der oberste \u201eFreiheits-Pfaffe\u201c, sondern generell die meinungsbildenden Eliten von volkswirtschaftlichen Zusammenh\u00e4ngen und den Folgen ihrer transatlantischen Schnapsideen f\u00fcr das normale Volk haben.<br \/>\nHeute sollen wir unsere Solidarit\u00e4t mit den Ukrainern durch die \u00fcblichen Spendenmarathons unter Beweis stellen. Man darf das durchaus auch als modernen Ablasshandel verstehen.<br \/>\n&#8230; Alles vom 11.3.2022 von Jens Berger bitte lesen auf<br \/>\n<a href=\"https:\/\/www.nachdenkseiten.de\/?p=81804\">https:\/\/www.nachdenkseiten.de\/?p=81804<\/a><br \/>\n.<br \/>\nEinige Kommentare:<br \/>\n<strong>&#8230; unter den &#8222;WIR&#8220;s in den Arbeitervierteln<\/strong><br \/>\n\u201eWir k\u00f6nnen auch einmal frieren f\u00fcr die Freiheit und wir k\u00f6nnen auch einmal ein paar Jahre ertragen, dass wir weniger an Lebensgl\u00fcck und Lebensfreude haben\u201c<br \/>\nsagt einer, dem es an nichts fehlt: weder an hohem Einkommen noch am Luxus einer grossz\u00fcgigen Immobilie an bester Lage.<br \/>\nEr sagt &#8222;WIR&#8220; -und meint damit nur den gr\u00f6sseren Teil der Bev\u00f6lkerung, der zwar den Laden durch Arbeit am Laufen h\u00e4lt, aber f\u00fcr alle politischen Irrwege den Kopf und sein Einkommen hinh\u00e4lt und jetzt vor &#8222;Frieren&#8220; und Geldsorgen nicht mehr schlafen kann! Gauck selber ist nicht gemeint! Manchmal denke ich, man sollte mit diesen &#8222;WIR-Predigern&#8220; einmal Ernst machen und sie in die Bedingungen der Normalbev\u00f6lkerung zwangsversetzen. Einen Monat unter den &#8222;WIR&#8220;s- in den Arbeitervierteln k\u00f6nnte vielleicht ihre Augen \u00f6ffnen und ihren gestreckten Moralfinger verschwinden lassen.<br \/>\n11.3.2022, M.B.<\/p>\n<p><strong>Ich habe schon gewartet bis der erste Politiker mit diesem Vorschlag kommt <\/strong>Nun ist es eben Gauck und seine Idee wird mit Sicherheit bald aufgegriffen werden.<br \/>\nGauck und alle anderen dieser abgehobenen Kaste werden keine kalte Wohnung haben. Was eine kalte Wohnung f\u00fcr Kinder und alte Menschen bedeutet, ist ihnen nicht klar. Hauptsache die moralischen Anspr\u00fcche erf\u00fcllt. Hier wie \u00fcberall. Es ist h\u00f6chste Zeit, dass sich was \u00e4ndert.<br \/>\n11.3.2022, F.S.<\/p>\n<p><strong>&#8230; aus rein ideologische Gr\u00fcnden gef\u00e4lligst frieren<\/strong><br \/>\nEs ist schade, wenn ein ehemaliger Bundespr\u00e4sident meint, Kinder, Frauen, M\u00fctter und V\u00e4ter sollten aus rein ideologische Gr\u00fcnden gef\u00e4lligst frieren. &#8211; &#8222;Freiheit&#8220; wird in diesem Zusammenhang peinlich missbraucht. &#8211; Es ist immer das Gleiche, &#8222;Wasser trinken predigen und Wein selbst saufen&#8220;. Diese Regierung wurde gew\u00e4hlt, um L\u00f6sungen zu schaffen und nicht treu-doof einer Ideologie zu folgen.<br \/>\n11.3.2022, H.K.<br \/>\n16<br \/>\n<strong>Wunderbar, edel, frieren f\u00fcr den Frieden, da wird es mir warm ums Herz.<\/strong><br \/>\nNur wer hat uns die Suppe eingebrockt, und uns in die Abh\u00e4ngigkeit von den Russen gef\u00fchrt? Das interessiert wohl niemanden<br \/>\n11.3.2022, J.L.<br \/>\nEnde Kommentare<\/p>\n","protected":false},"excerpt":{"rendered":"<p>Altbundespr\u00e4sident Joachim Gauck richtet sich mit &#8222;Frieren f\u00fcr die Freiheit&#8220; an die B\u00fcrger, von denen er Jahr f\u00fcr Jahr 236.000 Euro Ehrensold und 385.000 Euro B\u00fcrounterhalt bezieht. Die Medien &#8211; vorneweg ARD und ZDF &#8211; stimmen begeistert ein: Diese Aktion &hellip; <a href=\"https:\/\/www.freiburg-schwarzwald.de\/blog\/frieren-fuer-die-freiheit-wir\/\">Weiterlesen <span class=\"meta-nav\">&rarr;<\/span><\/a><\/p>\n","protected":false},"author":2,"featured_media":0,"comment_status":"open","ping_status":"closed","sticky":false,"template":"","format":"standard","meta":{"footnotes":""},"categories":[1],"tags":[],"class_list":["post-99864","post","type-post","status-publish","format-standard","hentry","category-allgemein"],"_links":{"self":[{"href":"https:\/\/www.freiburg-schwarzwald.de\/blog\/wp-json\/wp\/v2\/posts\/99864","targetHints":{"allow":["GET"]}}],"collection":[{"href":"https:\/\/www.freiburg-schwarzwald.de\/blog\/wp-json\/wp\/v2\/posts"}],"about":[{"href":"https:\/\/www.freiburg-schwarzwald.de\/blog\/wp-json\/wp\/v2\/types\/post"}],"author":[{"embeddable":true,"href":"https:\/\/www.freiburg-schwarzwald.de\/blog\/wp-json\/wp\/v2\/users\/2"}],"replies":[{"embeddable":true,"href":"https:\/\/www.freiburg-schwarzwald.de\/blog\/wp-json\/wp\/v2\/comments?post=99864"}],"version-history":[{"count":3,"href":"https:\/\/www.freiburg-schwarzwald.de\/blog\/wp-json\/wp\/v2\/posts\/99864\/revisions"}],"predecessor-version":[{"id":99867,"href":"https:\/\/www.freiburg-schwarzwald.de\/blog\/wp-json\/wp\/v2\/posts\/99864\/revisions\/99867"}],"wp:attachment":[{"href":"https:\/\/www.freiburg-schwarzwald.de\/blog\/wp-json\/wp\/v2\/media?parent=99864"}],"wp:term":[{"taxonomy":"category","embeddable":true,"href":"https:\/\/www.freiburg-schwarzwald.de\/blog\/wp-json\/wp\/v2\/categories?post=99864"},{"taxonomy":"post_tag","embeddable":true,"href":"https:\/\/www.freiburg-schwarzwald.de\/blog\/wp-json\/wp\/v2\/tags?post=99864"}],"curies":[{"name":"wp","href":"https:\/\/api.w.org\/{rel}","templated":true}]}}