{"id":99801,"date":"2022-04-01T12:55:08","date_gmt":"2022-04-01T10:55:08","guid":{"rendered":"https:\/\/www.freiburg-schwarzwald.de\/blog\/?p=99801"},"modified":"2022-04-01T12:55:08","modified_gmt":"2022-04-01T10:55:08","slug":"bahn-ohne-strom-erster-april","status":"publish","type":"post","link":"https:\/\/www.freiburg-schwarzwald.de\/blog\/bahn-ohne-strom-erster-april\/","title":{"rendered":"Bahn ohne Strom?  Erster April?"},"content":{"rendered":"<p><a href=\"https:\/\/www.freiburg-schwarzwald.de\/blog\/kultur\/kunst\/satire\/\">1. April<\/a> \u2013 stellen wir uns vor, der <a href=\"https:\/\/www.freiburg-schwarzwald.de\/blog\/regio\/verkehr\/eisenbahn\/\">Bahn<\/a> fehlt <a href=\"https:\/\/www.freiburg-schwarzwald.de\/blog\/energie\/strom\/\">Strom<\/a>.<br \/>\nEinem <a href=\"https:\/\/www.freiburg-schwarzwald.de\/blog\/natur\/landwirt\/\">Bauer<\/a> gelang es, den <a href=\"https:\/\/www.freiburg-schwarzwald.de\/blog\/natur\/tiere\/rinder\/\">K\u00fchen<\/a> das Fressen <a href=\"https:\/\/www.freiburg-schwarzwald.de\/blog\/engagement\/zukunft\/demokratie\/nudging\/\">abzugew\u00f6hnen<\/a>.<br \/>\nDas machte Schule, denn die in <a href=\"https:\/\/www.freiburg-schwarzwald.de\/blog\/engagement\/zukunft\/demokratie\/ampel\/\">Berlin<\/a> wollen uns nun die <a href=\"https:\/\/www.freiburg-schwarzwald.de\/blog\/energie\/energiepolitik\/\">Energie<\/a> \u2026 <!--more--><\/p>\n<p>Es war einmal ein Bauer. Dieser versuchte, seinen K\u00fchen das Fressen abzugew\u00f6hnen. Denn das Futter fiel nicht wie Manna vom Himmel. Er musste im Schwei\u00dfe seines Angesichts Heu f\u00fcr sie machen, Futterr\u00fcben setzen und ausbuddeln u.a. Eines Nachts \u00fcberkam ihn der Hunger, aber er war zu bequem um aufzustehen. Des Morgens dachte er, ist doch alles reine Willenssache. Wenn ICH den Hunger unterdr\u00fccken kann, m\u00fcsste das doch auch bei meinen Viechern gehen. Deshalb wagte er das Experiment und f\u00fctterte jeden Tag etwas weniger, bis er ganz damit aufh\u00f6rte.<\/p>\n<p>Und als er mit seinem Versuch soweit war, verreckten die bl\u00f6den Dinger \u2013 Experiment gelungen, K\u00fche tot. Ihm muss irgendwie ein Kunstfehler unterlaufen sein, dachten naturverbundene Politiker in Berlin und machten sich an einen Neuversuch. Die Industrie ist zu energiehungrig. Die privaten Haushalte sind zu energiehungrig. Das Wohnen braucht zu viel Energie. Der Verkehr braucht zu viel Energie. All diese Energie fehlt f\u00fcr die Geistesblitze der Herrschaften in Berlin.<\/p>\n<p>So erdachten sie verschiedene <a href=\"https:\/\/www.freiburg-schwarzwald.de\/blog\/energie\/energiesparen\/\">Energieeinsparungsvarianten<\/a>, sinnvolle und unsinnige. Energien teurer machen, schlie\u00dflich ist der Geldbeutel der empfindlichste K\u00f6rperteil des Menschen. Und heizen kann man auch mit etwas anderem als mit wertvollem \u00d6l und Gas. Auch im Verkehr ben\u00f6tigt man keine Treibstoffe, mit <a href=\"https:\/\/www.freiburg-schwarzwald.de\/blog\/energie\/strom\/stromzeitalter\/\">Strom<\/a> geht\u2019s auch. Was bei Z\u00fcgen m\u00f6glich ist, muss doch auch mit Autos gehen \u2013 man muss sie nur elektrisch betreiben. Und warum den gr\u00f6\u00dferen Strombedarf noch mit Atom, Gas, Kohle oder \u00d6l produzieren? Das geht doch auch mit Wind und Sonne, also Kraftwerke stilllegen. Und auf das bisschen \u00d6l und Gas k\u00f6nnen wir doch auch verzichten, wenn sich der russische Nachbar danebenbenimmt.<\/p>\n<p>Doch so langsam wird alles M\u00f6gliche knapp oder geht ganz aus: Rohstoffe aller Art, bestimmte Nahrungsmittel, Wohnungen, Autos wegen fehlender Bauteile, Sprit, \u00d6l \u2013 sogar Speise\u00f6l. Und wenn wir auch noch auf Gas aus Russland verzichten wollen, dann wird es eng. Nicht genug, dass im n\u00e4chsten Winter die Wohnungen kalt bleiben, auch Strom muss dann rationiert werden. Es werden bereits Notfallpl\u00e4ne geschmiedet, die Privatverbraucher sollen vorrangig bedient werden \u2013 das sind ja auch W\u00e4hler. Die Wirtschaft hat dabei das Nachsehen. Aber dann werden auch Industrieprodukte knapp, die Waren f\u00fcr den t\u00e4glichen Bedarf.<\/p>\n<p>Nun stellen wir uns einmal vor, dass die teuer erworbenen und mit hohen Subventionen versehenen E-Autos nicht mehr geladen werden k\u00f6nnen. OK, dann sind die B\u00fcrger soweit umerzogen, dass sie auf die Eisenbahn, Stra\u00dfen- und S-Bahnen umsteigen. Und die LKWs sind dann auch von den Stra\u00dfen weg und die Waren auf die Schiene verfrachtet. Also alles gut!?<\/p>\n<p>Stellen wir uns weiter vor \u2013 es ist der 1. April \u2013 dass nicht gen\u00fcgend Strom f\u00fcr die Eisenbahn zur Verf\u00fcgung st\u00fcnde. April, April?<br \/>\nDann schauen wir einmal, was uns die Eisenbahnunternehmen letzte Woche berichteten: Der Bahn fehlte Strom. Dieses Mal traf es \u201enur\u201c den G\u00fcterverkehr, der wegen Stromknappheit lahmgelegt wurde. Aber ICEs brauchen nicht weniger Strom. Wenn sie anfahren, ziehen sie die Strommenge einer Kleinstadt. Aber nicht nur das, die Weichen m\u00fcssen im Winter bei Minustemperaturen erw\u00e4rmt werden. Eine Weichenheizung ben\u00f6tigt die Strommenge eines Haushalts f\u00fcr ein ganzes Jahr. Ohne gen\u00fcgend Strom keine Mobilit\u00e4tswende. Und keine Warenversorgung der Bev\u00f6lkerung mehr. Je gr\u00f6\u00dfer unsere bunte Gesellschaft wird, desto mehr an Bedarf und dann muss planwirtschaftlich entschieden werden, wem, wann, wieviel Strom und anderes zugeteilt wird.<\/p>\n<p>Das alles ist eigentlich nicht mehr zu verstehen \u2013 es sei denn, man glaubt den Pl\u00e4nen des Chefs des <a href=\"https:\/\/www.freiburg-schwarzwald.de\/blog\/global\/globalisierung\/wef\/\">World-Economic-Forum<\/a>, Klaus Schwab. Er prophezeite uns f\u00fcr das Jahr 2030: \u201eDu wirst nichts besitzen, und du wirst gl\u00fccklich sein\u201c (Deutsche Wirtschaftsnachrichten). So wird vielleicht schon vor 2030 das M\u00e4rchen vom Hans im Gl\u00fcck wahr welches endet, nachdem er alles verloren hatte: &#8218;So gl\u00fccklich wie ich,&#8216; rief er aus, &#8218;gibt es keinen Menschen unter der Sonne.&#8216; Oder 1. April das ganze Jahr \u00fcber?<br \/>\n1.4.2022, Albrecht K\u00fcnstle, Herbolzheim, <a href=\"https:\/\/www.die-andere-sicht.de\">https:\/\/www.die-andere-sicht.de<\/a><\/p>\n","protected":false},"excerpt":{"rendered":"<p>1. April \u2013 stellen wir uns vor, der Bahn fehlt Strom. Einem Bauer gelang es, den K\u00fchen das Fressen abzugew\u00f6hnen. Das machte Schule, denn die in Berlin wollen uns nun die Energie \u2026<\/p>\n","protected":false},"author":2,"featured_media":0,"comment_status":"open","ping_status":"closed","sticky":false,"template":"","format":"standard","meta":{"footnotes":""},"categories":[18,4,5,135,201,173,132,171,172],"tags":[239,151,515,510,723],"class_list":["post-99801","post","type-post","status-publish","format-standard","hentry","category-bildung","category-branchen","category-energie","category-energiepolitik","category-landwirt","category-sparsamkeit","category-strom","category-verbraucher","category-zukunft","tag-energiesparen","tag-erneuerbare-energien","tag-konsum","tag-opnv","tag-strom"],"_links":{"self":[{"href":"https:\/\/www.freiburg-schwarzwald.de\/blog\/wp-json\/wp\/v2\/posts\/99801","targetHints":{"allow":["GET"]}}],"collection":[{"href":"https:\/\/www.freiburg-schwarzwald.de\/blog\/wp-json\/wp\/v2\/posts"}],"about":[{"href":"https:\/\/www.freiburg-schwarzwald.de\/blog\/wp-json\/wp\/v2\/types\/post"}],"author":[{"embeddable":true,"href":"https:\/\/www.freiburg-schwarzwald.de\/blog\/wp-json\/wp\/v2\/users\/2"}],"replies":[{"embeddable":true,"href":"https:\/\/www.freiburg-schwarzwald.de\/blog\/wp-json\/wp\/v2\/comments?post=99801"}],"version-history":[{"count":1,"href":"https:\/\/www.freiburg-schwarzwald.de\/blog\/wp-json\/wp\/v2\/posts\/99801\/revisions"}],"predecessor-version":[{"id":99802,"href":"https:\/\/www.freiburg-schwarzwald.de\/blog\/wp-json\/wp\/v2\/posts\/99801\/revisions\/99802"}],"wp:attachment":[{"href":"https:\/\/www.freiburg-schwarzwald.de\/blog\/wp-json\/wp\/v2\/media?parent=99801"}],"wp:term":[{"taxonomy":"category","embeddable":true,"href":"https:\/\/www.freiburg-schwarzwald.de\/blog\/wp-json\/wp\/v2\/categories?post=99801"},{"taxonomy":"post_tag","embeddable":true,"href":"https:\/\/www.freiburg-schwarzwald.de\/blog\/wp-json\/wp\/v2\/tags?post=99801"}],"curies":[{"name":"wp","href":"https:\/\/api.w.org\/{rel}","templated":true}]}}