{"id":99609,"date":"2022-03-21T11:30:56","date_gmt":"2022-03-21T10:30:56","guid":{"rendered":"https:\/\/www.freiburg-schwarzwald.de\/blog\/?p=99609"},"modified":"2022-03-25T12:01:02","modified_gmt":"2022-03-25T11:01:02","slug":"bundestagsrede-emilia-fester","status":"publish","type":"post","link":"https:\/\/www.freiburg-schwarzwald.de\/blog\/bundestagsrede-emilia-fester\/","title":{"rendered":"Bundestagsrede Emilia Fester"},"content":{"rendered":"<p>Im <a href=\"https:\/\/www.freiburg-schwarzwald.de\/blog\/engagement\/zukunft\/demokratie\/parlament\/\">Parlament<\/a> spiegelt sich die Gesellschaft, sind in ihm doch die <a href=\"https:\/\/www.freiburg-schwarzwald.de\/blog\/repraesentative-demokratie\/\">Repr\u00e4sentanten<\/a> des <a href=\"https:\/\/www.freiburg-schwarzwald.de\/blog\/engagement\/zukunft\/demokratie\/volk\/\">Volkes<\/a> als <a href=\"https:\/\/www.freiburg-schwarzwald.de\/blog\/engagement\/zukunft\/demokratie\/souveraenitaet\/\">Souver\u00e4n<\/a> versammelt. Fr\u00fcher redeten hier Mitglieder des Bundestags (MdB&#8217;s) wie Herbert Wehner, Franz-Josef Strau\u00df und Helmut Schmidt &#8211; Fachleute allesamt und dabei voll spontaner Emotionalit\u00e4t. <!--more-->Heute plappern fachlich unkundige MdB&#8217;s voll geplanter Theatralik, wie zuletzt am 17.3.2022 die gr\u00fcne Emilia Fester (23), genannt Milla: <a href=\"https:\/\/youtu.be\/dhhWzUHrhJE\">https:\/\/youtu.be\/dhhWzUHrhJE<\/a><br \/>\nDiese Rede markiert einen Tiefpunkt im deutschen <a href=\"https:\/\/www.freiburg-schwarzwald.de\/blog\/engagement\/zukunft\/demokratie\/parlament\/parlamentarismus\/\">Parlamentarismus<\/a> &#8211; inhaltlich-sachlich sowie im Hinblick auf den gro\u00dfen Applaus, den Emilia Fester von allen Parteien bis auf eine erhielt<\/p>\n<p><em>Eine infantile Rede<\/em><br \/>\nIn ihrer <a href=\"https:\/\/www.freiburg-schwarzwald.de\/blog\/bildung\/infantil\/\">Infantilit\u00e4t<\/a> erinnert die Rede an ein <a href=\"https:\/\/www.freiburg-schwarzwald.de\/blog\/engagement\/zukunft\/demokratie\/naivitaet\/\">Kind<\/a>, das sich vor der Kasse kreischend am Boden w\u00e4lzt, weil Mamma ihm keinen Schokoriegel kauft. Milla kreischt: \u201cWenn sie sich h\u00e4tten impfen lassen, w\u00e4re ich heute frei!\u201d<br \/>\nDie Logik von Emilia Fester ist kindlich gr\u00fcn: Die Gegner der Corona-Ma\u00dfnahmen sind an den Folgen der Corona-Ma\u00dfnahmen schuld! Und &#8211; ach Mamma &#8211; sie hat in den vergangenen zwei Jahren keine fremden M\u00e4nner gek\u00fcsst, weil ein Gro\u00dfteil der AfD sich nicht hat impfen lassen.<\/p>\n<p><em>Eine faschistische Rede<\/em><br \/>\nIm <a href=\"https:\/\/www.freiburg-schwarzwald.de\/blog\/engagement\/zukunft\/demokratie\/faschismus\/\">Faschismus<\/a> (s.u. Buurmann) ist jeder Einzelne in seinem Streben nach individueller <a href=\"https:\/\/www.freiburg-schwarzwald.de\/blog\/engagement\/zukunft\/demokratie\/freiheit\/freiheitsrechte\/\">Freiheit<\/a> schuld daran, dass das Kollektiv nicht frei sein kann. Emilia Fester bezichtigte die ungeimpften Bundesb\u00fcrger, sie ihrer Freiheit beraubt zu haben. \u201eWenn Sie und Ihre Freund:innen der <a href=\"https:\/\/www.freiburg-schwarzwald.de\/blog\/freiheit-individuell-allgemein\/\">Freiheit<\/a> sich einfach h\u00e4tten impfen lassen, als die meisten von uns so vern\u00fcnftig waren und diesen einfachen Schritt gegangen sind, dann w\u00e4ren wir jetzt wieder frei\u201c. Die kollektive Freiheit (wir) rangiert vor der individuellen Freiheit (ich).<br \/>\nDabei kann man Frau Fester keinen Vorwurf machen: Dieses Kind ist nur das Ergebnis von Erziehung bzw. <a href=\"https:\/\/www.freiburg-schwarzwald.de\/blog\/bildung\/bildungsmisere\/\">Bildungssystem<\/a> der letzten Jahrzehnte. Man kann ihr allenfalls den Spiegel vorhalten, aber den wird bzw. kann sie in ihrer <a href=\"https:\/\/www.freiburg-schwarzwald.de\/blog\/engagement\/zukunft\/dummheit\/\">Dummheit<\/a> nicht sehen. Diejenigen, die das Kindchen zu dem gemacht haben, was es ist, sind die eigentlichen Macher. Es sind die Faschisten. Und wir sind die Dummen, die das zugelassen haben.<\/p>\n<p><em>Eine Rede voller L\u00fcgen<\/em><br \/>\n\u201eAls die Pandemie begann, war ich 21 (\u2026) ich hab innerhalb der vergangenen zwei Jahre aus Vorsicht und aus R\u00fccksicht das Folgende nicht gemacht: Ich war nicht in der Uni. Ich war nicht im Ausland. Ich hab kein Museum und auch kein Festival besucht. Ich hab nichtmal eine Person, die ich noch nicht kannte, gek\u00fcsst &#8230;\u201c<br \/>\nDass Emilia Fester nie an einer Uni war, liegt daran, da\u00df sie sich an keiner Hochschule hat einschreiben lassen. Im Ausland war sie sehr wohl: 2020 reiste sie nach D\u00e4nemark und teilte Bilder ihrer Reise stolz auf Instagram.<br \/>\nMdB Fester wird vom Steuerzahler monatlich f\u00fcnfstellig alimentiert. Doch sollte man sich nicht mit Danisch (s.u.) fragen: &#8222;Wer w\u00e4hlt so was?&#8220;<br \/>\n22.3.2022<br \/>\n.<\/p>\n<p><strong>Was ist eigentlich Faschismus?<\/strong><br \/>\n<strong>Eine Begriffs-Definition und die Rede einer gr\u00fcnen Bundestagsabgeordneten<\/strong><br \/>\nDer Faschismus ist eine Ideologie, die das Kollektiv, das alle anderen pers\u00f6nlichen Loyalit\u00e4ten \u00fcbersteigen soll, verherrlicht. &#8230; Der Faschismus zielt darauf ab, das gute und gesunde Kollektiv von andersartigen Kr\u00e4ften und Gruppen, die als Bedrohung der Gemeinschaft angesehen werden, zu reinigen. Der Faschismus wirft allen Kr\u00e4ften, die sich der kollektiven Unterwerfung widersetzen, vor, zersetzend zu sein und die Gesundheit, sowie das Wohlbefinden des Volkes zu gef\u00e4hrden. Der Faschismus behauptet, die \u201eFreunde der Freiheit\u201c seien schuld daran, dass das Kollektiv nicht frei sein kann. Der Faschismus negiert das Recht auf freie, pers\u00f6nliche Entscheidungen und tendiert dazu, das Individuum durch Zwang und Gewalt zu einer Teilnahme an der Erschaffung einer besseren und ges\u00fcnderen Welt zu verpflichten. Diesen Zwang nennt der Faschist \u201eSolidarit\u00e4t\u201c. &#8230;<br \/>\nDer Faschismus erkl\u00e4rt jedes Individuum, das sich nicht der Ideologie unterwirft, zum Abweichler, der Millionen Menschen in Gefahr bringt. Alles Schlechte der Welt wird dem politischen Gegner vorgeworfen. \u201eErst wenn alle den einfachen Schritt gehen, den auch ich gehe, erst wenn alle im Gleichschritt marschieren, k\u00f6nnen wir alle frei sein.\u201c<br \/>\n&#8230; Alles vom 17.3.2022 von Gerd Buurmann bitte lesen auf<br \/>\n<a href=\"https:\/\/tapferimnirgendwo.com\/2022\/03\/17\/was-ist-faschismus\/\">https:\/\/tapferimnirgendwo.com\/2022\/03\/17\/was-ist-faschismus\/<\/a><br \/>\n<a href=\"https:\/\/www.achgut.com\/artikel\/was_ist_eigentlich_faschismus\">https:\/\/www.achgut.com\/artikel\/was_ist_eigentlich_faschismus<\/a><\/p>\n<p>Einige Kommentare:<br \/>\n<strong>Hat Deutschland wirklich keine besseren Frauen als diese?<\/strong><br \/>\nEs ist grunds\u00e4tzlich gut, dass Vertreter und Vertreterinnen verschiedener Teile der Bev\u00f6lkerung im Parlament sitzen: jung, alt, M\u00e4nner, Frauen, M\u00fctter, V\u00e4ter und Alleinstehende; gebildet, weniger gebildet, aus Berufen mit sehr guter Bezahlung und weniger guten. Aber muss es gleich Kindergarten sein? Dieser hysterische, grotesk logigbefreite Auftritt von Frau Fester ist nur zum Fremdsch\u00e4men peinlich! Besonders als Frau! Daf\u00fcr haben Anita Augspurg, Lida Gustava Heymann, Hedwig Dohm u.a. nicht gek\u00e4mpft und gelitten! Hat Deutschland wirklich keine besseren Frauen als diese? Fester sollte mal einen Logik-Kurs besuchen und das Wort Pr\u00e4misse nachschlagen und \u00fcberlegen was falsche Pr\u00e4missen sind! \u201cWenn sie sich h\u00e4tten impfen lassen, w\u00e4re ich heute frei!\u201d ist so ziemlich der d\u00fcmmste, verdrehteste, propagandistischste, falscheste, manipulativste und hetzerischste Satz, den ich seit langem aus dem Bundestag geh\u00f6rt habe! Und dazu noch die hysterisch brechende Stimme! Wie im Irrenhaus! Wo bleibt die W\u00fcrde des Parlaments?<br \/>\n19.3.2022, J.B.<\/p>\n<p><strong>Mit Emilia Fester bekommt die Bezeichnung \u201cLetzte Generation\u201d<\/strong><br \/>\nendlich ein begriffserkl\u00e4rendes Gesicht.<br \/>\n19.3.2022, KDW<\/p>\n<p><strong>Der B\u00fcrger als verl\u00e4ngerter Arm des Staates &#8211; macht Faschismus m\u00f6glich<\/strong><br \/>\nWenn die Trennung von Staat und Gesellschaft aufgehoben ist, dann ist der Faschismus wieder da. Vor jeder Kneipe, B\u00e4ckerei, Kino oder Sportplatz sollte ein Polizist stehen und die Zugangsberechtigung (die f\u00fcr sich eine Unversch\u00e4mtheit ist) \u00fcberpr\u00fcfen &#8211; aber keinesfalls private Sicherheitsdienste oder gar die Besch\u00e4ftigten selbst des Betriebs vor Ort. Aber genau das wurde ins Werk gesetzt: Erst die Bereitschaft der B\u00fcrger zum verl\u00e4ngerten Arm des Staates zu werden, macht den Faschismus m\u00f6glich. Nur so dringt der Ungeist noch die letzte Ritze des gesellschaftlichen Lebens. Aus B\u00fcrgern werden Objekte, Versuchskaninchen, in die jeder Dreck gespritzt werden darf. Jedes, aber wirklich absolut jedes Mittel ist erlaubt, wenn nur das Ziel &#8211; die Zerst\u00f6rung der b\u00fcrgerlichen Welt samt individueller Freiheit erreicht wird.<br \/>\n19.3.2022, M.H.<\/p>\n<p><strong>Emilia Fester. Das Ergebnis zahlreicher linker Bildungsreformen<br \/>\n<\/strong>hat gesprochen. Alle sind gleich, niemand wird auf dem Weg in die totale Verbl\u00f6dung zur\u00fcckgelassen. Das war\u2019s dann. Zieht euch warm an.<br \/>\n19.3.2022, R.K.<\/p>\n<p><strong>Sehr geehrter Herr Buurmann, ein beliebter politischer Slogan der Nazis<br \/>\n<\/strong>\u00a0lautete: \u201cDu bist nichts, dein Volk ist alles.\u201d Das Einzige, das die Gutmenschen von heute seither dazu gelernt haben, ist offenbar, dass sie nicht mehr \u201cVolk\u201d sagen d\u00fcrfen, sondern wahlweise \u201cKultur\u201d, \u201cUmwelt\u201d oder gleich \u201cGemeinschaft\u201d sagen m\u00fcssen, wenn sie dasselbe meinen , wie die Nazis. So erkl\u00e4rt sich auch Frau Festers nur als symptomatisch zu bezeichnendes Abgrenzungsbed\u00fcrfnis gegen\u00fcber der AfD wie von selbst.<br \/>\n19.3.2022, B.D.<\/p>\n<p><strong>Faschismus<\/strong><br \/>\nSehr guter Artikel, danke Herr Buurmann! Eine kleine Erg\u00e4nzung: Hinter dem Wort \u201cFaschismus\u201d steckt das lateinische Wort \u201cfasces\u201d &#8211; das sind die Rutenb\u00fcndel, mit denen die Liktoren als r\u00f6mische B\u00fcttel anno pr\u00e4zumal das Volk von Roms Stra\u00dfen gekn\u00fcppelt haben, wenn der ehrenwerte r\u00f6mische Senat freie Fahrt \u00fcber das Forum zu haben gedachte. F\u00fcr mich ist in diesem Sinne Faschismus ebenfalls, die Leute im Sinne des Systems in Reih und Glied zu pr\u00fcgeln, verbal und physisch &#8211; das hat eine freiheitliche Demokratie NIEMALS n\u00f6tig!<br \/>\n19.3.2022, H-P.W,<\/p>\n<p><strong>Wer Faschismus live erleben will, gehe einfach auf einen Schulhof<br \/>\n<\/strong>Dort kommt er inzwischen aus vielen Richtungen, es gibt auch schwarze Quader mittendrin, und jene mit der gr\u00f6\u00dften Klappe ziehen direkt weiter ins Parlament. Eine Demokratie staunt dar\u00fcber, wie sie verf\u00e4llt und mit Corona &amp; Klima direkt im Faschismus aufwacht. \u201cDemokratie hei\u00dft, dass man gehorcht\u201d, trompetet der wei\u00dfhaarige KBW-Opa in Baden-W\u00fcrttemberg und Habeck tr\u00e4umt von chinesischen Entscheidungsbefugnissen. Die Kinder sind an der Macht, ihr Schulhof liegt direkt im Reichstag. Noch ist der Deutsche weit davon entfernt, auch nur eine Gehsteigkarte f\u00fcr den Bahnhof \u201cRevolution\u201d zu l\u00f6sen, niemand ist gutgl\u00e4ubiger als die deutsche Seele, die erst durch gewaltige Katastrophen klug wird.<br \/>\n19.3.2022, F.H.<\/p>\n<p><strong>Tscha, es wird immer sichtbarer, wohin der Abbau der Bildung<\/strong><br \/>\nbei gleichzeitig wachsender, linksgr\u00fcner Indoktrination in den Schulen f\u00fchrt. Ob man das Ergebnis \u201cfaschistisch\u201d oder \u201c\u00f6kopaxistisch\u201d oder wie auch immer nennt, ist schon weniger wichtig. Es wird auch immer sichtbarer, welche Milieus ein echtes Interesse am Ersatz der Bildung durch die richtige Haltung haben.<br \/>\n19.3.2022, G.M.<\/p>\n<p><strong>Linksfaschisten<\/strong><br \/>\nWas will man denn von einer Regierungspartei erwarten, deren Mitglieder sich vorwiegend aus Schul- und Studienabbrecher, ohne Ausbildung und Beruf, geschweige denn Berufs- und Lebenserfahrung, rekrutieren? Fester hat Abitur und macht was in \u201cTheater und Kultur\u201d &#8211; so weit so links, so woke &#8211; und sonst noch so? Fehlanzeige! Der Begriff des Faschismus wird meist mit \u201crechts\u201d konnotiert. Es gibt aber auch Linksfaschisten stramme Sozialisten, f\u00fcr die nur ihre Meinung und ihre Ansicht, die gleichgeschaltet mit der des Kollektivs ist, z\u00e4hlt. Fester ist daf\u00fcr ein Beispiel par excellence.<br \/>\n19.3.2022, R.S.<\/p>\n<p><strong>Der \u00d6ko-Faschismus beginnt!<\/strong><br \/>\nFaschismus ist eine konkrete Herrschaftsauspr\u00e4gung, in der sich alle anderen sklavisch einer F\u00fchrungspers\u00f6nlichkeit unterordnen. Alle sozialistischen Systeme endeten bisher so. Da die untauglichen Ideen des 19. Jahrhunderts immer im wirtschaftlichen Niedergang enden, braucht es irgendwann eine starke Hand, die das zunehmed leidende Volk niederh\u00e4lt. Die Sozialisten des 20. Jahrhunderts waren allerdings wirtschaftsfreundlich, weshalb sich der Niedergang \u00fcber Jahrzehnte hinzog. Die \u00d6ko-Sozialisten des 21. Jahrhunderts dagegen sind offen wirtschaftsfeindlich. Da dauert es dann nur noch 10 Jahre, bis hier die Lichter ausgehen; und das ist w\u00f6rtlich gemeint! Diese Weltuntergangssekte krimineller Flagellanten hetzt fanatisierte, verzichtspredigende Jugendliche in einen Kinderkreuzzug gegen unseren Wohlstand. Wie der zunehmende Widerstand gegen die Corona-Beschr\u00e4nkungen zeigt, verliert selbst die allgegenw\u00e4rtigste Verzichtspropaganda aber irgendwann ihre Wirkung. Wenn wegen immer weiter sinkendem Lebensstandard die Unzufriedenheit im Volk steigt, m\u00fcssen die Daumenschrauben angezogen werden: Der \u00d6ko-Faschismus beginnt!<br \/>\n19.3.2022, F.B.<br \/>\nEnde Kommentare<br \/>\n.<br \/>\n.<br \/>\n<strong>Peinliche Posse einer Polit-Novizin: \u201eKeine Impfpflicht ist eine Zumutung!\u201c<br \/>\n23-j\u00e4hrige Gr\u00fcnen-Abgeordnete gl\u00e4nzt mit stark eingeschr\u00e4nktem Demokratieverst\u00e4ndnis.<\/strong><br \/>\n&#8230; Zu ihrer Unbedarftheit passt ihr blindes Vertrauen in die nach wie vor nur bedingt zugelassenen Impfstoffe: \u201eWir haben etwas gefunden, das uns sch\u00fctzen kann. Deshalb will ich meine Freiheit zur\u00fcck, ich will sie zur\u00fcck!\u201c, geiferte das j\u00fcngste Bundestagsmitglied. Nicht eine m\u00f6gliche Impfpflicht sei eine Zumutung, sondern keine Impfpflicht zu beschlie\u00dfen.<br \/>\n&#8230; Alles vom 19.3.2022 bitte lesen auf<br \/>\n<a href=\"https:\/\/reitschuster.de\/post\/peinliche-posse-einer-polit-novizin-keine-impfpflicht-ist-eine-zumutung\/\">https:\/\/reitschuster.de\/post\/peinliche-posse-einer-polit-novizin-keine-impfpflicht-ist-eine-zumutung\/<\/a><br \/>\n.<br \/>\n<strong>Hardmut Danisch: &#8222;Wer w\u00e4hlt so was?&#8220;<\/strong><br \/>\n&#8230; Sagen wir es mal so: Ich habe ja im Lauf der letzten 45 Jahre schon viele peinliche Momente aus dem Bundestag mitbekommen, aber dieser hier, der ist der allerpeinlichste bisher. Ist das wirklich eine Parlamentarierin?<br \/>\n&#8230; Alles vom 19.3.2022 bitte lesen auf<br \/>\n<a href=\"https:\/\/www.danisch.de\/blog\/2022\/03\/18\/die-gruene-emilia-fester\/#more-48643\">https:\/\/www.danisch.de\/blog\/2022\/03\/18\/die-gruene-emilia-fester\/#more-48643<\/a><br \/>\n<strong>\u00dcberemotionale Rede zur Impfpflicht: Generation \u201eIch, ich, ich\u201c im Bundestag<\/strong><br \/>\n&#8230; Viele von uns haben es in den letzten zwei Jahren deutlich schwerer gehabt als eine Theater-Assistentin, die sich mit Freunden eine Deutschland- und D\u00e4nemarkreise erlauben kann. Das wirkliche Leid junger Leute unter den Pandemiema\u00dfnahmen (das weit \u00fcber fehlende Parties und K\u00fcsse hinausgeht) verkommt zum Podest, auf das sich Frau Fester zur Selbstdarstellung platziert. Daf\u00fcr, dass Fester die Impfpflicht mit Solidarit\u00e4t und Verantwortung f\u00fcr die Gemeinschaft begr\u00fcndet, redet sie viel von sich selbst. \u201eIch war\u201c, \u201eIch fordere\u201c \u2013 ich, ich, ich zu kreischen, best\u00e4tigt leider die schlechtesten Vorurteile \u00fcber meine Generation. Frau Fester geht es vor allem um sich selbst \u2013 mit einer Rede voller Falschaussagen und gef\u00fchlter Wahrheiten hat sie sich zumindest einen Namen gemacht. Angeblich nehmen die Ungeimpften ihr ihre Freiheit: Die Freiheit, faktenfrei zu Schwurbeln, lies sich die junge, starke Frau Fester jedenfalls nicht nehmen. Und ehrlich: Eine Gesellschaft, in der Toleranz, Freiheit und Selbstverantwortung nur noch Fremdw\u00f6rter sind \u2013 das ist mit Sicherheit nicht die, in der wir zuk\u00fcnftig leben wollen.<br \/>\n&#8230; Alles vom 19.3.2022 von Max Rolland bitte lesen auf<br \/>\n<a href=\"https:\/\/www.tichyseinblick.de\/meinungen\/gruenen-abgeordnete-fester-bundestag\/\">https:\/\/www.tichyseinblick.de\/meinungen\/gruenen-abgeordnete-fester-bundestag\/<\/a><br \/>\n.<br \/>\n<em>Max Roland ist 21 Jahre alt und Student aus Bremen. Er ist Autor beim Jugendmagazin Apollo News. Heute wird die TE-Seite von Autoren unter 25 Jahren gemacht.<\/em><br \/>\n.<br \/>\nKommentare:<br \/>\n<strong>Frau Fester reitet \u00e4ltesten rhetorischen Trick der BRD: \u201etoxischer Kontakt\u201c.<\/strong><br \/>\nMan muss unliebsame Personen \/Gruppen in Verbindung mit \u201eRechts\u201c bringen, dann hat man Mehrheiten, denn niemand kann es sich leisten \u201enicht gegen rechts zu sein\u201c.<br \/>\nHier sieht man den zerst\u00f6rerischen Einfluss der Politisierung auf die genuin wissenschaftliche Impfdiskussion: das begreifen leider sowohl wenige Bef\u00fcrworter als auch zu wenige Kritiker der Impfidee.<br \/>\nWenn Parteien im Bundestag f\u00fcr die Impfung stimmen, weil sie der AFD eins auswischen wollen, dann muss man dies als folgerichtiges Ergebnis dieser perfiden rhetorischen Taktik res\u00fcmieren.<br \/>\nWer auf diesen intellektuellen Kurzschluss hereinf\u00e4llt, sollte bedenken, dass die Folgen von Corona\/der Impfung nicht entsprechend politischer Pr\u00e4ferenz eintreten. Auch ein Mitglied der z.B. Gr\u00fcnen k\u00f6nnte einen Impfschaden erleiden, sp\u00e4testens zu diesem Zeitpunkt w\u00fcnscht auch dieser sich eine freie Faktendiskussion, frei von Polit-Agitation egal von wem. Allein medizinisch motiviert.<br \/>\n23.3.2022, H.H.<\/p>\n<p><strong>Bei Abtreibungsfans \u201eMy Body, my Choice&#8220;, beim Impfen das Gegenteil<\/strong><br \/>\nNormalerweise sagt der Volksmund: \u201eIch bin nichts, ich kann nichts, gebt mir eine Uniform\u201c, was bei vielen Bildern bspw. in Berlin oder in M\u00fcnchen durchaus Berechtigung hat, wenn die \u201ePandemiehelden\u201c ihre Aggressionen an \u201ealten wei\u00dfen M\u00e4nnern\u201c (und Frauen) ausleben.<br \/>\nFester ist dagegen der Prototyp einer neuen Generation verst\u00f6rter Kinder der Form \u201eIch bin nichts, ich kann nichts, gebt mir ein Bundestagsmandat\u201c (besonders bei den Gr\u00fcnen), die Intelligenz durch Militanz ersetzt. Fester tanzt nicht nur ihren Namen, sondern das gesamte Parteiprogramm der Gr\u00fcnen. Ihre Reden sind so geschwollen vor Schwachsinn und emotionalen Hass, dass selbst Honecker dagegen noch intelligent wirkt.<br \/>\nFr\u00fcher hie\u00df es bei den Abtreibungsfans noch \u201eMy Body, my Choice\u201c, ganz besonders bei den Gr\u00fcnen \u2013 heute quaken sie bei der Impfpflicht das genaue Gegenteil davon. Wie es gerade pol. passt.<br \/>\n23.3.2022, Tes<br \/>\nEnde Kommentare<\/p>\n<p>.<br \/>\n<strong>Das unterirdische Niveau der Impfdebatte<\/strong><br \/>\nDas weiter unten verlinkte Video (von Emilia Fester) ist aus mehreren Gr\u00fcnden symptomatisch: Zum einen entbl\u00f6\u00dft es gnadenlos den intellektuellen Zustand von Teilen der Gr\u00fcnen \u2013 auch unterhalb der politisch hochproblematischen gr\u00fcnen F\u00fchrungsebene. Zum anderen transportiert es in besonders unversch\u00e4mter Form das nun allerorten vorgebrachte \u201eArgument\u201c, nach dem die Gegner der Corona-Politik indirekt verantwortlich f\u00fcr die gesellschaftlichen Folgen eben jener Corona-Politik seien.<br \/>\nCorona-Politiker wollen sich wei\u00dfwaschen: Ein gro\u00df angelegter Versuch der eigenen Wei\u00dfwaschung ist aber auch dar\u00fcber hinaus festzustellen. Umgesetzt wird er durch die f\u00fcr Lockdowns, maskierte Kinder, soziale Verwerfungen, 2G-Spaltungen, Demo-Verbote und einsam Sterbende verantwortlichen Bundestagsparteien und durch ihre Mitl\u00e4ufer unter den B\u00fcrgern. Das sture Beharren auf einer allgemeinen Impfpflicht ist vermutlich auch Teil eines Versuchs, die eigenen (Un-)Taten r\u00fcckwirkend abzuschirmen: \u201eSeht her, wie extrem gef\u00e4hrlich das Virus war und ist: Wir m\u00fcssen sogar jetzt noch eine Impfpflicht einf\u00fchren. Angesichts dieser (durch die Impfpflicht anscheinend bewiesenen) Gefahr wird auch unsere Corona-Politik r\u00fcckwirkend gerechtfertigt.\u201c Man muss dieses Beharren als Akt der gef\u00e4hrlichen Rechthaberei einordnen. Nicht nur Norbert H\u00e4ring bezeichnet eine Impfpflicht ab 18 Jahren als \u201eein Verbrechen an jungen Menschen\u201c.<br \/>\n&#8230; Alles vom 18.3.2022 bitte lesen auf<br \/>\n<a href=\"https:\/\/www.nachdenkseiten.de\/?p=82041\">https:\/\/www.nachdenkseiten.de\/?p=82041<\/a><\/p>\n<p><strong>Leserbriefe zu \u201eDas unterirdische Niveau der Impfdebatte\u201c<\/strong><br \/>\nSehr geehrtes Redaktionsteam der Nachdenkseiten, nach der bemerkenswerten Rede der jungen Bundestagsabgeordneten Emilia Fester gab es sowohl Zuspruch als auch hasserf\u00fcllte Kritik. Mich selbst hat das gro\u00dfe Unwissen und die v\u00f6llige Ignoranz von wissenschaftlichen Fakten sowie der zutage tretende Egoismus tief ersch\u00fcttert. Daher habe ich einen Brief an Frau Fester verfasst, den ich gerne auch als offenen Brief ver\u00f6ffentlichen w\u00fcrde. Der Brief ist respektvoll, pers\u00f6nlich und doch sachlich, ganz bewusst ist er \u2013 im Gegensatz zur Rede von Frau Fester \u2013 frei von Ironie, Polemik, Hass und Hetze.<br \/>\nMit herzlichen Gr\u00fc\u00dfen L. R. Hier folgt der Brief an Emilia Fester [PDF]<br \/>\n<a href=\"https:\/\/www.nachdenkseiten.de\/wp-content\/uploads\/2022\/03\/20220324_Fester_Brief.pdf\">https:\/\/www.nachdenkseiten.de\/wp-content\/uploads\/2022\/03\/20220324_Fester_Brief.pdf<\/a><br \/>\n.<br \/>\nIch frage mich nicht nur wie es eine so lebenserfahrene Frau wie Emilia Fester in den Bundestag schafft, sondern auch dar\u00fcber hinaus wie manche Menschen es in derartige Positionen schaffen wie z.B. Gr\u00fcnen-Chefin Ricarda Lang, Au\u00dfenministerin Annalena Baerbock, Gesundheitsminister Karl Lauterbach (Ungeimpfte nehmen ganz Deutschland in Geiselhaft!), Bundeskanzler Olaf Scholz (CumEx-Skandal) oder Fraktionschef Friedrich Merz (BlackRock), um vorbei an den Bed\u00fcrfnissen von \u00fcber 80.000.000 Menschen (die diese f\u00fcrstlich bezahlen) Entscheidungen zu treffen? Meine Meinung dazu ist, dass eine meines Erachtens mehrheitlich politisch unm\u00fcndige\/hirntote (entpolitisierte) Bev\u00f6lkerung genau das bekommt was sie verdient \u2013 das hei\u00dft auch, den (neuen) Faschismus nicht mehr zu erkennen wenn er \u2013 bis zur Unkenntlichkeit verkleidet \u2013 mit einem Stetoskop um den Hals und einem PCR-Test in der Tasche vor einem steht und um Einlass bittet! Hier muss man m.E. ganz von vorne beginnen! Wie w\u00e4re es z.B. mit einem Zeichentrickfilm unter der Regie von Dietrich Bonhoeffer.<br \/>\nBonhoeffers Theorie der Dummheit: <a href=\"https:\/\/youtu.be\/wnhL1W9dj1w\">https:\/\/youtu.be\/wnhL1W9dj1w<\/a><br \/>\n24.3.2022, A.R.<br \/>\n&#8230; Alles vom 24.3.2022 bitte lesen auf<br \/>\n<a href=\"https:\/\/www.nachdenkseiten.de\/?p=82255\">https:\/\/www.nachdenkseiten.de\/?p=82255<\/a><\/p>\n<p>.<br \/>\n<strong>G\u00f6re, G\u00f6re, dumme G\u00f6re! \u2013 Ein unsachlicher Kommentar<\/strong><br \/>\nDa ist er wieder, der Sexismus-Vorwurf. Nachdem Emilia Fester (die Gr\u00fcnen) im Bundestag eine schauspielerisch m\u00e4\u00dfige, aber h\u00f6chst auff\u00e4llige Vorstellung hingelegt hat, ist das arme Ding jetzt in der Opferrolle gefangen, oder besser: aufgenommen worden.<br \/>\n&#8230;<br \/>\nEs reicht einfach mal! Seit Jahren werden Menschen mit abweichenden Meinungen beleidigt, bedroht, durch Rufmord diffamiert, als Nazis und Antisemiten dargestellt, vom Bundesnachrichtendienst beobachtet, von der Politik beschimpft, von den Medien als Leugner bezeichnet und von \u201eder \u201e Wissenschaft als ahnungslose Idioten verhetzt. Und jetzt sollen alle nett und artig sein und Verst\u00e4ndnis f\u00fcr eine G\u00f6re haben, die nicht nur keine Sachkenntnis hat, sondern der Meinung ist, mal den G\u00fcrtel benutzen zu wollen, um diesen verdammten Impfgegnern den Arsch zu versohlen?<br \/>\n&#8230; Alles vom 19.3.2022 bitte lesen auf <a href=\"https:\/\/theplattform.net\/de\/kanal\/neulandrebellen\/goere-goere-dumme-goere-ein-unsachlicher-kommentar?highlight=WyJnXHUwMGY2cmUiXQ==\">https:\/\/theplattform.net\/de\/kanal\/neulandrebellen\/goere-goere-dumme-goere-ein-unsachlicher-kommentar?highlight=WyJnXHUwMGY2cmUiXQ==<\/a><\/p>\n<p>&nbsp;<\/p>\n","protected":false},"excerpt":{"rendered":"<p>Im Parlament spiegelt sich die Gesellschaft, sind in ihm doch die Repr\u00e4sentanten des Volkes als Souver\u00e4n versammelt. Fr\u00fcher redeten hier Mitglieder des Bundestags (MdB&#8217;s) wie Herbert Wehner, Franz-Josef Strau\u00df und Helmut Schmidt &#8211; Fachleute allesamt und dabei voll spontaner Emotionalit\u00e4t.<\/p>\n","protected":false},"author":2,"featured_media":0,"comment_status":"open","ping_status":"closed","sticky":false,"template":"","format":"standard","meta":{"footnotes":""},"categories":[18,60,13],"tags":[633,781,682,525,500],"class_list":["post-99609","post","type-post","status-publish","format-standard","hentry","category-bildung","category-jugend","category-kultur","tag-demokratie","tag-feschis","tag-freiheit","tag-politik","tag-wahl"],"_links":{"self":[{"href":"https:\/\/www.freiburg-schwarzwald.de\/blog\/wp-json\/wp\/v2\/posts\/99609","targetHints":{"allow":["GET"]}}],"collection":[{"href":"https:\/\/www.freiburg-schwarzwald.de\/blog\/wp-json\/wp\/v2\/posts"}],"about":[{"href":"https:\/\/www.freiburg-schwarzwald.de\/blog\/wp-json\/wp\/v2\/types\/post"}],"author":[{"embeddable":true,"href":"https:\/\/www.freiburg-schwarzwald.de\/blog\/wp-json\/wp\/v2\/users\/2"}],"replies":[{"embeddable":true,"href":"https:\/\/www.freiburg-schwarzwald.de\/blog\/wp-json\/wp\/v2\/comments?post=99609"}],"version-history":[{"count":4,"href":"https:\/\/www.freiburg-schwarzwald.de\/blog\/wp-json\/wp\/v2\/posts\/99609\/revisions"}],"predecessor-version":[{"id":99621,"href":"https:\/\/www.freiburg-schwarzwald.de\/blog\/wp-json\/wp\/v2\/posts\/99609\/revisions\/99621"}],"wp:attachment":[{"href":"https:\/\/www.freiburg-schwarzwald.de\/blog\/wp-json\/wp\/v2\/media?parent=99609"}],"wp:term":[{"taxonomy":"category","embeddable":true,"href":"https:\/\/www.freiburg-schwarzwald.de\/blog\/wp-json\/wp\/v2\/categories?post=99609"},{"taxonomy":"post_tag","embeddable":true,"href":"https:\/\/www.freiburg-schwarzwald.de\/blog\/wp-json\/wp\/v2\/tags?post=99609"}],"curies":[{"name":"wp","href":"https:\/\/api.w.org\/{rel}","templated":true}]}}