{"id":99573,"date":"2022-03-23T15:12:44","date_gmt":"2022-03-23T14:12:44","guid":{"rendered":"https:\/\/www.freiburg-schwarzwald.de\/blog\/?p=99573"},"modified":"2022-03-24T15:28:13","modified_gmt":"2022-03-24T14:28:13","slug":"sechs-lng-tankschiffe-pro-tag","status":"publish","type":"post","link":"https:\/\/www.freiburg-schwarzwald.de\/blog\/sechs-lng-tankschiffe-pro-tag\/","title":{"rendered":"Sechs LNG-Tankschiffe pro Tag?"},"content":{"rendered":"<p>2000 Gastanker mit je 140.000 m3 <a href=\"https:\/\/www.freiburg-schwarzwald.de\/blog\/energie\/gas\/\">Fl\u00fcssiggas<\/a> m\u00fcssten pro Jahr von Katar, USA oder sonstwo nach Deutschland fahren, um das russische <a href=\"https:\/\/www.freiburg-schwarzwald.de\/blog\/global\/eu\/green-deal\/\">R\u00f6hrengas<\/a> zu ersetzen. Also fast 6 Tankschiffe pro Tag. Dabei sind derzeit weder die Schiffe zum wahrlich <a href=\"https:\/\/www.freiburg-schwarzwald.de\/blog\/natur\/klima\/co2\/\">CO\u2082<\/a>-intensiven Transport noch die H\u00e4fen zum L\u00f6schen des LNG (Liquefied Natural Gas) verf\u00fcgbar.<!--more--> Ungeachtet all dessen verk\u00fcndet Habeck seinen Katar-Deal als Rettung. Wo bleibt die <a href=\"https:\/\/www.freiburg-schwarzwald.de\/blog\/bildung\/wissenschaft\/mathematik\/\">Mathematik<\/a>? Und wo bleibt die gr\u00fcne <a href=\"https:\/\/www.freiburg-schwarzwald.de\/blog\/global\/deutschland\/moral2015\/moralismus\/\">Moralideologie<\/a>?<\/p>\n<p>Nach der R\u00fcckkehr aus Katar rechtfertigte sich Wirtschaftsminister Habeck (siehe ganz unten): Zwischen einem <em>\u201enicht demokratischen Staat, bei dem die Situation der Menschenrechte problematisch ist, und einem autorit\u00e4ren Staat, der einen aggressiven, v\u00f6lkerrechtswidrigen Krieg vor unserer Haust\u00fcr f\u00fchrt, gibt es noch mal einen Unterschied\u201c<\/em> . In Sachen \u201eWording\u201c sind die Gr\u00fcnen eben gut. Sagte der gr\u00fcne Bundeslandwirtschaftsminister Cem \u00d6zdemir doch <em>\u201eWir Gr\u00fcnen unterscheiden nicht zwischen guten und schlechten Diktatoren, wie es uns gerade gef\u00e4llt.\u201c<\/em><br \/>\nWirklich? Nicht von ungef\u00e4hr war es Rot-Gr\u00fcn, das Deutschland in den ersten Angriffskrieg nach 1945 gegen <a href=\"https:\/\/www.freiburg-schwarzwald.de\/blog\/global\/kosovo\/\">Jugoslawien<\/a> f\u00fchrte &#8211; Gr\u00fcne Politik steht f\u00fcr L\u00fcge, Zynismus und Heuchelei.<br \/>\nJa, auf das \u201eWording\u201c kommt es bei den <a href=\"https:\/\/www.freiburg-schwarzwald.de\/blog\/vereine\/partei\/gruene\/gruene2021\/\">Gr\u00fcnen<\/a> an. Wie m\u00e4chtig Worte sind, wusste schon der alte Goethe &#8211; Faust I \/ Mephistopheles:<br \/>\n<em>&#8222;Schon gut! Nur mu\u00df man sich nicht allzu \u00e4ngstlich qu\u00e4len;<\/em><br \/>\n<em>Denn eben wo Begriffe fehlen,<\/em><br \/>\n<em>Da stellt ein Wort zur rechten Zeit sich ein.<\/em><br \/>\n<em>Mit Worten l\u00e4\u00dft sich trefflich streiten,<\/em><br \/>\n<em>Mit Worten ein System bereiten,<\/em><br \/>\n<em>An Worte l\u00e4\u00dft sich trefflich glauben,<\/em><br \/>\n<em>Von einem Wort l\u00e4\u00dft sich kein Jota rauben&#8230;&#8220;<\/em><br \/>\n.<br \/>\nWenn sich Deutschland <a href=\"https:\/\/www.freiburg-schwarzwald.de\/blog\/stromkrise-framing-kernkraft\/\">unabh\u00e4ngig(er)<\/a> machen will von den russischen Energieimporten, dann geht dies nur \u00fcber die <a href=\"https:\/\/www.freiburg-schwarzwald.de\/blog\/energie\/akw\/kernkraft\/\">Kernkraft<\/a>. Die Entscheidung zum <a href=\"https:\/\/www.freiburg-schwarzwald.de\/blog\/energie\/akw\/atomausstieg\/\">Atomausstieg<\/a> muss r\u00fcckg\u00e4ngig gemacht werden:<br \/>\n1. Eine preiswerte und zuverl\u00e4ssige Stromversorgung ist Voraussetzung daf\u00fcr, dass Deutschland als Industriestandort erfolgreich ist.<br \/>\n2. F\u00fcr die Probleme von <a href=\"https:\/\/www.freiburg-schwarzwald.de\/blog\/stromkrise-framing-kernkraft\/\">Kernkraftwerken<\/a>, n\u00e4mlich Sicherheit und Atom-M\u00fcll, zeichnen sich L\u00f6sungen ab, n\u00e4mlich Fl\u00fcssigsalz-Reaktoren und nukleare Transmutation.<br \/>\n3. Der deutsche Sonderweg in Europa ist nicht mehr begr\u00fcndbar. Frankreich setzt auf <a href=\"https:\/\/www.freiburg-schwarzwald.de\/blog\/elon-musk-und-bill-gates-akw\/\">Akw&#8217;s<\/a> mehr denn je. Belgien hat den Akw-Ausstieg r\u00fcckg\u00e4ngig gemacht.<\/p>\n<p>Die Turbulenzen um die gr\u00fcne &#8222;wertegeleitete Politik&#8220; von Habeck und Baerbock zeigen: Sobald diese in der Realit\u00e4t angekommen ist, setzt sich die Erkenntnis durch: Deutschland als <a href=\"https:\/\/www.freiburg-schwarzwald.de\/blog\/business\/export\/\">exportorientierte<\/a> Industrienation mu\u00df mit allen L\u00e4ndern Handel treiben, ohne diese dabei irgendwie moralisch <a href=\"https:\/\/www.freiburg-schwarzwald.de\/blog\/engagement\/zukunft\/demokratie\/nudging\/\">erziehen<\/a> zu wollen.<\/p>\n<p>Zur gr\u00fcnen Realpolitik ganz aktuell: In J\u00e4nschwalde haben die Deutsche Umwelthilfe (DUH) und die Klima-NGO ClientEarth &#8211; mit der \u00d6ko-Lobby der Gr\u00fcnen gut verdrahtet &#8211; auf dem Klageweg am 22.3.2022 erreicht, da\u00df der dortige Braunkohletagebau den Betrieb einstellen mu\u00df (siehe unten). Es klingt wie Hohn: Der Wirtschaftsminister fliegt nach Katar, um dort flaschenweise Gas zu bestellen, w\u00e4hrend er hierzulande <a href=\"https:\/\/www.freiburg-schwarzwald.de\/blog\/energie\/kohle\/\">Braunkohle<\/a> abstellt- die eine Energiequelle so fossil wie die andere. Interessant: Sahra Wagenknecht \u00e4u\u00dfert sich zum &#8222;gr\u00fcnen B\u00fcckling&#8220; (siehe ganz unten).<br \/>\n23.3.2022<br \/>\n.<\/p>\n<p><strong>Mitten in der Krise: Die DUH legt Deutschlands drittgr\u00f6\u00dftes Kraftwerk lahm<\/strong><br \/>\nAb 15. Mai sollen die Kohlebagger im Tagebau J\u00e4nschwalde stillstehen, alle Bl\u00f6cke des Kraftwerks J\u00e4nschwalde m\u00fcssen abgeschaltet werden. Denn aus dem angrenzenden Tagebau darf kein Grundwasser mehr abgepumpt werden. Das Cottbusser Verwaltungsgericht gab jetzt einem entsprechenden Eilantrag recht.<br \/>\nDer Betreiber des Tagebaues, die Lausitz Energie Bergbau AG (LEAG), pumpe angeblich zu viel Grundwasser ab. Aus dem Braunkohletagebau J\u00e4nschwalde muss Wasser abgepumpt werden, sonst w\u00fcrde der Tagebau voll laufen. Das soll der Betreiber jetzt nicht mehr d\u00fcrfen, obwohl eine entsprechende wasserrechtliche Erlaubnis vorliegt. Die Grundwasserabsenkung f\u00fcr die Tagebaue sorgt \u00fcbrigens auch f\u00fcr die Wasserhaltung der Spree. In trockenen Sommern wie dem vergangenen kommen 70 Prozent des Spreewassers aus den Tagebauen der Lausitz.<\/p>\n<p><em><strong>Die Ideologie greift ein sauberes und modernes Kraftwerk an<\/strong><\/em><br \/>\nDies ist ein weiteres Ergebnis einer langen Klageserie um eine angeblich \u00fcberm\u00e4\u00dfige Wasserentnahme aus dem Braunkohletagebau in der Lausitz. Geklagt hatten der Abmahnverein \u00bbDeutsche Umwelthilfe e.V.\u00ab (DUH) und die \u00bbGr\u00fcne Liga\u00ab, ein omin\u00f6ser kleiner Verein, der irgendwie noch aus alten Nachwendezeiten \u00fcbrig blieb und sein Geld mit Klagen gegen Energieversorgung und f\u00fcr einen \u00bbnachhaltigen Umbau des Energiesystems\u00ab verdient.<br \/>\n&#8230; Alles vom 23.3.2022 bitte lesen auf<br \/>\n<a href=\"https:\/\/www.tichyseinblick.de\/wirtschaft\/mitten-in-der-krise-die-duh-legt-deutschlands-drittgroesstes-kraftwerk-lahm\/\">https:\/\/www.tichyseinblick.de\/wirtschaft\/mitten-in-der-krise-die-duh-legt-deutschlands-drittgroesstes-kraftwerk-lahm\/<\/a><\/p>\n<p><a href=\"https:\/\/www.freiburg-schwarzwald.de\/blog\/wp-content\/uploads\/2022\/03\/habeck-katar-gas20220321.jpg\"><img loading=\"lazy\" decoding=\"async\" class=\"alignnone size-full wp-image-99574\" src=\"https:\/\/www.freiburg-schwarzwald.de\/blog\/wp-content\/uploads\/2022\/03\/habeck-katar-gas20220321.jpg\" alt=\"\" width=\"610\" height=\"343\" srcset=\"https:\/\/www.freiburg-schwarzwald.de\/blog\/wp-content\/uploads\/2022\/03\/habeck-katar-gas20220321.jpg 610w, https:\/\/www.freiburg-schwarzwald.de\/blog\/wp-content\/uploads\/2022\/03\/habeck-katar-gas20220321-180x101.jpg 180w\" sizes=\"auto, (max-width: 610px) 100vw, 610px\" \/><\/a><\/p>\n<p><em>Habeck&#8217;s &#8222;gr\u00fcner B\u00fcckling&#8220; in Katar: Als Donald Trump 2018 vor der UN-Vollversammlung prophezeite, dass Deutschland vom russischen Gas abh\u00e4ngig sein werde, lachten Aussenminister Heiko Maas und Gr\u00fcnenvorsitzender Robert Habeck noch. Heute geht Letzterer bei islamistischen Staaten betteln.<\/em><\/p>\n<p><strong>Gr\u00fcne Ideologie in der Sackgasse: Habeck in Katar<\/strong><br \/>\nDieses Foto, das j\u00fcngst aus Katar um die Welt ging, ist ein Abbild des Zeitgeistes: Vizekanzler Robert Habecks Haltung gegen\u00fcber dem Terrorscheich zeigt, wie er sich gleichzeitig beugen und \u00fcber sich hinauswachsen will. Der Katzbuckel als verrutschtes Symbol f\u00fcr die Augenh\u00f6he, mit der der Bittsteller zu verhandeln glaubt. Am Ende dieses peinlichen Auftritts wird sich Habeck bescheinigen, Erfolg gehabt zu haben. \u201eGro\u00dfartig\u201c findet der Minister seinen Deal: Katar wird k\u00fcnftig Fl\u00fcssiggas liefern. Damit will Habeck so etwas wie die Pest mit der Cholera austreiben, denn er findet die Cholera weniger t\u00f6dlich.<br \/>\n&#8230;.<br \/>\nWas Habeck als \u201enicht demokratisch\u201c verharmlost, bedeutet, dass in Katar die Menschenrechte nicht mit F\u00fc\u00dfen getreten werden \u2013 man benutzt hier die Peitsche.<br \/>\nKatar f\u00fchrt zwar aktuell keinen Krieg, empf\u00e4ngt dennoch aus Deutschland und den USA Waffen, obwohl sich das Land als den eigentlichen Vertreter des Wahhabismus, einer im Kern totalit\u00e4ren Variante des radikalen Islamismus versteht.<br \/>\nKatar finanziert Terrorbewegungen im Iran, B\u00fcndnispartner des Scheichtums, finanziert die Hamas, die Israel aus der Landkarte bomben will. Katar ist au\u00dferdem ein enger Partner Chinas und, um das Ma\u00df der Peinlichkeit voll zu machen, strategisch auch ein Partner Putins, der in der Ukraine jenen v\u00f6lkerrechtswidrigen Angriffskrieg f\u00fchrt.<br \/>\nUnd das alles, weil die Gr\u00fcnen ums Verrecken nicht einen Fehler eingestehen, geschweige denn korrigieren k\u00f6nnen. Der Europ\u00e4ische Weg f\u00fchrt l\u00e4ngst zur\u00fcck zur Kernenergie. Wie Habeck mit seinem B\u00fcckling tief gesunken ist<br \/>\n,.. Alles vom 22.3.2022 von Vera Lengsfeld bitte lesen auf<br \/>\n<a href=\"https:\/\/vera-lengsfeld.de\/2022\/03\/21\/gruene-ideologie-in-der-sackgasse\/#more-6452\">https:\/\/vera-lengsfeld.de\/2022\/03\/21\/gruene-ideologie-in-der-sackgasse\/#more-6452<\/a><\/p>\n<p>Einige Kommentare:<br \/>\n<strong>Wir m\u00fcssen mit der Welt handeln, wie sie ist &#8230;<\/strong><br \/>\nFrau Lengsfeld, ob die Initiative von Habeck sinnvoll ist: ich wei\u00df es nicht. Was ich aber wei\u00df, ist, dass wir unsere Au\u00dfenbeziehungen nicht auf westliche Demokratien beschr\u00e4nken k\u00f6nnen. Wir *m\u00fcssen* mit der Welt handeln, wie sie ist, auch wenn dort unsere Vorstellungen von Menschenrechen nicht verwirklicht sind. \u2013 Schlimmer ist, dass wir die Hamas DIREKT finanzieren. Das k\u00f6nnte man mal beenden.<br \/>\n22.3.2022, M.D.<\/p>\n<p><strong>Jep, auf exakt 2,00\u20ac Superpreis liegen 1,32\u20ac Steuern und Abgaben,<\/strong><br \/>\nd.h. 0,68\u20ac bleiben f\u00fcr den Mineral\u00f6lkonzern, der davon auch Personal (da f\u00e4llt dann nochmal Lohnsteuer an), Tankstellen, Vertrieb,Investitionen usw. finanzieren mu\u00df.<br \/>\nDas Beste ist aber, da\u00df die Umsatzsteuer zus\u00e4tzlich auf die bereits enthaltene Mineral\u00f6lsteuer, \u00d6kosteuer und CO2-Abgabe anf\u00e4llt, also selbst bei gleichbleibender Marge f\u00fcr den Konzern nur durch die neue CO2-Abgabe auch die Umsatzsteuer gestiegen ist.<br \/>\n0,15\u20ac CO2-Angabe = 0,03\u20ac zus\u00e4tzliche Umsatzsteuer.<br \/>\nEs gibt diverse verbotene Gesch\u00e4ftsmodelle, die sind weniger sittenwidrig als die deutsche Steuergesetzgebung, und ich komme vom Fach, ich wei\u00df, wovon ich rede.<br \/>\n22.3.2022<\/p>\n<p><strong>1 Barrel \u00d6l Jahr 2008 kostete 147 \u20ac &#8211; 1 Barrel \u00d6l Jahr 2022 kostet 127 \u20ac<\/strong><br \/>\nKann jeder googeln. Wir haben \u00d6lproblem, sondern ein Steuerproblem. Statt mit russischem Erdgas wird Europa in Zukunft wohl mit teurerem amerikanischen Gas beliefert werden.<br \/>\nAber von Kriegstreibern, die fremde L\u00e4nder angreifen, kaufen wir keine Rohstoffe.<br \/>\nEs sei denn, sie hei\u00dfen USA oder Saudi-Arabien.<br \/>\n22.3.2022, Che<\/p>\n<p><strong>Katar hat 90% seines Fl\u00fcssiggases bereits langj\u00e4hrig verkauft.<\/strong><br \/>\nW\u00fcrde Nordtream 1 geschlossen, dann fehlen 60 Mrd. m\u00b3 Gas, das w\u00fcrde ca 660 Fl\u00fcssiggastankern mit jeweils 150.000 m\u00b3 Inhalt entsprechen. Weltweit gibt es aber nur 470 Tankern (Stand 2018) und die sind alle ausgebucht. Tanker sind Langfristcharger. Sonst w\u00fcrde man den erst gar nicht bauen. Einer kostet ca. 200 Mill.$.<br \/>\nIn Europa haben wir ca. 29 Terminals. In Deutschland 0. Ein Tanker ben\u00f6tigt ca. 20 Std. zum Entladen.Die Verfl\u00fcssigung des Gases die Ver-und Entladung, sowie das Wiedervergasen ben\u00f6tigt je nach Herstellungsverfahren nochmals 10 bis 25% des Ursprungsgases.<br \/>\nKatar, Indonesien, Malaysia, Australien sind die weltgr\u00f6\u00dften Produzenten,nicht die USA.<br \/>\nBis das alles soweit vorbereitet und fertig ist vergehen Jahre. Ob da unsere Industrie noch da ist ? 75% ben\u00f6tigt die Industrie.<br \/>\nUnd dann die Klimabilanz (ist mir egal). So ein Tanker braucht \u00fcber den Atlantik (falls es aus USA kommen soll wie die Amis wollen) ca. 14 Tage. Und 14 Tage leer zur\u00fcck. Was sagen die Gr\u00fcnen zu der CO2 Verunreinigung ?<br \/>\n22.3.2022, Ott<\/p>\n<p><strong>Ohne die desastr\u00f6se Merkel-Politik<\/strong><br \/>\nw\u00e4ren wir nicht von russischem Gas abh\u00e4ngig, br\u00e4uchte es keine Katar-B\u00fccklinge, w\u00e4ren unsere Strompreise bezahlbar &#8211; und etwaige Moskauer Erpressungsversuche mit Gaslieferungen k\u00f6nnten uns am Ar&#8230; vorbeigehen.<br \/>\n22.3.2022, Kuc<\/p>\n<p><strong>Die Peinlichkeiten des Philosophen, der das Vaterland zum Kotzen findet<\/strong><br \/>\nund in einer derart unterw\u00fcrfigen h\u00fcndischen Haltung um Gas bettelt, welches nicht mal derzeit transportiert werden kann, ist zum Kotzen! Sind sich diese Politiker der Gr\u00fcnen ihrer Heuchelei \u00fcberhaupt bewusst? Mathematiker, Physiker, Naturwissenschaftler sehe ich nicht bei den Gr\u00fcnen und der mit ihnen regierenden Parteien. Daf\u00fcr um so mehr Dilettanten und ideologisch verbohrte Bankrotteure deren Sinn darin besteht, Deutschland weltweit der L\u00e4cherlichkeit preiszugeben.<br \/>\n22.3.2022, Pet<\/p>\n<p><strong>Frau Lengsfeld bzw. ihre Quelle liegen schon ziemlich genau dran.*<\/strong><br \/>\nNordstream 1 w\u00e4re durch einen 125 Tsd.-Tonnen-Fl\u00fcssiggastanker pro Tag substituierbar, aber auch das ist unrealistisch, wenn man die Bedarfe der anderen EU-L\u00e4nder hinzuaddiert und wei\u00df, da\u00df es weltweit z.Zt. keine 800 LNG-Hochseetanker gibt, von denen dann die H\u00e4lfte nur die BRD anzufahren h\u00e4tten. (Abgesehen davon sind die nicht alle so gro\u00df, siehe unten b); von daher sind Frau Lengsfelds 2000 Tanker im Jahr schon eine gute Absch\u00e4tzung, zumal mit denen ja nicht nur NS 1 ersetzt werden m\u00fc\u00dfte).<br \/>\nSelbst ohne die unkalkulierbare Konkurrenz der Abnehmer um die knappen Kapazit\u00e4ten wird sich der Gaspreis allein durch die Rohstoff-, Transport- und Anlandungskosten f\u00fcr LNG sch\u00e4tzungsweise gg\u00fc. dem f\u00fcr russ. Erdgas verdreifachen. Habeck, tr\u00e4um weiter!<br \/>\n*zu pr\u00fcfen etwa so:<br \/>\na) Energieinhalte: NS 1 liefert 550 Mrd kWh an Energie im Jahr; 1 Tonne LNG enth\u00e4lt 13.500 kWh<br \/>\nb) Volumina: NS 1 liefert 55 Mrd. cbm; der gr\u00f6\u00dfte LNG-Tanker (345 m x 53 m, und so viele gibt&#8217;s in dessen Gr\u00f6\u00dfe nicht&#8230;) transportiert 140 Tsd. Tonnen LNG (das sind 260 000 cbm -160 Grad kalte Fl\u00fcssigkeit), und die sind \u00e4quivalent zu 160 Mio. cbm Erdgas<br \/>\n22.3.2022, C.K.<\/p>\n<p><strong>&#8222;Russland soll mit diesen beispiellosen Sanktionen ruiniert werden&#8220;<\/strong><br \/>\nWie sagte unsere gr\u00fcne Au\u00dfenministerin so sch\u00f6n: Sie will nicht deeskalierend einwirken um den Krieg in der Ukraine zu beenden, sondern &#8222;Russland soll mit diesen beispiellosen Sanktionen ruiniert werden&#8220;. Da gibt es sogar ein Video der Rede.<br \/>\nBesser (oder schlimmer) h\u00e4tte man das auch in fr\u00fcheren dunkleren Zeiten Deutschlands nicht sagen k\u00f6nnen. Russland (Sowjetunion) war immer ein zuverl\u00e4ssiger Lieferant von Gas und Erd\u00f6l, unabh\u00e4ngig davon dass wir mehr alternative Energien brauchen.<br \/>\nOhne sich \u00fcberhaupt mit den Hintergr\u00fcnden des Ukraine-Krieges zu besch\u00e4ftigen, auch die deutschen Leitmedien sind da besch\u00e4mend (da wird ein Komiker zum Star hochgejazzt, der auch noch f\u00fcr den Friedensnobelpreis vorgeschlagen werden soll), werden alle Br\u00fccken zu Russland abgebrochen und man begibt sich sehenden Auges in Abh\u00e4ngigkeit von echten Diktaturen.<br \/>\nDas nennt sich dann &#8222;wertegeleitete&#8220; Politik.<br \/>\nSchon die Corona-Politik hat mich eines Schlechteren belehrt, eine Steigerung gibt es aber immer.<br \/>\n22.3.2022, D.R.<br \/>\nEnde Kommentare<\/p>\n<p>.<\/p>\n<p><strong>Sahra Wagenknecht: Nun verbeugt sich Habeck vor dem Handelsminister in Katar<\/strong><br \/>\nMan d\u00fcrfe nicht zwischen guten und schlechten Diktaturen unterscheiden, sagte Landwirtschaftsminister \u00d6zdemir noch vor der letzten Bundestagswahl im August. Nun verbeugt sich Habeck vor dem Handelsminister in Katar \u2013 einem Land, in dem die Scharia gilt, Homosexuellen die Todesstrafe droht und Gastarbeiter rechtlos wie Sklaven behandelt werden. Sieht so die wertegeleitete Au\u00dfenpolitik der Gr\u00fcnen aus, von der Au\u00dfenministerin Baerbock so gern redet? Menschenrechte, Klimaschutz, Feminismus und die Ablehnung von Aggressionskriegen \u2013 in der Au\u00dfenpolitik der Gr\u00fcnen scheinen diese Werte nur eine Rolle zu spielen, wenn es gegen Russland geht. Und deshalb bettelt man jetzt in Katar um teures LNG-Gas, das mit Tankern tausende Kilometer nach Deutschland transportiert werden muss \u2013 aus einem Land, das eine lupenreine Diktatur ist und schwere Kriegsverbrechen im Jemen-Krieg zu verantworten hat. Das ist Heuchelei zu Lasten der Verbraucher, der Umwelt und der Industrie in Deutschland.<br \/>\n<a href=\"https:\/\/www.nachdenkseiten.de\/?p=82168\">https:\/\/www.nachdenkseiten.de\/?p=82168<\/a> (Der gr\u00fcne B\u00fcckling)<br \/>\n&#8230; Alles vom 23.3.2022 von Sahra Wagenknecht bitte lesen auf<br \/>\n<a href=\"https:\/\/www.facebook.com\/sahra.wagenknecht\">https:\/\/www.facebook.com\/sahra.wagenknecht<\/a><\/p>\n<p>&nbsp;<\/p>\n","protected":false},"excerpt":{"rendered":"<p>2000 Gastanker mit je 140.000 m3 Fl\u00fcssiggas m\u00fcssten pro Jahr von Katar, USA oder sonstwo nach Deutschland fahren, um das russische R\u00f6hrengas zu ersetzen. Also fast 6 Tankschiffe pro Tag. Dabei sind derzeit weder die Schiffe zum wahrlich CO\u2082-intensiven Transport &hellip; <a href=\"https:\/\/www.freiburg-schwarzwald.de\/blog\/sechs-lng-tankschiffe-pro-tag\/\">Weiterlesen <span class=\"meta-nav\">&rarr;<\/span><\/a><\/p>\n","protected":false},"author":2,"featured_media":0,"comment_status":"open","ping_status":"closed","sticky":false,"template":"","format":"standard","meta":{"footnotes":""},"categories":[164,5,135,14,23,172],"tags":[559,239,151,416,87,525],"class_list":["post-99573","post","type-post","status-publish","format-standard","hentry","category-akw","category-energie","category-energiepolitik","category-global","category-handel","category-zukunft","tag-business","tag-energiesparen","tag-erneuerbare-energien","tag-heizung","tag-lokal-handeln","tag-politik"],"_links":{"self":[{"href":"https:\/\/www.freiburg-schwarzwald.de\/blog\/wp-json\/wp\/v2\/posts\/99573","targetHints":{"allow":["GET"]}}],"collection":[{"href":"https:\/\/www.freiburg-schwarzwald.de\/blog\/wp-json\/wp\/v2\/posts"}],"about":[{"href":"https:\/\/www.freiburg-schwarzwald.de\/blog\/wp-json\/wp\/v2\/types\/post"}],"author":[{"embeddable":true,"href":"https:\/\/www.freiburg-schwarzwald.de\/blog\/wp-json\/wp\/v2\/users\/2"}],"replies":[{"embeddable":true,"href":"https:\/\/www.freiburg-schwarzwald.de\/blog\/wp-json\/wp\/v2\/comments?post=99573"}],"version-history":[{"count":5,"href":"https:\/\/www.freiburg-schwarzwald.de\/blog\/wp-json\/wp\/v2\/posts\/99573\/revisions"}],"predecessor-version":[{"id":99596,"href":"https:\/\/www.freiburg-schwarzwald.de\/blog\/wp-json\/wp\/v2\/posts\/99573\/revisions\/99596"}],"wp:attachment":[{"href":"https:\/\/www.freiburg-schwarzwald.de\/blog\/wp-json\/wp\/v2\/media?parent=99573"}],"wp:term":[{"taxonomy":"category","embeddable":true,"href":"https:\/\/www.freiburg-schwarzwald.de\/blog\/wp-json\/wp\/v2\/categories?post=99573"},{"taxonomy":"post_tag","embeddable":true,"href":"https:\/\/www.freiburg-schwarzwald.de\/blog\/wp-json\/wp\/v2\/tags?post=99573"}],"curies":[{"name":"wp","href":"https:\/\/api.w.org\/{rel}","templated":true}]}}