{"id":99527,"date":"2022-03-20T09:42:51","date_gmt":"2022-03-20T08:42:51","guid":{"rendered":"https:\/\/www.freiburg-schwarzwald.de\/blog\/?p=99527"},"modified":"2022-03-20T10:01:37","modified_gmt":"2022-03-20T09:01:37","slug":"freedom-day-nicht-fuer-kinder","status":"publish","type":"post","link":"https:\/\/www.freiburg-schwarzwald.de\/blog\/freedom-day-nicht-fuer-kinder\/","title":{"rendered":"Freedom Day &#8211; nicht f\u00fcr Kinder"},"content":{"rendered":"<p>Von Anfang an hat die <a href=\"https:\/\/www.freiburg-schwarzwald.de\/blog\/business\/gesund\/corona-virus\/\">Corona-Politik<\/a> unsere <a href=\"https:\/\/www.freiburg-schwarzwald.de\/blog\/business\/gesund\/corona-virus\/corona-kinder\/\">Kinder<\/a> zu Schuldigen gemacht und ihre Rechte missachtet. Das <a href=\"https:\/\/www.freiburg-schwarzwald.de\/blog\/business\/gesund\/corona-virus\/corona-strategiepapier\/\">Strategiepapier<\/a> des Bundesinnenministeriums vom M\u00e4rz 2020 gilt auch heute noch: &#8222;Wenn sie dann ihre Eltern anstecken, und einer davon qualvoll zu Hause stirbt und sie das Gef\u00fchl haben, schuld daran zu sein, <!--more-->weil sie z.B. vergessen haben, sich nach dem Spielen die H\u00e4nde zu waschen, ist es das Schrecklichste, was ein Kind je erleben kann.\u201c<br \/>\nSo soll \u00fcber die <a href=\"https:\/\/www.freiburg-schwarzwald.de\/blog\/engagement\/zukunft\/angst\/angstmachen\/\">Angst<\/a> eine <a href=\"https:\/\/www.freiburg-schwarzwald.de\/blog\/business\/gesund\/corona-virus\/corona-angst\/\">\u201eSchockwirkung\u201c<\/a> (im <a href=\"https:\/\/www.freiburg-schwarzwald.de\/blog\/strategiepapier-risikoanalyse\/\">Strategiepapier<\/a>\u00a0 w\u00f6rtlich) in der Gesellschaft erzielt werden &#8211; mit Erfolg. Diese setzt \u00fcber zwei Jahren hinweg bis heute fort.<\/p>\n<p>Auch nach dem sog. <a href=\"https:\/\/www.freiburg-schwarzwald.de\/blog\/engagement\/zukunft\/demokratie\/freiheit\/freiheitsrechte\/\">\u201eFreedom Day\u201c<\/a> vom 20. M\u00e4rz 2022 halten einige Bundesl\u00e4nder &#8211; darunter auch Baden-W\u00fcrttemberg &#8211; an der <a href=\"https:\/\/www.freiburg-schwarzwald.de\/blog\/business\/gesund\/corona-virus\/maske\/\">Maskenpflicht<\/a>, gar an FFP2-Masken, in Schulen fest, vorerst bis zum 2. April 2022. Es grenzt an Sadismus: F\u00fcr Kinder und Jugendliche darf es keinen &#8222;Freedom Day&#8220; geben. Obwohl der Beitrag\/Anteil von Kindern am Infektionsgeschehen mit Corona marginal ist. Umgekehrt formuliert: Es ist keine wissenschaftliche Untersuchung bekannt, die Kindern einen gro\u00dfen Einflu\u00df am Infektionsgeschehen zuweist.<br \/>\nBitte lesen Sie unten den &#8222;Berliner Appell&#8220; von Nicole Reese und Heidi M\u00fcller.<br \/>\n20.3.2022<br \/>\n.<\/p>\n<p><strong>Kinder gew\u00f6hnen sich an alles<\/strong><br \/>\nWer Kinder hat und angesichts der aktuellen Pl\u00e4ne von Landesregierungen \u2013 konkret gegen die Kinder, gegen die Sch\u00fcler \u2013 nicht mit dem Kopf sch\u00fcttelt, nicht emp\u00f6rt ist und nichts unternimmt, um der Hysterie der Entscheidungstr\u00e4ger entgegenzuwirken, dem ist nicht mehr zu helfen. Der 20. M\u00e4rz wird in der Bundesrepublik gerade als ein Datum gehandelt, das eine \u201eR\u00fcckkehr\u201c zur Normalit\u00e4t aus den pandemischen Albtr\u00e4umen terminiert \u2013 allein loslassen wollen gewisse Kreise nicht, vor allem den Kindern und Sch\u00fclern soll die Normalit\u00e4t vorenthalten werden. So plant die Landesregierung von Brandenburg (und auch Baden-W\u00fcrttemberg) anders als die Bundesregierung. Und ja: Kinder gew\u00f6hnen sich an alles, sagt eine Mutter, nicht als freudige Feststellung.<br \/>\n&#8230;<br \/>\nBei aller Pein beh\u00e4lt man also die Kinder, die Sch\u00fcler besonders, weiter im Blick: In Schulen bleibt die Masken- und die Testpflicht, Letztere soll auch in den Kindertagesst\u00e4tten den Alltag bestimmen. Mittlerweile scheint es schon fatalistische Gewohnheit f\u00fcr uns Erwachsene zu sein, im Stra\u00dfenbild Kinder zu sehen, die nach der Schule, mit Ranzen und Trinkflasche bepackt, auch ihre Masken, Mund-Nasenschutzobjekte tragen. Und die so wie modische Details unter dem Gesicht schlenkernd und\/oder mitten am helllichten Tag auf dem Nachhauseweg ganz und gar weiter im Gesicht behaltend \u2013 so sehr, scheint es, als sind sie daran gew\u00f6hnt, eine Art Renitenz ist allerorten bei Kindern nicht zu erkennen. Es hat etwas von Gewohnheit. Und die wurde und wird ja tagein, tagaus gepredigt und von Erwachsenen den Kinden eingebleut.<br \/>\n&#8230; Alles vom 19.3.2022 bitte lesen auf<br \/>\n<a href=\"https:\/\/www.nachdenkseiten.de\/?p=82060\">https:\/\/www.nachdenkseiten.de\/?p=82060<\/a><br \/>\n.<\/p>\n<p><strong>Nicole Resse und Heidi M\u00fcller aus Berlin: Keine Masken f\u00fcr Kinder!<\/strong><br \/>\nIn Deutschland finden aktuell zahlreiche Demonstrationen statt. In den vergangenen Tagen waren die Menschen auch auf den Stra\u00dfen, um gegen die Corona-Politik der Ampel-Regierung und die m\u00f6gliche Impfpflicht zu protestieren. In Berlin sprachen bei einer Demo, die vom Mauerpark durch Prenzlauer Berg f\u00fchrte, am 12. M\u00e4rz unter anderem die Juristin Nicole Reese sowie die Kinder- und Jugendpsychotherapeutin Heidi M\u00fcller. Die Berliner Zeitung dokumentiert im folgenden die Reden der beiden Frauen.<\/p>\n<p><strong>Die Rede von Nicole Reese im Wortlaut:<\/strong><br \/>\nIch freue mich sehr, dass wir so viele sind, obwohl es eigentlich noch sch\u00f6ner w\u00e4re, wenn wir uns nicht Woche f\u00fcr Woche, Monat f\u00fcr Monat hier versammeln m\u00fcssten, um f\u00fcr so etwas Selbstverst\u00e4ndliches, wie die Rechte unserer Kinder demonstrieren zu m\u00fcssen. Mein Name ist Nicole Reese, Miriam und ich hatten die Idee zu dieser Bewegung und es ist sch\u00f6n zu sehen, wie viele wir sind. Ich bin Mutter von vier schulpflichtigen Kindern im Alter von acht bis 14 Jahren und leide seit zwei Jahren mit meinen Kindern und k\u00e4mpfe f\u00fcr sie und ihre Rechte. Ich engagiere mich in Elterninitiativen, habe zig Briefe und Mails geschrieben, eine Partei mitgegr\u00fcndet, \u00fcber Kinderrechte geschrieben, auf Symposien und im Fernsehen auf die Diskrepanzen hingewiesen und schlussendlich unz\u00e4hlige Male f\u00fcr Pr\u00e4senzunterricht und gegen die Maskenpflicht geklagt.<br \/>\nGef\u00fchlt, ziemlich erfolglos. Zu Beginn der Pandemie war da vielleicht noch die gro\u00dfe unbekannte Gefahr und auch Solidarit\u00e4t, die Kinder und Eltern veranlasste die Ma\u00dfnahmen zu erdulden, dies alles ist aber der Ern\u00fcchterung gewichen, dass Deutschland wohl das kinderfeindlichste Land Europas ist und wohl auch bleibt. Von Anfang an hat sich unsere Politik auf unsere Kinder gest\u00fcrzt, sie zu Schuldigen gemacht und ihre Rechte missachtet. Wir alle kennen die <a href=\"https:\/\/www.freiburg-schwarzwald.de\/blog\/business\/gesund\/corona-virus\/corona-strategiepapier\/\">Panikpapiere des Innenministerium<\/a>s, in denen es im M\u00e4rz 2020 hie\u00df: \u201eWenn sie dann ihre Eltern anstecken, und einer davon qualvoll zu Hause stirbt und sie das Gef\u00fchl haben, schuld daran zu sein, weil sie z.B. vergessen haben, sich nach dem Spielen die H\u00e4nde zu waschen, ist es das Schrecklichste, was ein Kind je erleben kann.\u201c<\/p>\n<p>Diese Kommunikation sollte eine \u201eSchockwirkung\u201c in der Gesellschaft erzielen und daf\u00fcr sorgen, dass sich vor allem Kinder an die Corona-Regeln halten, um die \u00e4ltere Generation zu sch\u00fctzen, anstatt auf eine differenzierte Risikokommunikation zu setzen und die betroffenen Vulnerablen zu sch\u00fctzen. Dies setzt sich bis heute fort. Wir alle erinnern uns an geschlossene Schulen, geschlossene Spiel- und Bolzpl\u00e4tze, geschlossene Sportst\u00e4tten, Kontaktverbote sowie die Idee von Frau Merkel zur 1-Freund-Regel.<\/p>\n<p>Wir alle wissen um das psychische Leid unserer Kinder, circa 60 Prozent f\u00fchlen sich weniger gl\u00fccklich als vor Corona, Adipositas und Essst\u00f6rungen haben extrem zugenommen, jedes dritte Kind hat psychische Probleme, ungez\u00fcgelter Medienkonsum, Straftaten zu Lasten von Kindern und Gewalt in Familien sind enorm angestiegen. All diese negativen Auswirkungen auf unsere Kinder waren sp\u00e4testens im Sommer 2020 abzusehen; es war klar, dass die Sch\u00e4den durch die Ma\u00dfnahmen gr\u00f6\u00dfer sein werden als der Schutz vor Corona. Und dennoch hat die Politik sehenden Auges die Pandemie immer wieder auf dem R\u00fccken unserer Kinder und der Familien ausgetragen und zwar entgegen der in der UN-Kinderrechtskonvention verbrieften Rechte. Der gesellschaftliche Aufschrei blieb, und das ersch\u00fcttert mich zutiefst, bleibt aus. Die Gesellschaft, vor allem die Familien selbst und ihre Kinder nehmen dieses \u00fcberwiegend klaglos hin, obwohl dies rechts- und verfassungswidrig ist.<\/p>\n<p>Die UN-KRK ist seit dem 18. Februar 1992 verbindlich geltendes Bundesrecht in Deutschland und gilt als einfaches Bundesrecht unterhalb der Verfassung. Kinder sind zudem als Menschen in besonderem Ma\u00dfe auch durch die Grundrechte gesch\u00fctzt. Es ist also kein Mangel an Rechten vorhanden, sondern ein Mangel an Bereitschaft, diesen Rechten auch Wirkung zu verleihen. In Artikel Drei der Kinderrechtskonvention, der mit das Wohl des Kindes \u00fcberschrieben ist, hei\u00dft es:<\/p>\n<p>\u201e(1) Bei allen Ma\u00dfnahmen, die Kinder betreffen, gleich viel ob sie von \u00f6ffentlichen oder privaten Einrichtungen der sozialen F\u00fcrsorge, Gerichten, Verwaltungsbeh\u00f6rden oder Gesetzgebungsorganen getroffen werden, ist das Wohl des Kindes ein Gesichtspunkt, der vorrangig zu ber\u00fccksichtigen ist.\u201c<\/p>\n<p>Diese vorrangige Ber\u00fccksichtigung wird seit Anbeginn der Pandemie ignoriert; es sind immer die Kinder, die zuerst und am l\u00e4ngsten die h\u00e4rtesten Ma\u00dfnahmen ertragen m\u00fcssen. Wie kann es sein, dass in Berlin und andernorts die Diskos ge\u00f6ffnet sind, und die Erwachsenen ohne Abstand und Maske abfeiern d\u00fcrfen, w\u00e4hrend unsere Kinder immer noch 8 Stunden t\u00e4glich mit Masken im Klassenzimmer sitzen und die Masken meistens sogar im Sportunterricht tragen m\u00fcssen, und das selbstverst\u00e4ndlich bestgetestet.<\/p>\n<p>Wir beobachten genau diesen Mechanismus \u2013 also die h\u00e4rtesten Ma\u00dfnahmen zu Lasten der Kinder &#8211; aktuell bei den Gesetzgebungsverhandlungen zum Infektionsschutzgesetz. Ganz abgesehen davon, dass aus meiner Sicht als Juristin mangels \u00dcberlastung des Gesundheitssystems schlichtweg keine Ma\u00dfnahmen mehr gerechtfertigt sind, sind es auch hier wieder Ma\u00dfnahmen bei Erwachsenen, die fallen sollen, w\u00e4hrend die Situation der Kinder wieder einmal am schlechtesten ist.<\/p>\n<p>Im ersten Entwurf war noch die Rede davon, dass die Maskenpflicht zum 20.M\u00e4rz 2022 auch in Schulen f\u00e4llt und nur noch die Testpflicht bleibt, was schlimm genug ist. Dann kam eine \u00dcbergangsfrist bis zum 2. April 2022 ins Spiel und nun ist im neusten KMK Beschluss von Freitag die Rede davon, dass es zwar richtig sei, die Ma\u00dfnahmen auch in den Schulen zur\u00fcckzufahren, aber eine zu schnelle Lockerung Fragen aufwerfe und daher \u00fcber den 20. M\u00e4rz hinaus Ma\u00dfnahmen an Schulen m\u00f6glich sein m\u00fcssten, um langsam die Ma\u00dfnahmen, wie Masken und Tests zur\u00fcckzufahren. Als \u00dcbergangsfrist wird Mai genannt.<\/p>\n<p>Das bedeutet, w\u00e4hrend in der Erwachsenenwelt die Pandemie weitgehend zu Ende ist und unsere europ\u00e4ischen Nachbarn die Zeichen der Zeit l\u00e4ngst erkannt haben, soll in Deutschland entgegen der UN-KRK das Wohl der Kinder weiter zur\u00fcckstehen. Soweit Kinder, vor allem Ungeimpfte, von gesellschaftlicher, k\u00fcnstlerischer, kultureller und sportlicher Teilhabe ausgeschlossen werden, ist dies nicht nur ein Versto\u00df gegen Artikel 3 des Grundgesetzes, der Diskriminierung verbietet, sondern auch gegen Artikel 31 der Kinderrechtskonvention. Besonders eklatant waren die Regeln in Bayern und BW, in denen Kinder ab 12 Jahren im Herbst\/Winter fast vollst\u00e4ndig den 2G Regeln unterlagen, obwohl nicht einmal eine Impfpflicht f\u00fcr unter 18-j\u00e4hrige diskutiert wird. Diese Diskriminierung soll offenbar teilweise auch erhalten bleiben, denn nach der neuen Corona-Einreiseverordnung m\u00fcssen ungeimpfte Kinder ab zw\u00f6lf Jahren in Quarant\u00e4ne, wenn sie aus einem Risikogebiet kommen. Diese Art von Diskriminierung durch den Rechtsstaat ist f\u00fcr die Betroffenen schlimm, noch schlimmer ist aber die \u00c4chtung der Ungeimpften in Schulen und Gesellschaft.<\/p>\n<p>Zusammenfassend ist festzustellen, dass insbesondere Art. 3, 24, 28 und 31 der UN-KRK seit 2 Jahren massiv beeintr\u00e4chtigt werden, das hei\u00dft das Recht auf vorrangige Ber\u00fccksichtigung der Kinder, das Recht auf psychische und physische Gesundheit, das Recht auf Bildung und das Recht der Kinder auf angemessene Teilhabe an Freizeit, kulturellem und k\u00fcnstlerischem Leben. Daneben werden seit nunmehr 24 Monaten die W\u00fcrde der Kinder aus Art. 1 GG und das Recht auf k\u00f6rperliche Unversehrtheit aus Art. 2 GG von Politik, Gesellschaft und Justiz massiv missachtet; ein unhaltbarer Zustand f\u00fcr eine freiheitliche Demokratie.<\/p>\n<p>Wenn ich dann vor einigen Tagen auf Twitter von Herrn Stamp (Familien- und Fl\u00fcchtlingsminister in NRW von der FDP) lesen muss, dass er meint das Werteger\u00fcst von Menschen, die trotz des Leids durch den Krieg in der Ukraine immer noch \u00fcber die Maskenpflicht von Kindern lamentieren offenbar problematisch ist, macht mich dies fassungslos. Seit wann kann man Leid gegeneinander aufrechnen? Seid wann darf man gegen Unrecht nicht mehr k\u00e4mpfen, nur weil andernorts noch schlimmeres Unrecht geschieht. Und wie wollen wir Frieden, Recht und Demokratie in die Welt bringen, wenn wir es schon in unserem eigenen Land nicht schaffen, unsere Kinder \u2013 das wohl wertvollste &#8211; was wir haben, zu sch\u00fctzen.<br \/>\nIch appelliere an Euch an Sie alle. H\u00f6rt auf mitzumachen. Stellt Euch sch\u00fctzend vor Eure Kinder und akzeptiert keine roten Linien mehr. Schreibt an die Parteien, an die Politik, die Verb\u00e4nde und macht einfach nicht mehr mit, dann ist es vorbei.<br \/>\n.<\/p>\n<p><strong>Die Rede von Heidi M\u00fcller im Wortlaut:<\/strong><br \/>\nIch bin gelernte Kinderkrankenschwester, Psychologin, Familientherapeutin, Kinder- und Jugendpsychotherapeutin. Meine fachlichen Schwerpunkte sind: Psychosomatik, Bindungsst\u00f6rungen, Traumabehandlung, Kinderschutz. Ich bin seit 1989 in verschiedenen Berliner Kinderkliniken besch\u00e4ftigt. Meine Kollegen sind Kinder\u00e4rtz*innen.<\/p>\n<p>Ich verstehe mich als Anw\u00e4ltin der Kinder: Dies kann bedeuten, die Interessen des Kindes \/des Jugendlichen gegen zwanghafte, leistungsabfordernde Eltern zu vertreten, oder Kinder vor Gewalt, Vernachl\u00e4ssigung und Missbrauch zu sch\u00fctzen. In dieser ganzen Bandbreite liegt meine Arbeit. Ich habe immer an die Sinnhaftigkeit meiner Arbeit geglaubt. Aber das, was ich hier seit zwei Jahren bei den Kindern und den Jugendlichen beobachte, widerspricht meinem beruflichen\/ pers\u00f6nlichen Ethos und meinem Menschenbild.<br \/>\nIch halte hier heute meine Rede f\u00fcr euch, weil ich wei\u00df, wie es den Kindern und Jugendlichen in der Pandemie geht. Und ich nehme es schon vorweg: Es geht vielen nicht gut! Das f\u00e4ngt mit dem leidigen Thema: Maske tragen in der Schule an. Einen Satz h\u00f6re und h\u00f6rte ich sehr h\u00e4ufig: \u201eKinder gew\u00f6hnen sich doch an das Maske tragen.\u201c Dazu kann ich nur sagen: Ja, das stimmt!<\/p>\n<p>Kinder gew\u00f6hnen sich an alles. Weil es ihre \u00dcberlebensstrategie ist, ein lebensnotwendiger Anpassungsprozess! Kinder gew\u00f6hnen sich Gleichg\u00fcltigkeit. Kinder gew\u00f6hnen sich an einen lieblosen Umgang. Kinder gew\u00f6hnen sich an Ungerechtigkeiten. Kinder gew\u00f6hnen sich an verbale Abwertungen. Kinder gew\u00f6hnen sich an seelische Gewalt. Kinder gew\u00f6hnen sich an k\u00f6rperliche Gewalt. Kinder gew\u00f6hnen sich an sexuelle Gewalt. Weil sie keine andere Wahl haben!<\/p>\n<p>F\u00fcr mich ist das stundenlange Maske tragen eine Misshandlung von Schutzbefohlenen. Eins ist sicher: Die Masken schaden den Kindern. Physiologisch , emotional, entwicklungspsychologisch und sozial. Ich m\u00f6chte heute von meinen Erfahrungen aus der Kinderklinik berichten. Auch in den Kliniken gibt es unterschiedliche Meinungen \u00fcber das Infektionsgeschehen von Covid 19 bei Kindern und Jugendlichen! Die Meldungen aus den Medien sind oft widerspr\u00fcchlich und verwirrend. Kinder\u00e4rzte sind auch nur Menschen und informieren sich nicht ausschlie\u00dflich aus den Fachpublikationen, sondern holen sich den schnellen Informationskick aus den Alltagsmedien. \u00c4rzte googlen Symptome, Krankheiten, Behandlungsm\u00f6glichkeiten. Klinik\u00e4rzte h\u00f6rten den \u201eDrosten-Podcast\u201c und diskutierten diesen bei der gemeinsamen Pause mit den Kollegen. Das nur anekdotisch am Rande&#8230;<\/p>\n<p>Nun zu den Covid 19 Erkrankungen bei Kindern und Jugendlichen. Ich habe mich auf den Seiten des RKI, STIKO, DIVI umgeschaut und festgestellt, dass es wenig zielf\u00fchrende Informationen dazu gibt. Au\u00dfer, dass der \u00fcberwiegende Teil der Kinder asymptomatische oder milde moderate Infektionsverl\u00e4ufe von ein \u2013bis dreiw\u00f6chiger Dauer zeigt.<\/p>\n<p>Wie war es bei uns im Kinderkrankenhaus? Wir haben wir keine Covid 19 erkrankten Kinder in den letzten zwei Jahren im Krankenhaus behandelt. Wir haben zahlreiche Kinder mit positiven Tests mit anderen Erkrankungen oder Problemen behandelt. In diesem Winter wurden deutlich mehr Kinder, mit zum Teil schweren RSV -Infektionen im Krankenhaus behandelt. Die Kinder\u00e4rzte sind sich einig, dass dies durch die Isolation in den Lockdowns zu erkl\u00e4ren ist.<\/p>\n<p>2020, das erste Pandemiejahr: In anf\u00e4nglicher Panik wurde versucht beinahe jedes Kinder mit Sepsis oder bakterieller Lungenentz\u00fcndung, auch ohne einen positiven Test, als typische Covid-Infektion zu deklarien. Da h\u00f6rte man S\u00e4tze von Chef\u00e4rzten, Ober\u00e4rzten, Klinikdirektoren, bei Sicht des R\u00f6ntgenbildes: \u201eWir kennen solche Lungen. Das sind die typische Covid-Milchglastr\u00fcbungen der Lunge\u201c. Es folgte eine Meldung an das Gesundheitsamt. Auch wurden Neugeborene von ihren M\u00fcttern getrennt, wenn die Mutter oder das Kind ein positives Testergebnis hatten. Was mich erstaunte, war, dass die M\u00fctter dies so hinnahmen.<\/p>\n<p>Ein Fall macht mich bis heute traurig. Ein Kind (Schulkindalter) mit Leuk\u00e4mie, mitten in der Chemotherapie, kam ins Krankenhaus mit leichtem Fieber, Husten,Schnupfen, Schlappheit. Es wurde ein Covid PCR und Mulitiplex PCR gemacht<\/p>\n<p>Das Ergebnis zeigte: Einen hoch positiven Influenza-Test und einen schwach positiven Covid-Test mit einem Ct Wert nahe 40. Das bis dato tapfere Kind wurde isoliert, das Gesundheitsamt wurde informiert, es durfte keinen Besuch empfangen. Das Personal musste sich die komplette Schutzausr\u00fcstung anziehen. Die Diagnose Covid 19 l\u00f6ste bei diesem Kind enorme Angstzust\u00e4nde aus,die letztendlich mit Tavor (Benzos- Starkes Beruhigungsmittel) behandelt wurden.<\/p>\n<p>Nun komm ich in das Jahr 2021: die Kinderimpfungen beginnen. Brauchen Kinder eine Impfung? Kinder mit einem normal funktionierenden Immunsystem sind durch Corona praktisch nicht gef\u00e4hrdet. Die Impfung soll vor schweren Verl\u00e4ufen sch\u00fctzen. Es ist mittlerweile jedem bekannt, dass sie weder verl\u00e4sslich vor einer Ansteckung sch\u00fctzt, noch \u00dcbertragungen verhindert. Geimpfte und Ungeimpfte k\u00f6nnen gleicherma\u00dfen ansteckend sein.<\/p>\n<p>Am 16. August.2021 wurde die Impfempfehlung von der Stiko f\u00fcr alle 12 -17 j\u00e4hrigen herausgegeben. Als einzige Begr\u00fcndung f\u00fcr die Impfung gibt die Stiko an: Abwehr von psychosozialen Folgeerscheinungen und dies nach nach \u00e4rztlicher Aufkl\u00e4rung zum Nutzen und Risiko. Hab ich das richtig verstanden, die Impfung soll die Jugendlichen nicht vor dem Virus sch\u00fctzen , sondern vor Mobbing und sozialer Ausgrenzung?<\/p>\n<p>Die Impfempfehlung der Stiko f\u00fcr die 5- 11 j\u00e4hrigen Kinder vom 9. Dezember.2021: F\u00fcr Kinder ohne Vorerkrankung gibt es keine generelle Impfempfehlung. Die 5- 11 J\u00e4hrigen k\u00f6nnen bei individuellen Elternwunsch nach \u00e4rztlicher Aufkl\u00e4rung geimpft werden. Die Stiko schreibt: Das Risiko seltener Nebenwirkungen kann aufgrund der eingeschr\u00e4nkten Datenlage derzeit nicht eingesch\u00e4tzt werden. Wie ist diese Empfehlung mit den Massenimpfungen vor den Schulen vereinbar?<\/p>\n<p>Zu den Impfnebenwirkungen: Die verf\u00fcgbaren Informationen \u00fcber Nebenwirkungen und Todesf\u00e4lle im Zusammenhang mit der Impfung von Minderj\u00e4hirgen findet man beim Paul-Ehrlich-Institut im Sicherheitsbericht 7. Februar. 2022: Bei den Jugendlichen liegen 3120 Verdachtsmeldungen vor. Bei den 5 &#8211; 11j\u00e4hrigen Kinder liegen 398 Verdachtsmeldungen mit 5 schwerwiegenden F\u00e4llen vor. Meine Frage ist, wie realistisch sind diese Angaben des PEI ?<\/p>\n<p>Zur\u00fcck in die Kinderklinik: Ich fragte seit dem Fr\u00fchjahr 2021 viele verschiedene Kinder\u00e4rzte, wie ihre Sicht auf diese Covid Impfung f\u00fcr die Kinder sei. Alle hielten sich bedeckt, sagten auch, dass dies nicht n\u00f6tig sei, warteten auf die Stiko-Empfehlung und versprachen, dass es immer eine ausf\u00fchrliche Risiko-Nutzen-Analyse gemeinsam mit den Eltern geben werde. Im Sommer 2021 folgten die Kinder\u00e4rzte den Stiko-Empfehlungen, verga\u00dfen offensichtlich das Versprechen, und empfahlen den Eltern sogar das Impfen ihrer Kinder.<br \/>\nIm Dezember fand in der Klinik eine gro\u00dfe Impfaktion der kleinen Kinder statt. Die Kinder\u00e4rzte zeigten sich \u201ealtruistisch\u201c mit Ehrgeiz, Enthusiasmus impften nun die 5 \u2013 11 j\u00e4hrigen Kinder. Nun zu den vermutlichen Nebenwirkungen, die in der Kinderklinik \u201elanden\u201c. T\u00e4glich kommen Kinder und Jugendliche mit unspezifischen neurologischen, kardialen, sonstigen Problemen, die im zeitlichen Zusammenhang mit der Impfung stehen.<\/p>\n<p>Das Problem ist, dass die Dokumentation des genauen Impfstatus, von dem jeweiligen diensthabenden Arzt abh\u00e4ngt. Einige \u00c4rzte dokumentieren sehr genau die Daten der Impfung, andere dokumentieren nur: Geimpft gem\u00e4\u00df Stiko-Empfehlung, Selbst wenn die Eltern oder Kinder\/Jugendlichen deutlich den zeitlichen Zusammenhang zu der Impfung angeben,ist dies von dem jeweiligen Arzt abh\u00e4ngig!<\/p>\n<p>Einige exemplarische Bespiele m\u00f6chte ich hier berichten. 7-j\u00e4hriges Kind,14 Tage nach BionTech Impfung Kopfschmerzen, Erbrechen, schlechter Allgemeinzustand, will nur liegen. Diagnose: Encephalitits&#8230;.das ist eine Gehirnentz\u00fcndung, wird mit Kortison erfolgreich behandelt. Kind hatte im Dezember, vor der Impfung einen positiven Schnelltest. Deshalb: Diagnose Long covid!<br \/>\n15-j\u00e4hriges Kind, direkt nach erster Impfung: M\u00fcdigkeit, Schw\u00e4che, Ersch\u00f6pfung, h\u00e4lt \u00fcber Wochen an, kann nicht zur Schule, keine Freizeitaktivit\u00e4t, nur liegen. Eltern und Kind geben immer wieder Zusammenhang an&#8230; \u00c4rzte wehren vehement ab! Kollegin von mir spricht mit dem Kind und findet heraus, dass der Familienhund im Sommer gestorben war, aufgrund einer unterstellten verl\u00e4ngerten Trauerreaktion, wird eine Depression diagnostiziert, die diese genannten Symptome ausgel\u00f6st habe. Empfehlung f\u00fcr das Kind: Kinder- und Jugendpsychiatrischen Behandlung.<\/p>\n<p>Ein Jugendlicher mit einer chronischer Darmerkrankung, etlichen missgl\u00fcckten OPs und einer offenen Bauchwunde, wurde kurz vor bevorstehender Entlassung geimpft. Entz\u00fcndungswerte stiegen in die H\u00f6he, die Wunde blutete, das Kind schrie vor Schmerzen und bettelte um Schmerzmittel. Ich fragte eine Fach\u00e4rztin nach der M\u00f6glichkeit, ob die Impfung, bei einem mehrfach operierten Kind, diese Entz\u00fcndung im K\u00f6rper verursacht haben k\u00f6nnte? Die Antwort lautete: \u201eDie Impfung geht in den Oberarm und dort bleibt sie auch\u201c. Ich vermute, dass die Nebenwirkungsrate deutlich h\u00f6her liegt, als die publizierten Daten des Sicherheitsberichts.<\/p>\n<p>Meine Frage lautet nun: Was ist mit den Kinder\u00e4rzten los? Wie kann das erkl\u00e4rt werden? Ihr habt die Fakten, ihr seht die Kinder. Aber warum werden die Nebenwirkungen nicht gesehen oder sogar abgewehrt? Sind das Abwehrmechanismen? Was m\u00fcsst ihr abwehren geht es um Schuld, die ihr abwehren m\u00fcsst?<\/p>\n<p>Zu den Abwehrmechanismen geh\u00f6ren unter anderem Verleugnung: Das Nicht -Anerkennen eines unerw\u00fcnschten Teils der Realit\u00e4t im Au\u00dfen. Intellektualisierung: \u201eWir sind die Wissenschaftler, wir wissen es besser.\u201c Abwertung: Von fragenden Eltern und Kinder, Augenrollen im Gespr\u00e4ch oder sich dr\u00fcber lustig machen. Eltern f\u00fchlten sich sicher, als ihr Kinder\u00e4rzte die Impfungen empfohlen habt. F\u00fcr mich ist es immer noch nicht nachvollziehbar, warum ein Kind gegen Covid geimpft werden sollte.<\/p>\n<p>Ich w\u00fcnsche mir einen fachlichen Diskurs, Fehleranalysen. Gute Medizin war bisher immer \u00dcberpr\u00fcfen von mehreren Hypothesen und Differenzialdiagnosen, Hinweise und W\u00fcnsche von Eltern und Patienten ernst nehmen. Ich w\u00fcnsche mir einen kritischen Blick auf die Pharmaindustrie und auf die wirtschaftlichen Interessen der jeweiligen Krankenhauskonzerne. Und ich wei\u00df, dass es viele \u00c4rzte gibt, die diesen kritischen Blick haben. Ich w\u00fcnsche mir, dass Kritik ge\u00e4u\u00dfert wird und das zustimmende Schweigen ein Ende hat.<\/p>\n<p>Ich hab das nun nicht mehr ausgehalten: Ich habe zum 30. April meinen Job in der Klinik gek\u00fcndigt.<\/p>\n<p>&#8230; Alles vom 13.3.2022 bitte lesen auf<br \/>\n<a href=\"https:\/\/www.berliner-zeitung.de\/news\/demo-in-berlin-kinder-gewoehnen-sich-an-das-maske-tragen-li.216781\">https:\/\/www.berliner-zeitung.de\/news\/demo-in-berlin-kinder-gewoehnen-sich-an-das-maske-tragen-li.216781<\/a><br \/>\n.<br \/>\n.<\/p>\n<p><strong>H\u00e4nde weg von unseren Kindern!<\/strong><br \/>\n&#8230; Ich schlie\u00dfe mich dem Berliner Appell von Nicole Reese und Heidi M\u00fcller an:<br \/>\n\u201eH\u00f6rt auf mitzumachen. Stellt Euch sch\u00fctzend vor Eure Kinder und akzeptiert keine roten Linien mehr. Schreibt an die Parteien, an die Politik, die Verb\u00e4nde und macht einfach nicht mehr mit, dann ist es vorbei\u201c.<br \/>\n&#8230; Alles vom 19.3.2022 bitte lesen auf<br \/>\n<a href=\"https:\/\/vera-lengsfeld.de\/2022\/03\/19\/haende-weg-von-unseren-kindern-2\/#more-6449\">https:\/\/vera-lengsfeld.de\/2022\/03\/19\/haende-weg-von-unseren-kindern-2\/#more-6449<\/a><\/p>\n<p>&nbsp;<\/p>\n","protected":false},"excerpt":{"rendered":"<p>Von Anfang an hat die Corona-Politik unsere Kinder zu Schuldigen gemacht und ihre Rechte missachtet. Das Strategiepapier des Bundesinnenministeriums vom M\u00e4rz 2020 gilt auch heute noch: &#8222;Wenn sie dann ihre Eltern anstecken, und einer davon qualvoll zu Hause stirbt und &hellip; <a href=\"https:\/\/www.freiburg-schwarzwald.de\/blog\/freedom-day-nicht-fuer-kinder\/\">Weiterlesen <span class=\"meta-nav\">&rarr;<\/span><\/a><\/p>\n","protected":false},"author":2,"featured_media":0,"comment_status":"open","ping_status":"closed","sticky":false,"template":"","format":"standard","meta":{"footnotes":""},"categories":[355,58,158,60,61,93,64,95],"tags":[700,682,488,721,399,585],"class_list":["post-99527","post","type-post","status-publish","format-standard","hentry","category-buergerinitiativen","category-familie","category-gesund","category-jugend","category-kinder","category-kindergarten","category-psyche","category-schulen","tag-corona","tag-freiheit","tag-child","tag-kindergarten","tag-psychology","tag-schule"],"_links":{"self":[{"href":"https:\/\/www.freiburg-schwarzwald.de\/blog\/wp-json\/wp\/v2\/posts\/99527","targetHints":{"allow":["GET"]}}],"collection":[{"href":"https:\/\/www.freiburg-schwarzwald.de\/blog\/wp-json\/wp\/v2\/posts"}],"about":[{"href":"https:\/\/www.freiburg-schwarzwald.de\/blog\/wp-json\/wp\/v2\/types\/post"}],"author":[{"embeddable":true,"href":"https:\/\/www.freiburg-schwarzwald.de\/blog\/wp-json\/wp\/v2\/users\/2"}],"replies":[{"embeddable":true,"href":"https:\/\/www.freiburg-schwarzwald.de\/blog\/wp-json\/wp\/v2\/comments?post=99527"}],"version-history":[{"count":5,"href":"https:\/\/www.freiburg-schwarzwald.de\/blog\/wp-json\/wp\/v2\/posts\/99527\/revisions"}],"predecessor-version":[{"id":99540,"href":"https:\/\/www.freiburg-schwarzwald.de\/blog\/wp-json\/wp\/v2\/posts\/99527\/revisions\/99540"}],"wp:attachment":[{"href":"https:\/\/www.freiburg-schwarzwald.de\/blog\/wp-json\/wp\/v2\/media?parent=99527"}],"wp:term":[{"taxonomy":"category","embeddable":true,"href":"https:\/\/www.freiburg-schwarzwald.de\/blog\/wp-json\/wp\/v2\/categories?post=99527"},{"taxonomy":"post_tag","embeddable":true,"href":"https:\/\/www.freiburg-schwarzwald.de\/blog\/wp-json\/wp\/v2\/tags?post=99527"}],"curies":[{"name":"wp","href":"https:\/\/api.w.org\/{rel}","templated":true}]}}