{"id":99445,"date":"2022-03-17T15:34:22","date_gmt":"2022-03-17T14:34:22","guid":{"rendered":"https:\/\/www.freiburg-schwarzwald.de\/blog\/?p=99445"},"modified":"2022-03-17T15:35:44","modified_gmt":"2022-03-17T14:35:44","slug":"ungeimpfte-krankenschwester","status":"publish","type":"post","link":"https:\/\/www.freiburg-schwarzwald.de\/blog\/ungeimpfte-krankenschwester\/","title":{"rendered":"Ungeimpfte Krankenschwester"},"content":{"rendered":"<p>Sehr geehrte Krankenhausleitung,<br \/>\nmeine Ehefrau XXX hat mich darum gebeten, Ihnen zu schreiben.\u00a0Nun ist der Tag gekommen: Sie werden dem Gesundheitsamt am 16. M\u00e4rz 2022 pflichtgem\u00e4\u00df melden, dass XXX sich nicht der <a href=\"https:\/\/www.freiburg-schwarzwald.de\/blog\/business\/gesund\/corona-virus\/\">Corona<\/a>&#8211;<a href=\"https:\/\/www.freiburg-schwarzwald.de\/blog\/business\/gesund\/corona-virus\/impfzwang\/\">Impfung<\/a> unterworfen hat.<!--more--><\/p>\n<p>Nach Ihren letzten Aussagen beabsichtigen Sie, meine Frau ab diesem Tag nicht mehr zum Dienst einzusetzen. Sie wollen also auf ihre Arbeitskraft verzichten, bevor das Gesundheitsamt \u00fcberhaupt entschieden hat, welche Ma\u00dfnahmen (z.B. Betretungsverbot) erfolgen sollen.<\/p>\n<p>F\u00fcr meine wunderbare Frau bricht ihre Welt zusammen: Das Engagement, das sie f\u00fcr ihre Lebensaufgabe, den Dienst am kranken Menschen, in Ihrem Krankenhaus aufgebracht hat, soll nun also nach dem Willen der Politik, und offenbar auch nach Ihrem Willen ein j\u00e4hes Ende finden.<\/p>\n<p>XXX, mit der ich seit 30 Jahren \u00fcberaus gl\u00fccklich verheiratet bin und die mir zwei tolle S\u00f6hne geschenkt hat, wurde in Ihrem Krankenhaus zur Krankenschwester ausgebildet und ist seit 36 Jahren fast ununterbrochen bei Ihnen t\u00e4tig. Sie ist in der Notaufnahme eine von allen Mitarbeitern hoch respektierte Kollegin, engagiert und hilfsbereit. Die Patienten, denen sie immer empathisch, freundlich, fr\u00f6hlich und mit Herzensw\u00e4rme begegnet, sind voll des Lobes \u00fcber sie.<\/p>\n<p>Ich wei\u00df, wovon ich spreche, denn genauso ist sie in unserer Familie, begegnet sie jedem. Ein wahres Geschenk. Und daf\u00fcr lieben wir sie. Alle.<br \/>\nkrankNach gr\u00fcndlicher Nutzen-Risiko-Abw\u00e4gung hat XXX aus folgenden Gr\u00fcnden, die Ihnen sicherlich bekannt sind, beschlossen, sich vorl\u00e4ufig nicht gegen Corona impfen zu lassen:<\/p>\n<p>Die angebotenen Impfstoffe haben immer noch nur eine bedingte Zulassung. Sie sind nicht ausreichend erforscht. Diejenigen, die sich derzeit impfen lassen, sind Teil der Testgruppe.<br \/>\nEs ist aktueller Konsens (best\u00e4tigt vom RKI), dass die Corona-Impfungen nicht vor einer Ansteckung und Weitergabe des Corona-Erregers sch\u00fctzen, sondern lediglich in manchen F\u00e4llen vor einem schwereren Verlauf der Krankheit sch\u00fctzen. Sie dienen also lediglich dem Eigen- und nicht dem Fremdschutz.<br \/>\nDie Erkenntnisse offizieller Quellen (PEI, EudraVigilance, CDC) deuten darauf hin, dass gegen Corona geimpfte Menschen in erschreckend hoher Zahl mit schwersten Nebenwirkungen konfrontiert sind. Es ist inzwischen kein Geheimnis mehr, dass tausende Geimpfte nach einer Corona-Impfung verstorben sind.<br \/>\nIn den Monaten seit Beginn der Impfkampagne hat meine Frau in der 1. Hilfe auff\u00e4llig oft Patienten jeden Alters mit Akut-Erkrankungen wie Thrombose, G\u00fcrtelrose, Herzinfarkt und Vorhofflimmern behandelt. Noch nie in ihrem Berufsleben musste sie derart oft reanimieren. Bei fast allen Patienten lag ein zumindest zeitlicher Zusammenhang mit der Corona-Impfung vor.<\/p>\n<p>Dieser Umstand wurde jedoch in der Regel von ihren Pflegekollegen und den \u00c4rzten kaum zur Kenntnis genommen.<\/p>\n<p>\u00dcberhaupt war es f\u00fcr meine Frau erschreckend, zu erfahren, wie schnell sich ihre Kollegen impfen lie\u00dfen, ohne sich vorher ausreichend informiert zu haben. Inzwischen ist die \u00fcberwiegende Mehrheit einmal bzw. zweimal geboostert. Ein gro\u00dfer Teil davon war nach den Corona-Impfungen mehrere Tage krankgeschrieben, weigert sich jedoch bis heute, die Sinnhaftigkeit dieses Eingriffs in Frage zu stellen. Und das als Mediziner!<\/p>\n<p>Der beschlossene Impfzwang f\u00fcr medizinisches Personal widerspricht s\u00e4mtlichen Gesetzen der Logik und ist eine grobe Ungerechtigkeit gegen\u00fcber den \u00c4rzten, Krankenschwestern und -pflegern und allen anderen medizinischen Fachkr\u00e4ften, die sich derzeit nicht impfen lassen wollen. Besonders traurig ist, dass keine Solidarit\u00e4t der geimpften Krankenhausbelegschaft mit den ungeimpften Kollegen erkennbar ist. Auch hier, in einem Helferberuf, scheint sich inzwischen jeder selbst der N\u00e4chste zu sein.<\/p>\n<p>Es ist f\u00fcr mich vollkommen unverst\u00e4ndlich, mit welcher Begr\u00fcndung meine Frau, die sich jedes Mal vor Dienstantritt einem Test unterzieht, und die selbstverst\u00e4ndlich wie alle anderen Kollegen auch seit Pandemiebeginn s\u00e4mtliche coronabedingten Sicherheitsbestimmungen akribisch befolgt, als Ungeimpfte eine gr\u00f6\u00dfere Gefahr f\u00fcr die Patienten darstellen soll als das geimpfte Krankenhauspersonal.<\/p>\n<p>Genauso wie meine Frau bin ich ma\u00dflos entt\u00e4uscht, dass Sie als ihr Arbeitgeber sich nicht sch\u00fctzend vor sie stellen und alles daf\u00fcr tun, eine so kompetente Kollegin gerade in diesen schwierigen Pandemie- und Pflegenotstandzeiten f\u00fcr Ihr Krankenhaus zu retten. Im Gegenteil: Im vorauseilenden Gehorsam werden sie XXX ab dem 16.3.2022 vom Dienst suspendieren, bevor das Gesundheitsamt Ihnen mitgeteilt hat, wie hinsichtlich Ihrer ungeimpften Mitarbeiterin zu verfahren ist.<\/p>\n<p>Eine Frage an Sie zum Schluss: Vielleicht werden auch Sie einmal Patienten in einem Krankenhaus sein. Wollen Sie dann von einem Menschen versorgt werden, der sich ohne Widerspruch allen politischen \u201eGesundheitsvorgaben\u201c beugt, auch wenn sie jeder medizinischen Evidenz entbehren, oder von einem Menschen, der sich gewissenhaft fachlich informiert und bereit ist, gegebenenfalls auch gegen den Mainstream Entscheidungen zum Wohl der Kranken zu treffen?<\/p>\n<p>Ich bitte Sie eindringlich, Ihre Entscheidung noch einmal zu \u00fcberdenken, und ihre ungeimpften Mitarbeiter weiterhin in Ihrem Krankenhaus einzusetzen. Stellen Sie sich auf die Seite der engagierten Menschen in den Gesundheitsberufen und tragen Sie Sorge f\u00fcr alle Kranken. Jeder gute Mediziner wird dringend gebraucht in diesen schweren Zeiten.<br \/>\nViele Gr\u00fc\u00dfe<br \/>\n&#8230; Alles vom 17.3.2022 bitte lesen auf<br \/>\n<a href=\"https:\/\/reitschuster.de\/post\/ungeimpfte-krankenschwester-die-familie-steht-auf\/\">https:\/\/reitschuster.de\/post\/ungeimpfte-krankenschwester-die-familie-steht-auf\/<\/a><\/p>\n<p>Einige Kommentare:<br \/>\n<strong>Wie lange soll die Corona-Farce eigentlich noch weitergehen?<\/strong><br \/>\n<a href=\"https:\/\/www.sciencefiles.org\/2022\/03\/16\/neue-daten-aus-england-covid-19-weniger-toedlich-als-influenza\/\">https:\/\/www.sciencefiles.org\/2022\/03\/16\/neue-daten-aus-england-covid-19-weniger-toedlich-als-influenza\/<\/a><br \/>\n17.3.2022, K.M.<\/p>\n<p><strong>Nun ja, in unserem Kreiskrankenhaus wurde ein immenser Druck<\/strong><br \/>\ngegen\u00fcber dem Personal aufgebaut, weil den Chefs der Abteilungen, die es auf 100 % geimpftes Personal bringen, Pr\u00e4mien versprochen wurden. aber das erscheint nat\u00fcrlich in keiner Presse und ist offiziell nat\u00fcrlich auch nicht der Grund, sondern die so viel missbrauchte &#8222;Solidarit\u00e4t&#8220;. Wie es weitergeht werde ich nicht mehr erfahren, meine Frau hat zum Ende Feb gek\u00fcndigt, diesen Druck muss sich niemand antun.<br \/>\n17.3.2022, E.W.<\/p>\n<p><strong>Beim Lesen \u00fcberkommt mich eine G\u00e4nsehaut am ganzen K\u00f6rper.<\/strong><br \/>\nEs ist zutiefst deprimierend und im Nachgang steigt Wut und Hass auf die Verantwortlichen auf. Wie Delinquenten vor der Hinrichtung m\u00fcssen tausende von rechtschaffenen, flei\u00dfigen und unglaublich wertvollen Mitmenschen in diesem Land bis zur letzten Stunde gehofft haben, dass noch ein Wunder geschied. Nichts. Die H\u00f6chststrafe &#8211; Vernichtung der beruflichen Existenz &#8211; wird gnadenlos und unbarmherzig vollstreckt<br \/>\n17.3.2022, J.W.<\/p>\n<p><strong>&#8230; es wird nichts passieren<\/strong><br \/>\nAlle Argumente sind richtig und nachvollziehbar. Aber es wird nichts passieren. Es ist in diesem Land geworden, wie es schon mal war: Man macht die Augen zu und &#8222;f\u00fcgt sich&#8220;. Der Einsatz f\u00fcr dieses &#8222;Sich-F\u00fcgen&#8220; ist mindestens die Gesundheit, vielleicht das Leben. Aber der Gro\u00dfteil der Bev\u00f6lkerung will nicht anecken, nicht auffallen und bef\u00fcrchtet Konsequenzen f\u00fcr sich. Teilweise war es auch so in der DDR, und deshalb ist meine Verwunderung um so gr\u00f6\u00dfer &#8211; als die Mauer fiel, gab es jede Menge B\u00fcrger im Westen, die mir wortreich erkl\u00e4rten, mit ihnen w\u00e4re so ein System wie in der DDR nicht m\u00f6glich gewesen. Und heute sehe ich hier \u00fcberwiegend Duckm\u00e4user, Feiglinge und Mitl\u00e4ufer. Sie lassen sich einlullen von den MSM und meinen, wenn alle auf der vorgegebenen Linie sind, ist das Demokratie. Pfui Teufel, was ist aus diesem Land geworden!<br \/>\n17.3.2022, Sil<\/p>\n<p><strong>Deutsche Mitarbeiter im Gesundheitswesen durch Billiglohn-Migranten ersetzen,<\/strong><br \/>\nwird sicher ganz hervorragend funktionieren:<br \/>\nNoch immer leben Syrer zu 65% von Hartz IV.<br \/>\nSieben Jahre (!) nach den Merkelschen Chaosjahren 2015\/16 kostet die orientalische Zuwanderung heute noch immer 22 Milliarden Euro pro Jahr! Lediglich 27,4% der Syrer waren laut Bundesagentur 2021 sozialversicherungspflichtig besch\u00e4ftigt.<br \/>\nQuelle: <a href=\"https:\/\/www.wochenblick.at\/migrationskrise\/fluechtlingskrise-tausche-syrer-gegen-ukrainer\/\">https:\/\/www.wochenblick.at\/migrationskrise\/fluechtlingskrise-tausche-syrer-gegen-ukrainer\/<\/a><br \/>\n17.3.2022, Dr<\/p>\n<p><strong>Der Staat will Recht behalten &#8230;<\/strong><br \/>\nDieser offensichtliche Corona-Covid-Irrsinn hat nichts mit Gesundheitspolitik zu tun! Der angebliche Impfschutz ist gegen die jetzt kursierenden Mutationen des SARS-CoV nicht vorhanden! Anzunehmen eine &#8222;Impfung&#8220; zum jetzigen Zeitpunkt , mit dieser nutzlosen Gentherapie, k\u00f6nne vor einer Infektion mit anderen Virus-Varianten im Herbst sch\u00fctzen, ist doch v\u00f6llig absurd, ja geradezu irre!<br \/>\nDas ganze Theater ist ein Unterwerfungsritual! Der Staat will Recht behalten, obwohl er sich verrannt hat und sein Handeln Unrecht ist, und jeder hat gehorsam zu sein!<br \/>\nObrigkeits- und B\u00fcttelstaat, geliefert wie gew\u00e4hlt!<br \/>\n17.3.2022, Ala<br \/>\nEnde Kommentare<\/p>\n","protected":false},"excerpt":{"rendered":"<p>Sehr geehrte Krankenhausleitung, meine Ehefrau XXX hat mich darum gebeten, Ihnen zu schreiben.\u00a0Nun ist der Tag gekommen: Sie werden dem Gesundheitsamt am 16. M\u00e4rz 2022 pflichtgem\u00e4\u00df melden, dass XXX sich nicht der Corona&#8211;Impfung unterworfen hat.<\/p>\n","protected":false},"author":2,"featured_media":0,"comment_status":"open","ping_status":"closed","sticky":false,"template":"","format":"standard","meta":{"footnotes":""},"categories":[433,21,36,158],"tags":[382,700,426,644],"class_list":["post-99445","post","type-post","status-publish","format-standard","hentry","category-arzt","category-dienste","category-engagement","category-gesund","tag-arbeit-working","tag-corona","tag-job","tag-krankheit"],"_links":{"self":[{"href":"https:\/\/www.freiburg-schwarzwald.de\/blog\/wp-json\/wp\/v2\/posts\/99445","targetHints":{"allow":["GET"]}}],"collection":[{"href":"https:\/\/www.freiburg-schwarzwald.de\/blog\/wp-json\/wp\/v2\/posts"}],"about":[{"href":"https:\/\/www.freiburg-schwarzwald.de\/blog\/wp-json\/wp\/v2\/types\/post"}],"author":[{"embeddable":true,"href":"https:\/\/www.freiburg-schwarzwald.de\/blog\/wp-json\/wp\/v2\/users\/2"}],"replies":[{"embeddable":true,"href":"https:\/\/www.freiburg-schwarzwald.de\/blog\/wp-json\/wp\/v2\/comments?post=99445"}],"version-history":[{"count":3,"href":"https:\/\/www.freiburg-schwarzwald.de\/blog\/wp-json\/wp\/v2\/posts\/99445\/revisions"}],"predecessor-version":[{"id":99448,"href":"https:\/\/www.freiburg-schwarzwald.de\/blog\/wp-json\/wp\/v2\/posts\/99445\/revisions\/99448"}],"wp:attachment":[{"href":"https:\/\/www.freiburg-schwarzwald.de\/blog\/wp-json\/wp\/v2\/media?parent=99445"}],"wp:term":[{"taxonomy":"category","embeddable":true,"href":"https:\/\/www.freiburg-schwarzwald.de\/blog\/wp-json\/wp\/v2\/categories?post=99445"},{"taxonomy":"post_tag","embeddable":true,"href":"https:\/\/www.freiburg-schwarzwald.de\/blog\/wp-json\/wp\/v2\/tags?post=99445"}],"curies":[{"name":"wp","href":"https:\/\/api.w.org\/{rel}","templated":true}]}}