{"id":9932,"date":"2012-08-25T10:35:45","date_gmt":"2012-08-25T08:35:45","guid":{"rendered":"https:\/\/www.freiburg-schwarzwald.de\/blog\/?p=9932"},"modified":"2012-08-25T10:46:30","modified_gmt":"2012-08-25T08:46:30","slug":"augustinerweg-schwabentor-gewerbekanal-schlossberg","status":"publish","type":"post","link":"https:\/\/www.freiburg-schwarzwald.de\/blog\/augustinerweg-schwabentor-gewerbekanal-schlossberg\/","title":{"rendered":"Augustinerweg &#8211; Schwabentor Gewerbekanal Schlossberg"},"content":{"rendered":"<p>Das verwilderte Kleinod des Carl Mez &#8211; Vom Schwabentor durch den Mez\u2019schen-Schlossberggarten zum Burghaldering &#8211; Nur wenige d\u00fcrften diesen Pfad kennen. Er startet beim Fu\u00dfg\u00e4nger\u00fcbergang am Schlossbergring und f\u00fchrt zun\u00e4chst als Augustinerweg zwischen dem Weinberg des Stiftungsweingutes und dem Gewerbekanal nach Osten. Nach etwa zehn Gehminuten f\u00fchrt dieser Pfad in ein <a title=\"Stadtwald\" href=\"https:\/\/www.freiburg-schwarzwald.de\/blog\/natur\/wald\/stadtwald\/\">waldreiches Gebiet<\/a>. Und hier, unter den dicht stehenden Kronen von Buchen, Eichen und Ahornb\u00e4umen tut sich Unerwartetes auf. <!--more-->Entlang von St\u00fctzmauern, die den steilen Abhang als einst bewirtschaftetes Kulturland ausweisen, schl\u00e4ngelt sich der Weg in Serpentinen nach oben und m\u00fcndet auf den Burghaldering. Was f\u00fcr ein sch\u00f6ner, verwunschener Ort. Es ist der Garten, den der Industrielle Carl Mez in den 1870er Jahren am S\u00fcdhang des Schlossbergs hatte anlegen lassen. Dem Alter der B\u00e4ume nach zu schlie\u00dfen war das Gel\u00e4nde vor ungef\u00e4hr 90 Jahren als Garten aufgegeben worden. Die nat\u00fcrliche Entwicklung \u2013 auch Sukzession genannt \u2013 hat einen lichten Laubwald aus B\u00e4umen und Geh\u00f6lzen entstehen lassen, die auch an anderer Stelle des Schlossbergs vorkommen. Wo der Granit zu steil abf\u00e4llt und sich kein Humus verfestigen konnte, haben sich Sonneninseln gehalten und damit Lebensr\u00e4ume f\u00fcr Eidechsen.<br \/>\nTreppenstufen aus roten Sandsteinquadern, von Natursteinmauern eingefasste und gest\u00fctzte Terrassen und eine Quellfassung belegen, dass der Steilhang einst kultiviert gewesen sein muss. Auch gibt es Geh\u00f6lze, die von Natur aus hier nicht vorkommen w\u00fcrden, etwa Buchs und Flieder. Der Serpentinenpfad passiert nach 20 Minuten den Weinberg, der vom Ihringer Weingut Stigler bewirtschaftet wird. Auch diese Reben wurden einst von Carl Mez, oder besser gesagt, von seinen Mitarbeitern kultiviert. Mez stammte aus Kandern und war mit der Landwirtschaft und dem Weinbau vertraut. Er hatte das Gel\u00e4nde jedoch nicht als Erster urbar gemacht. Der Freiburger Stadtplan von 1877 weist fast den ganzen Hang unterhalb des Burghalderings als Rebfl\u00e4che aus. Carl Mez hatte das Gel\u00e4nde hinter seinem Fabrikgel\u00e4nde denn auch als Weinberg erworben, und zwar in zwei Abschnitten. Am 18. Juli 1851 kaufte er dem Buchh\u00e4ndler Adolph Emmerling das &#8222;f\u00fcnf Jauchert, neun Haufen, f\u00fcnf Ruthen und 59 Schuh&#8220; umfassende Rebgut im Gewann &#8222;Burghalten&#8220; ab und am 21. Februar 1862 &#8222;ungef\u00e4hr einen Morgen&#8220; von Max Freiherr von Ring. Die Fl\u00e4che im &#8222;Burghalten&#8220; war allerdings von Anfang an nicht vollst\u00e4ndig bestockt, sondern von Geh\u00f6lzinseln durchbrochen, weil die Bewirtschaftung unm\u00f6glich war. Hier wurde der Hanggarten angelegt. Oben angekommen empfiehlt sich eine Fortsetzung des Spaziergangs zum Kanonenplatz und von dort aus zur\u00fcck zum Schwabentorring.<\/p>\n<div>\n<div>Start und Ziel: Augustinerweg beim Schwabentorring, Stadtbahnlinie 1, Haltestelle Schwabentorbr\u00fccke<\/div>\n<p>L\u00e4nge: Aufstieg 0,8 km, als Rundwanderung \u00fcber den Kanonenplatz 1,8 km Dauer: 20 Minuten oder eine Dreiviertelstunde<\/p>\n<\/div>\n<p>\u00a0Silvia Faller, 25.8.2012<\/p>\n<div id=\"attachment_9934\" style=\"width: 145px\" class=\"wp-caption alignnone\"><a href=\"https:\/\/www.freiburg-schwarzwald.de\/blog\/augustinerweg-schwabentor-gewerbekanal-schlossberg\/mez1-gewerbebach110310\/\" rel=\"attachment wp-att-9934\"><img loading=\"lazy\" decoding=\"async\" aria-describedby=\"caption-attachment-9934\" class=\"size-thumbnail wp-image-9934\" title=\"mez1-gewerbebach110310\" src=\"https:\/\/www.freiburg-schwarzwald.de\/blog\/wp-content\/uploads\/2012\/08\/mez1-gewerbebach110310-135x180.jpg\" alt=\"Mez-Gel\u00e4nde Oberau am 13.3.2011: Blick nach Westen \u00fcber den Gewerbebach bis zum Greiffenegg\" width=\"135\" height=\"180\" srcset=\"https:\/\/www.freiburg-schwarzwald.de\/blog\/wp-content\/uploads\/2012\/08\/mez1-gewerbebach110310-135x180.jpg 135w, https:\/\/www.freiburg-schwarzwald.de\/blog\/wp-content\/uploads\/2012\/08\/mez1-gewerbebach110310.jpg 480w\" sizes=\"auto, (max-width: 135px) 100vw, 135px\" \/><\/a><p id=\"caption-attachment-9934\" class=\"wp-caption-text\">Mez-Gel\u00e4nde Oberau am 13.3.2011: Blick nach Westen \u00fcber den Gewerbebach bis zum Greiffenegg<\/p><\/div>\n<div class=\"mceTemp\">Mez-Gel\u00e4nde Oberau am 13.3.2011: Blick nach Westen \u00fcber den <a href=\"https:\/\/www.freiburg-schwarzwald.de\/littenweiler\/bach.htm#Gewerbebach zwischen Sandfang und Lehen bzw. Hochdorf\">Gewerbebach<\/a> bis zum Greiffenegg &#8211; rechts der schmale Augustinerweg. mehr auf <a href=\"https:\/\/www.freiburg-dreisamtal.de\/bach.htm\">www.freiburg-dreisamtal.de\/bach.htm<\/a><\/div>\n","protected":false},"excerpt":{"rendered":"<p>Das verwilderte Kleinod des Carl Mez &#8211; Vom Schwabentor durch den Mez\u2019schen-Schlossberggarten zum Burghaldering &#8211; Nur wenige d\u00fcrften diesen Pfad kennen. Er startet beim Fu\u00dfg\u00e4nger\u00fcbergang am Schlossbergring und f\u00fchrt zun\u00e4chst als Augustinerweg zwischen dem Weinberg des Stiftungsweingutes und dem Gewerbekanal &hellip; <a href=\"https:\/\/www.freiburg-schwarzwald.de\/blog\/augustinerweg-schwabentor-gewerbekanal-schlossberg\/\">Weiterlesen <span class=\"meta-nav\">&rarr;<\/span><\/a><\/p>\n","protected":false},"author":4,"featured_media":0,"comment_status":"closed","ping_status":"closed","sticky":false,"template":"","format":"standard","meta":{"footnotes":""},"categories":[49,122],"tags":[331,380],"class_list":["post-9932","post","type-post","status-publish","format-standard","hentry","category-freiburg","category-wandern","tag-tourist","tag-wanderweg"],"_links":{"self":[{"href":"https:\/\/www.freiburg-schwarzwald.de\/blog\/wp-json\/wp\/v2\/posts\/9932","targetHints":{"allow":["GET"]}}],"collection":[{"href":"https:\/\/www.freiburg-schwarzwald.de\/blog\/wp-json\/wp\/v2\/posts"}],"about":[{"href":"https:\/\/www.freiburg-schwarzwald.de\/blog\/wp-json\/wp\/v2\/types\/post"}],"author":[{"embeddable":true,"href":"https:\/\/www.freiburg-schwarzwald.de\/blog\/wp-json\/wp\/v2\/users\/4"}],"replies":[{"embeddable":true,"href":"https:\/\/www.freiburg-schwarzwald.de\/blog\/wp-json\/wp\/v2\/comments?post=9932"}],"version-history":[{"count":0,"href":"https:\/\/www.freiburg-schwarzwald.de\/blog\/wp-json\/wp\/v2\/posts\/9932\/revisions"}],"wp:attachment":[{"href":"https:\/\/www.freiburg-schwarzwald.de\/blog\/wp-json\/wp\/v2\/media?parent=9932"}],"wp:term":[{"taxonomy":"category","embeddable":true,"href":"https:\/\/www.freiburg-schwarzwald.de\/blog\/wp-json\/wp\/v2\/categories?post=9932"},{"taxonomy":"post_tag","embeddable":true,"href":"https:\/\/www.freiburg-schwarzwald.de\/blog\/wp-json\/wp\/v2\/tags?post=9932"}],"curies":[{"name":"wp","href":"https:\/\/api.w.org\/{rel}","templated":true}]}}