{"id":98994,"date":"2022-02-22T16:01:05","date_gmt":"2022-02-22T15:01:05","guid":{"rendered":"https:\/\/www.freiburg-schwarzwald.de\/blog\/?p=98994"},"modified":"2022-02-24T16:23:54","modified_gmt":"2022-02-24T15:23:54","slug":"neu-bundestag-ohne-debatten","status":"publish","type":"post","link":"https:\/\/www.freiburg-schwarzwald.de\/blog\/neu-bundestag-ohne-debatten\/","title":{"rendered":"Neu: Bundestag ohne Debatten"},"content":{"rendered":"<p>Ren\u00e9 Springer (AfD) fragt am 21.2.2022 im <a href=\"https:\/\/www.freiburg-schwarzwald.de\/blog\/engagement\/zukunft\/demokratie\/bundestag\/\">Bundestag<\/a>, ob die Regierung angesichts der steigenden Benzinpreise zu einer <a href=\"https:\/\/www.freiburg-schwarzwald.de\/blog\/engagement\/verbraucher\/steuern\/\">Mineralsteuersenkung<\/a> wie in <a href=\"https:\/\/www.freiburg-schwarzwald.de\/blog\/global\/polen\/\">Polen<\/a> bereit w\u00e4re. Der Abgeordnete Andreas Audretsch (Gr\u00fcne) verweigert die Antwort und gibt stattdessen das Statement ab, dass er &#8222;mit einem <a href=\"https:\/\/www.freiburg-schwarzwald.de\/blog\/engagement\/zukunft\/demokratie\/extremismus\/\">Rechtsextremisten<\/a> nicht spricht&#8220; und nicht &#8222;in einen <a href=\"https:\/\/www.freiburg-schwarzwald.de\/blog\/kultur\/medien\/diskussionskultur\/\">Dialog<\/a> tritt&#8220;. Bitte h\u00f6ren Sie sich die Frage und die Antwort im Parlament an: <a href=\"https:\/\/youtu.be\/amlxyAk9lOE\">https:\/\/youtu.be\/amlxyAk9lOE<\/a><br \/>\n<a href=\"https:\/\/www.youtube.com\/watch?v=LISpInEXtvA\">https:\/\/www.youtube.com\/watch?v=LISpInEXtvA<\/a><\/p>\n<p>Diese <a href=\"https:\/\/www.freiburg-schwarzwald.de\/blog\/engagement\/zukunft\/demokratie\/diskursverweigerung\/\">Diskursverweigerung<\/a> ist geradezu <a href=\"https:\/\/www.freiburg-schwarzwald.de\/blog\/engagement\/rassismus\/\">rassistisch<\/a>: Vertreter einer 14,8%-Partei (<a href=\"https:\/\/www.freiburg-schwarzwald.de\/blog\/vereine\/partei\/gruene\/\">Gr\u00fcne<\/a>) sprechen Vertretern einer 10,3%-Partei (<a href=\"https:\/\/www.freiburg-schwarzwald.de\/blog\/vereine\/partei\/afd\/\">AfD<\/a>) das Recht ab, innerhalb des Bundestags am parlamentarischen Dialog teilnehmen zu d\u00fcrfen. Die Bundestagspr\u00e4sidentin geht dagegen nicht vor, akzeptiert dies demnach.<br \/>\nAuf eine verkehrspolitisch-sachliche Frage erfolgt eine ideologisch-undemokratische Antwort<br \/>\nZum einen mi\u00dfachtet dieses Statement des Gr\u00fcnen-Abgeordneten die Probleme aller auf das Auto angewiesenen und unter den exorbitant steigenden Spritpreisen (Literpreis in PL um 60 ct niedriger als in D) leidenden B\u00fcrger, ja es verh\u00f6hnt diese geradezu.<\/p>\n<p>Zum anderen markiert dieses Statement den Anfang vom Ende der parlamentarischen <a href=\"https:\/\/www.freiburg-schwarzwald.de\/blog\/kultur\/medien\/diskussionskultur\/\">Debattenkultur<\/a>. Denn nicht nur Bundestagsabgeordnete von Gr\u00fcne, SPD und FDP, sondern auch CDU applaudierten dem MdB Audretsch f\u00fcr sein demokratiezerst\u00f6rendes Statement. Die CDU ist anscheinend zu keiner Oppositionsarbeit f\u00e4hig oder willens. Ein Parlament , in dem nicht alle Parlamentarier von allen Geh\u00f6r und Antwort finden, ist kein demokratisches <a href=\"https:\/\/www.freiburg-schwarzwald.de\/blog\/engagement\/zukunft\/demokratie\/parlament\/\">Parlament<\/a>, sondern eher ein <a href=\"https:\/\/www.freiburg-schwarzwald.de\/blog\/engagement\/zukunft\/demokratie\/parlament\/parlamentarismus\/\">Scheinparlament<\/a>, wie es in <a href=\"https:\/\/www.freiburg-schwarzwald.de\/blog\/engagement\/zukunft\/demokratie\/totalitarismus\/\">totalit\u00e4ren<\/a> Systemen \u00fcblich ist. Damit der Bundestag nicht in Richtung Scheinparlament abdriftet, mu\u00df diese skandal\u00f6ser Vorgang Audretsch-Springer vom 21.2.2022 verurteilt werden. Eine Demokratie lebt vom demokratischen Streit bzw. von einer Diskussionskultur.<\/p>\n<p>Anmerkung: In den meisten Medien wird nur die unsachliche Antwort (live 11:18) wiedergegeben, die vorausgehende sachliche Frage hingegen unterschlagen: <a href=\"https:\/\/youtu.be\/FQHunxOuG5A\">https:\/\/youtu.be\/FQHunxOuG5A<\/a><br \/>\n22.2.2022<\/p>\n<p><strong>Bundestagsprotokoll vom Tage:<\/strong><br \/>\n<a href=\"https:\/\/www.bundestag.de\/dokumente\/protokolle\/vorlaeufig\/20018-881568\">https:\/\/www.bundestag.de\/dokumente\/protokolle\/vorlaeufig\/20018-881568<\/a><br \/>\n.<br \/>\n.<br \/>\n<strong>Neulich im Bundestag<\/strong><br \/>\nMit so einer Replik hatte wohl nicht nur \u201edie AfD\u201d nicht gerechnet. Mit dieser unglaublichen Anma\u00dfung, zwischen gespr\u00e4chsw\u00fcrdigen und gespr\u00e4chsunw\u00fcrdigen immerhin ja gew\u00e4hlten Parlamentsmitgliedern zu unterscheiden und die Antwort auf eine Frage zu verweigern, die derzeit das halbe Land und vor allem die Einkommenschw\u00e4cheren besch\u00e4ftigt, muss man erst zu rechnen lernen \u2013 aber mit dem schn\u00f6den Wahlvolk hatte die gr\u00fcne Welterl\u00f6sertruppe ja nie viel am Ge\u00dflerhut.<br \/>\nMit der Pr\u00e4potenz eines noch nicht mal vierzigj\u00e4hrigen Fatzkes, der nie in einer seri\u00f6sen Branche gearbeitet, nie einen eigenen Gedanken gedacht hat, sich aber im Schutze der Macht, der Mehrheit und der herrschenden Tendenz suhlt (im umgekehrten Fall s\u00e4he man von diesem Musterexemplar eines autorit\u00e4ren Charakters nicht einmal die Nasenspitze), muss man erst zu rechnen lernen.<br \/>\n&#8230; Alles vom 22.2.2022 bitte lesen auf<br \/>\n<a href=\"https:\/\/www.klonovsky.de\/2022\/02\/neulich-im-bundestag\/\">https:\/\/www.klonovsky.de\/2022\/02\/neulich-im-bundestag\/<\/a><\/p>\n","protected":false},"excerpt":{"rendered":"<p>Ren\u00e9 Springer (AfD) fragt am 21.2.2022 im Bundestag, ob die Regierung angesichts der steigenden Benzinpreise zu einer Mineralsteuersenkung wie in Polen bereit w\u00e4re. Der Abgeordnete Andreas Audretsch (Gr\u00fcne) verweigert die Antwort und gibt stattdessen das Statement ab, dass er &#8222;mit &hellip; <a href=\"https:\/\/www.freiburg-schwarzwald.de\/blog\/neu-bundestag-ohne-debatten\/\">Weiterlesen <span class=\"meta-nav\">&rarr;<\/span><\/a><\/p>\n","protected":false},"author":2,"featured_media":0,"comment_status":"open","ping_status":"closed","sticky":false,"template":"","format":"standard","meta":{"footnotes":""},"categories":[1],"tags":[],"class_list":["post-98994","post","type-post","status-publish","format-standard","hentry","category-allgemein"],"_links":{"self":[{"href":"https:\/\/www.freiburg-schwarzwald.de\/blog\/wp-json\/wp\/v2\/posts\/98994","targetHints":{"allow":["GET"]}}],"collection":[{"href":"https:\/\/www.freiburg-schwarzwald.de\/blog\/wp-json\/wp\/v2\/posts"}],"about":[{"href":"https:\/\/www.freiburg-schwarzwald.de\/blog\/wp-json\/wp\/v2\/types\/post"}],"author":[{"embeddable":true,"href":"https:\/\/www.freiburg-schwarzwald.de\/blog\/wp-json\/wp\/v2\/users\/2"}],"replies":[{"embeddable":true,"href":"https:\/\/www.freiburg-schwarzwald.de\/blog\/wp-json\/wp\/v2\/comments?post=98994"}],"version-history":[{"count":3,"href":"https:\/\/www.freiburg-schwarzwald.de\/blog\/wp-json\/wp\/v2\/posts\/98994\/revisions"}],"predecessor-version":[{"id":98997,"href":"https:\/\/www.freiburg-schwarzwald.de\/blog\/wp-json\/wp\/v2\/posts\/98994\/revisions\/98997"}],"wp:attachment":[{"href":"https:\/\/www.freiburg-schwarzwald.de\/blog\/wp-json\/wp\/v2\/media?parent=98994"}],"wp:term":[{"taxonomy":"category","embeddable":true,"href":"https:\/\/www.freiburg-schwarzwald.de\/blog\/wp-json\/wp\/v2\/categories?post=98994"},{"taxonomy":"post_tag","embeddable":true,"href":"https:\/\/www.freiburg-schwarzwald.de\/blog\/wp-json\/wp\/v2\/tags?post=98994"}],"curies":[{"name":"wp","href":"https:\/\/api.w.org\/{rel}","templated":true}]}}