{"id":98558,"date":"2022-02-11T17:32:32","date_gmt":"2022-02-11T16:32:32","guid":{"rendered":"https:\/\/www.freiburg-schwarzwald.de\/blog\/?p=98558"},"modified":"2022-02-11T18:25:37","modified_gmt":"2022-02-11T17:25:37","slug":"freedom-speech-truckerconvoy","status":"publish","type":"post","link":"https:\/\/www.freiburg-schwarzwald.de\/blog\/freedom-speech-truckerconvoy\/","title":{"rendered":"Freedom-Speech TruckerConvoy"},"content":{"rendered":"<p>&#8222;Julie Ponesse\u2019s Speech to the Trucker Convoy&#8220; &#8211; die Ethikprofessorin<a href=\"https:\/\/www.freiburg-schwarzwald.de\/blog\/selbsthilfe\/soziales\/arbeit\/jobverlust\/\"> Julie Ponesse<\/a> spricht am 31.1.2022 in Ottawa vor Tausenden der \u00fcber 50.000 Trucker, die in <a href=\"https:\/\/www.freiburg-schwarzwald.de\/blog\/global\/kanada\/\">Kanada<\/a> von der links-liberalen Regierung die R\u00fcckgabe der <a href=\"https:\/\/www.freiburg-schwarzwald.de\/blog\/engagement\/zukunft\/demokratie\/grundgesetz\/grundrechte\/\">Grundrechte<\/a> an die malochende <a href=\"https:\/\/www.freiburg-schwarzwald.de\/blog\/bildung\/duale-bildung\/facharbeiter\/\">Arbeiterschaft<\/a> und <a href=\"https:\/\/www.freiburg-schwarzwald.de\/blog\/engagement\/zukunft\/demokratie\/mittelschicht\/\">Mittelschicht<\/a> fordern.<br \/>\n<!--more-->Eine mitreissende Rede von einer intelligenten und mutigen Frau, der wegen ihres Widerstandes gegen die <a href=\"https:\/\/www.freiburg-schwarzwald.de\/blog\/kultur\/kulturverlust\/woke\/\">Woke<\/a>-Unkultur bzw. <a href=\"https:\/\/www.freiburg-schwarzwald.de\/blog\/kultur\/kulturverlust\/cancelculture\/\">Cancel Culture<\/a> und ihres Eintretens f\u00fcr die b\u00fcrgerlichen <a href=\"https:\/\/www.freiburg-schwarzwald.de\/blog\/engagement\/zukunft\/demokratie\/freiheit\/freiheitsrechte\/\">Freiheitsrechte<\/a> im November 2021 die Professor an der Universit\u00e4t entzogen worden ist. Eine Rede f\u00fcr <a href=\"https:\/\/www.freiburg-schwarzwald.de\/blog\/engagement\/zukunft\/demokratie\/demokratie-nation\/\">Demokratie<\/a>, <a href=\"https:\/\/www.freiburg-schwarzwald.de\/blog\/selbsthilfe\/soziales\/justiz\/rechtsstaat\/\">Recht<\/a> und <a href=\"https:\/\/www.freiburg-schwarzwald.de\/blog\/freiheit-freiheitsrechte-freiheit\/\">Freiheit<\/a>, die sinngem\u00e4\u00df auch der deutschen <a href=\"https:\/\/www.freiburg-schwarzwald.de\/blog\/global\/deutschland\/gesellschaft\/zivilgesellschaft\/\">Gesellschaft<\/a> auf ihren <a href=\"https:\/\/www.freiburg-schwarzwald.de\/blog\/engagement\/buergerinitiativen\/montagsdemos\/\">Montagsdemos<\/a> und <a href=\"https:\/\/www.freiburg-schwarzwald.de\/blog\/engagement\/buergerinitiativen\/spaziergaenge\/\">Spazierg\u00e4ngen<\/a> gut tun w\u00fcrde.<br \/>\n11.2.2022<\/p>\n<p><strong>&#8222;Julie Ponesse spricht beim FreedomConvoy in Ottawa\u201c<\/strong><br \/>\nDas Recht auf Leben, Freiheit und Sicherheit der Person.<br \/>\nDas Recht auf Gleichheit vor dem Gesetz und auf den Schutz durch das Gesetz.<br \/>\nFreiheit der Religion.<br \/>\nFreiheit der Rede.<br \/>\nVersammlungs- und Vereinigungsfreiheit.<br \/>\nFreiheit der Presse.<\/p>\n<p>Im Jahr 1957 sagte John Diefenbaker, dass diese Grundfreiheiten, die drei Jahre sp\u00e4ter Teil unserer Bill of Rights wurden, gesetzlich verankert werden m\u00fcssen, damit sie nicht vom Staat bedroht werden k\u00f6nnen.<\/p>\n<p>Heute sind diese Freiheiten nicht nur bedroht, sie sind uns genommen worden. Und sie sind in Gefahr, f\u00fcr immer verloren zu gehen.<br \/>\nIn einem einzigen Jahr wurde die liberale Demokratie in Kanada von dem Sohn des Mannes, der diese Grundfreiheiten in unserer Verfassung verankert hat, ausgel\u00f6scht.<\/p>\n<p>Wir haben zwei Jahre lang eine Pandemie von Zwang und Befolgung ertragen.<\/p>\n<p>Wir haben unser Gesundheitssystem, unsere politische Infrastruktur und unsere Wirtschaft zum Stillstand gebracht, um die Ausbreitung eines Virus zu verhindern, f\u00fcr den es die ganze Zeit sichere und wirksame Behandlungsmethoden gab. Stattdessen hat man uns einen zum Scheitern verurteilten Fluchtplan \u201eImpfung der Welt\u201d aufgezwungen, der von vornherein nicht h\u00e4tte genehmigt werden d\u00fcrfen.<\/p>\n<p>Zwei Jahre lang haben Sie, unsere Regierungen, angeheizt durch die Medien, uns erniedrigt, verspottet, abgesagt und ignoriert. Wir haben versucht, uns an Diskussionen \u00fcber die medizinischen, rechtlichen und ethischen Aspekte der Pandemiebek\u00e4mpfung zu beteiligen. Und sie beschimpfen uns einfach.<\/p>\n<p>Sie haben uns unsere Arbeitspl\u00e4tze weggenommen, unsere Sparkonten geleert, unsere Freundschaften auf die Probe gestellt, unsere Familien zerst\u00f6rt und die Hoffnung unserer Kinder auf die Zukunft ausgel\u00f6scht.<\/p>\n<p>Sie haben \u00c4rzten die Approbation entzogen, Polizisten ihre Dienstmarken und Lehrern ihre Privilegien im Klassenzimmer.<br \/>\nSie haben uns als Randgruppen, ungebildet, wissenschaftlich ungebildet und moralisch bankrott bezeichnet. Sie haben gesagt, dass Sie kein Mitgef\u00fchl f\u00fcr die Ungeimpften haben, dass sie keine medizinische Versorgung verdienen, dass sie keine Stimme in der Gesellschaft verdienen, dass sie nicht einmal einen Platz in unserer Demokratie verdienen.<br \/>\nSie haben die Saat des Misstrauens gen\u00e4hrt und die Flammen des Hasses zwischen uns angefacht.<\/p>\n<p>Aber das Schlimmste ist vielleicht, dass wir Ihnen das erlaubt haben.<br \/>\nWir haben Ihnen erlaubt, unser Vertrauen ineinander zu brechen und unser Vertrauen in unsere F\u00e4higkeit, selbst zu denken. Und jetzt verstecken ihr euch und lauft davon, wenn die Wahrheit vor eurer T\u00fcr steht.<\/p>\n<p>Wie sind wir hierher gekommen?<br \/>\nBig Pharma? Wahrscheinlich.<br \/>\nAusverkaufte Mainstream-Medien? Auf jeden Fall.<br \/>\nMachtmissbrauch durch Tech-Giganten und Berufspolitiker? Mit ziemlicher Sicherheit.<\/p>\n<p>Aber unser wahres moralisches Versagen besteht darin, dass wir uns das selbst angetan haben.<br \/>\nWir haben es zugelassen. Und einige von uns haben es sich zu eigen gemacht. Wir haben eine Zeit lang vergessen, dass Freiheit jeden Tag gelebt werden muss und dass wir an manchen Tagen f\u00fcr sie k\u00e4mpfen m\u00fcssen. Wir haben vergessen, dass, wie Premierminister Brian Peckford sagte, \u201eselbst in den besten Zeiten sind wir nur einen Herzschlag von der Tyrannei entfernt\u201d. Wir haben unsere Freiheit als selbstverst\u00e4ndlich angesehen, und jetzt laufen wir Gefahr, sie zu verlieren.<\/p>\n<p>Aber wir wachen auf und werden uns nicht mehr so leicht verf\u00fchren oder zwingen lassen. Unsere Regierungen zeigen die Risse. Der Damm bricht. Die Fakten sind nicht auf eurer Seite. Ihr k\u00f6nnt nicht l\u00e4nger so weitermachen. Die Pandemie ist vorbei. Genug ist genug. Ihr seid unsere Diener, wir sind nicht eure Untertanen.<\/p>\n<p>Sie haben versucht, uns zu hasserf\u00fcllten, ver\u00e4ngstigten und demoralisierten Menschen zu formen. Aber ihr habt die Herausforderung untersch\u00e4tzt. Wir sind nicht so leicht zu brechen.<\/p>\n<p>Unsere St\u00e4rke kommt aus den Banden der Familie und der Freundschaft, aus der Geschichte, aus unserer Heimat und unserem Heimatland.<\/p>\n<p>Sie haben nicht erkannt, wie stark unsere \u00c4rzte und Krankenschwestern an der Front in Alberta sind, wie stark unsere RCMP- und Provinzpolizisten sind, wie stark eine Mutter ist, die f\u00fcr ihr Kind k\u00e4mpft, und, meine G\u00fcte, die Trucker, die auf 18 R\u00e4dern mutig nach Ottawa rollten. 18 R\u00e4der mal Zehntausende von Lastwagen.<\/p>\n<p>An die Familien derer, die ihre Kinder verloren haben: Ihre Tr\u00e4nen werden f\u00fcr immer einen Fleck auf unserer Nation hinterlassen. Aber ihr k\u00f6nnt jetzt ausruhen. Ihr habt genug getan, genug verloren. Es ist an der Zeit, dass wir, Ihre Mitb\u00fcrger, diesen Kampf f\u00fcr Sie aufnehmen.<\/p>\n<p>An die Trucker, die quer durch Kanada gefahren sind, um f\u00fcr uns alle einzutreten, um all unsere Rechte zu verteidigen: Ich habe noch nie so viel Dankbarkeit und Stolz f\u00fcr v\u00f6llig Fremde empfunden. Ihr elektrisiert diesen Moment der Geschichte, und ihr weckt eine Leidenschaft und eine Liebe f\u00fcr unser Land, die wir schon verloren glaubten. Sie sind die F\u00fchrer, auf die ganz Kanada gewartet hat.<\/p>\n<p>Sie kommen aus allen Ecken des Landes \u2014 von Prince Rupert bis Charlottetown, auf vereisten Stra\u00dfen, vorbei an wehenden Fahnen und unter \u00fcberf\u00fcllten \u00dcberf\u00fchrungen, und Sie nehmen all die Zerrissenheit, all den Hass, all die Spaltung und weben uns wieder zusammen. Mit dieser einen einfachen, gemeinsamen, kraftvollen Aktion seid ihr die F\u00fchrer, die wir so dringend brauchen.<\/p>\n<p>Ihr gebt Gro\u00dfm\u00fcttern, die isoliert und verlassen waren, einen Grund, wieder zu l\u00e4cheln. Ihr gebt denjenigen, die ihre Lebensgrundlage verloren haben, einen Grund zur Hoffnung; den Familien, die geliebte Menschen verloren haben, einen Grund, an Gerechtigkeit zu glauben.<\/p>\n<p>Ihr habt unsere Verfassung wieder zum Singen gebracht. Ihr habt uns das Geschenk der Hoffnung gemacht. Ihr habt uns daran erinnert, dass uns in Kanada die wahre Freiheit niemals genommen werden kann.<\/p>\n<p>Ihr erinnert uns daran, dass wir nie wieder zulassen werden, dass unsere Regierungen uns terrorisieren, ausgrenzen und brechen. Wir m\u00fcssen nur aufstehen und uns zur\u00fcckholen, was uns schon immer geh\u00f6rte.<\/p>\n<p>Die letzten zwei Jahre werden unseren Kindern als das katastrophalste moralische Versagen unserer Generation in Erinnerung bleiben. Aber ich glaube, sie werden auch als die Zeit in Erinnerung bleiben, in der ein schlafender Riese geweckt wurde. Und dieser Riese ist die Wahrheit. Das Besondere an der Wahrheit ist, dass sie schwimmen kann, dass sie leichter ist als L\u00fcge und T\u00e4uschung. Sie steigt immer an die Spitze.<\/p>\n<p>Ich wei\u00df, wie es ist, wenn man sich klein, unbedeutend und machtlos f\u00fchlt. Die Worte und Taten einer einzelnen Person m\u00f6gen sich nicht so anf\u00fchlen, als ob sie viel bewirken k\u00f6nnten. Aber wenn wir uns zusammentun, dr\u00f6hnen all unsere kleinen Stimmen wie ein Konvoi!<\/p>\n<p>Die St\u00e4rke von uns allen zusammen ist unaufhaltsam.<br \/>\nUnsere Freiheit geh\u00f6rt bereits uns, aber wir m\u00fcssen uns daran erinnern, dass wir manchmal k\u00e4mpfen m\u00fcssen, wenn wir sie behalten wollen.<br \/>\nWir werden nie aufh\u00f6ren, f\u00fcr unsere Freiheit zu k\u00e4mpfen, f\u00fcr unsere Kinder, f\u00fcr unser Land. Wir sind der wahre Norden, stark und frei, und wir werden wieder frei sein!<br \/>\nIch danke euch!&#8220;<br \/>\nEnde der Rede von Dr. Julie Ponesse<\/p>\n<p>Die Rede &#8222;Five Freedoms: Julie Ponesse\u2019s Speech to the Trucker Convoy &#8220; von Dr. Julie Ponesse im Original vom 2.2.2022:<br \/>\n<a href=\"https:\/\/brownstone.org\/articles\/five-freedoms-julie-ponesses-speech-to-the-trucker-convoy\/\">https:\/\/brownstone.org\/articles\/five-freedoms-julie-ponesses-speech-to-the-trucker-convoy\/<\/a><br \/>\n<a href=\"https:\/\/youtu.be\/5_qrzGK2EdI\">https:\/\/youtu.be\/5_qrzGK2EdI<\/a><\/p>\n<p>Das deutsche Transkript besorgte Bastian Barucker, um es unter &#8222;\u201eJulie Ponesse spricht beim FreedomConvoy in Ottawa\u201c auf seinem lesenswerten Blog zu ver\u00f6ffentlichen:<br \/>\n<a href=\"https:\/\/blog.bastian-barucker.de\/julie-ponesse-convoy\/\">https:\/\/blog.bastian-barucker.de\/julie-ponesse-convoy\/<\/a><br \/>\nHier k\u00f6nnen Sie sich die deutsche \u00dcbersetzung anh\u00f6ren.<br \/>\n11.2.2022<\/p>\n","protected":false},"excerpt":{"rendered":"<p>&#8222;Julie Ponesse\u2019s Speech to the Trucker Convoy&#8220; &#8211; die Ethikprofessorin Julie Ponesse spricht am 31.1.2022 in Ottawa vor Tausenden der \u00fcber 50.000 Trucker, die in Kanada von der links-liberalen Regierung die R\u00fcckgabe der Grundrechte an die malochende Arbeiterschaft und Mittelschicht &hellip; <a href=\"https:\/\/www.freiburg-schwarzwald.de\/blog\/freedom-speech-truckerconvoy\/\">Weiterlesen <span class=\"meta-nav\">&rarr;<\/span><\/a><\/p>\n","protected":false},"author":2,"featured_media":0,"comment_status":"open","ping_status":"closed","sticky":false,"template":"","format":"standard","meta":{"footnotes":""},"categories":[18,181,36,14,249,13,157,171,172],"tags":[766,700,325,633,682],"class_list":["post-98558","post","type-post","status-publish","format-standard","hentry","category-bildung","category-buergerbeteiligung","category-engagement","category-global","category-hock","category-kultur","category-oeffentlicher-raum","category-verbraucher","category-zukunft","tag-buerger","tag-corona","tag-demo","tag-demokratie","tag-freiheit"],"_links":{"self":[{"href":"https:\/\/www.freiburg-schwarzwald.de\/blog\/wp-json\/wp\/v2\/posts\/98558","targetHints":{"allow":["GET"]}}],"collection":[{"href":"https:\/\/www.freiburg-schwarzwald.de\/blog\/wp-json\/wp\/v2\/posts"}],"about":[{"href":"https:\/\/www.freiburg-schwarzwald.de\/blog\/wp-json\/wp\/v2\/types\/post"}],"author":[{"embeddable":true,"href":"https:\/\/www.freiburg-schwarzwald.de\/blog\/wp-json\/wp\/v2\/users\/2"}],"replies":[{"embeddable":true,"href":"https:\/\/www.freiburg-schwarzwald.de\/blog\/wp-json\/wp\/v2\/comments?post=98558"}],"version-history":[{"count":5,"href":"https:\/\/www.freiburg-schwarzwald.de\/blog\/wp-json\/wp\/v2\/posts\/98558\/revisions"}],"predecessor-version":[{"id":98573,"href":"https:\/\/www.freiburg-schwarzwald.de\/blog\/wp-json\/wp\/v2\/posts\/98558\/revisions\/98573"}],"wp:attachment":[{"href":"https:\/\/www.freiburg-schwarzwald.de\/blog\/wp-json\/wp\/v2\/media?parent=98558"}],"wp:term":[{"taxonomy":"category","embeddable":true,"href":"https:\/\/www.freiburg-schwarzwald.de\/blog\/wp-json\/wp\/v2\/categories?post=98558"},{"taxonomy":"post_tag","embeddable":true,"href":"https:\/\/www.freiburg-schwarzwald.de\/blog\/wp-json\/wp\/v2\/tags?post=98558"}],"curies":[{"name":"wp","href":"https:\/\/api.w.org\/{rel}","templated":true}]}}