{"id":98529,"date":"2022-02-10T18:11:12","date_gmt":"2022-02-10T17:11:12","guid":{"rendered":"https:\/\/www.freiburg-schwarzwald.de\/blog\/?p=98529"},"modified":"2022-02-10T18:47:10","modified_gmt":"2022-02-10T17:47:10","slug":"wo-ist-die-friedensbewegung","status":"publish","type":"post","link":"https:\/\/www.freiburg-schwarzwald.de\/blog\/wo-ist-die-friedensbewegung\/","title":{"rendered":"Wo ist die Friedensbewegung?"},"content":{"rendered":"<p><a href=\"https:\/\/www.freiburg-schwarzwald.de\/blog\/engagement\/buergerinitiativen\/spaziergaenge\/\">Spazierg\u00e4nge<\/a> gegen <a href=\"https:\/\/www.freiburg-schwarzwald.de\/blog\/business\/gesund\/corona-virus\/impfzwang\/\">Impfpflicht<\/a>, Demonstrationen f\u00fcr <a href=\"https:\/\/www.freiburg-schwarzwald.de\/blog\/engagement\/buergerinitiativen\/grundrechte-demo\/\">Grundrechte<\/a> und <a href=\"https:\/\/www.freiburg-schwarzwald.de\/blog\/engagement\/buergerinitiativen\/montagsdemos\/\">Montagsdemos<\/a> &#8211; immer mehr ganz normale <a href=\"https:\/\/www.freiburg-schwarzwald.de\/blog\/engagement\/buerger\/\">B\u00fcrger<\/a> &#8211; also die politische Mitte &#8211; gehen auf die Strasse. Doch die linke <a href=\"https:\/\/www.freiburg-schwarzwald.de\/blog\/engagement\/zukunft\/frieden\/\">Friedensbewegung<\/a> ist bei keinem <a href=\"https:\/\/www.freiburg-schwarzwald.de\/blog\/engagement\/buergerinitiativen\/protest\/\">Protest<\/a> aktiv, verwunderlich auch angesichts der <a href=\"https:\/\/www.freiburg-schwarzwald.de\/blog\/engagement\/zukunft\/krieg\/\">Kriegsgefahr<\/a> um die Ukraine. Die Spaltung der Linken liefert die Erkl\u00e4rung:<br \/>\n<!--more-->Heute dominieren die <a href=\"https:\/\/www.freiburg-schwarzwald.de\/blog\/engagement\/zukunft\/demokratie\/linke\/\">Lifestyle-Linken<\/a>, die sich innenpolitisch nur noch mit <a href=\"https:\/\/www.freiburg-schwarzwald.de\/blog\/linke-contra-lifestyle-linke-pmc\/\">Minderheits-Identit\u00e4ten<\/a>, au\u00dfenpolitisch mit ihrer Allianz mit <a href=\"https:\/\/www.freiburg-schwarzwald.de\/blog\/global\/globalisierung\/bigtech\/\">BigTech<\/a>, Hochfinanz, globalen NGOs (<a href=\"https:\/\/www.freiburg-schwarzwald.de\/blog\/global\/globalisierung\/wef\/\">WEF<\/a>, <a href=\"https:\/\/www.freiburg-schwarzwald.de\/blog\/business\/gesund\/who\/\">WHO<\/a>, <a href=\"https:\/\/www.freiburg-schwarzwald.de\/blog\/natur\/klima\/menschengemacht\/\">Klimarat<\/a>) und Stiftungen (Bill&amp;Melinda-Gates, Open Society Soros) besch\u00e4ftigen, w\u00e4hrend nur noch die &#8222;echten&#8220;, aber geschw\u00e4chten <a href=\"https:\/\/www.freiburg-schwarzwald.de\/blog\/engagement\/zukunft\/demokratie\/links\/\">Ur-Linken<\/a> nach wie vor die kleinen Leute bzw. Arbeitnehmer als ihre Klientel betrachten. Die dominierenden <a href=\"https:\/\/www.freiburg-schwarzwald.de\/blog\/engagement\/zukunft\/demografie\/minderheit\/\">Lifestyle-Linken<\/a> gehen nicht f\u00fcr den Frieden auf die Strasse und die\u00a0Ur-Linken sind zu schwach dazu.<br \/>\nSie haben aber im November 2021 zu einem &#8222;Krefelder Appell&#8220; <a href=\"https:\/\/peaceappeal21.de\/\">https:\/\/peaceappeal21.de\/<\/a> aufgerufen, der vom Namen her an den legend\u00e4ren &#8222;Krefelder Appell&#8220; vom 16.11.1980 <a href=\"https:\/\/de.wikipedia.org\/wiki\/Krefelder_Appell\">https:\/\/de.wikipedia.org\/wiki\/Krefelder_Appell<\/a> erinnert, welcher sich gegen den Nato-Doppelbeschlu\u00df bzw. die Installation von atomaren Mittelstreckenraketen in Westeuropa richtete.<br \/>\nDer Appell von 11\/2021 fordert eine Politik,<br \/>\n<em>&#8222;- die es nicht zul\u00e4sst, dass das US-Imperium inkl. Deutschland und der anderen NATO-Staaten die Welt weiter mit Kriegen \u00fcberzieht,<\/em><br \/>\n<em>&#8211; die zu Frieden und Freundschaft mit allen Staaten bzw. V\u00f6lkern der Welt f\u00fchrt,<\/em><br \/>\n<em>&#8211; die US- und NATO-Truppen verbannt \u2013 aus Deutschland mit 2-Jahresfrist durch K\u00fcndigung des Truppenstationierungsvertrags,<\/em><br \/>\n<em>&#8211; die zum Austritt aus der NATO f\u00fchrt \u2013 in allen NATO-Staaten mit 1-Jahresfrist durch K\u00fcndigung des NATO-Vertrags,<\/em><br \/>\n<em>&#8211; die sich verweigert, unter dem Deckmantel der Pandemie-Bek\u00e4mpfung Milliarden Menschenleben zu gef\u00e4hrden und die \u00dcberlebenden einer Totalkontrolle zu unterwerfen,<\/em><br \/>\n<em>&#8211; die der Maxime folgt: Nicht Einschr\u00e4nkung, sondern Sicherung und Erweiterung der demokratischen Grundrechte ist das Gebot der Stunde.&#8220;<\/em><\/p>\n<p>Unter den \u00fcber 3000 Unterzeichnern sind: Michael Ballweg (<a href=\"https:\/\/www.freiburg-schwarzwald.de\/blog\/engagement\/zukunft\/demokratie\/opposition\/querdenken\/\">Querdenken<\/a>-Gr\u00fcnder), <a href=\"https:\/\/www.freiburg-schwarzwald.de\/blog\/intoleranz-religion-ideologie\/\">Eugen Drewermann<\/a> (Theologe), <a href=\"https:\/\/www.freiburg-schwarzwald.de\/blog\/business\/gesund\/corona-virus\/corona-angst\/\">Daniele Ganser<\/a> (Historiker), Milosz Matuschek (Journalist), M\u00fctter gegen den Krieg (Berlin), Klaus Spiekermann (Sozialpsychologe), Wolfgang Wodarg (Arzt).<br \/>\nFolgt man den Verlautbarungen von <a href=\"https:\/\/www.freiburg-schwarzwald.de\/blog\/engagement\/zukunft\/demokratie\/links\/wagenknecht\/\">Sahra Wagenknecht<\/a>, die die Ur-Linken vehement unterst\u00fctzt, dann sollten die Fronten zwischen linker Friedensbewegung und neu-rechten Demonstranten zu \u00fcberwinden sein. Oder darf das nicht sein? Oder ist es Utopie?<br \/>\n10,2.2022<\/p>\n<p>Einige Kommentare:<br \/>\n<strong>Die Idee, die linke Friedensbewegung mit der neuen Rechten<\/strong><br \/>\nzu verbinden mag ja auf den ersten Blick reizvoll sein. Aber ich glaube, damit ist man wirklich auf dem Holzweg. Wenn man sich die ideologische Grundlage der linken Friedensbewegung anschaut, dann kommt man doch als normal denkender Rechter schnell an einen Punkt, an dem man im breiten Strahl brechen m\u00f6chte. Das funktioniert so nicht. Eine konservative Revolution w\u00e4re eine L\u00f6sung aber doch keine Verbindung mit der Friedensbewegung. Ich bin kein Fan von der NATO, ich bin aber auch kein Fan von Putins Russland. Man muss sich nicht f\u00fcr eine dieser beiden Seiten entscheiden. Man sollte eher selbstbewusst die eigene Position vertreten. Man muss mit beiden Seiten Gesch\u00e4fte machen, man darf sich aber auf keine der beiden Seiten schlagen. Es geht doch um die eigene Identit\u00e4t. Und genau die gilt es wieder herauszuarbeiten und zu st\u00e4rken.<br \/>\n10.2.2022, Fro<\/p>\n<p><strong>Ich bin gegen einen Austritt aus der Nato.<\/strong><br \/>\nIch werde daher sicher nicht unterschreiben. Damit teile ich aber noch lange nicht die einseitige, Anti-Russlandpolitik, wie sie ma\u00dfgebend von den USA vorangetrieben wird und der die Administration Scholz nachl\u00e4uft.<br \/>\n\u201eQuerfront \u00fcber alles\u201c? Nein danke!<br \/>\n10.2.2022<\/p>\n<p><strong>&#8222;Aus der NATO austreten? Sich stattdessen an Putin ranwanzen?<\/strong><br \/>\nWie bescheuert ist das denn?&#8220;<br \/>\nMan muss sich an niemanden heranwanzen. Man kann zu allen eine h\u00f6fliche Distanz waren. Mir kommen aber mit jedem Tag mehr Zweifel, ob in der NATO mit ihrer Scharfmacherei wirklich unsere Freunde das Sagen haben \u2013 beim Stichwort NATO muss ich zunehmend an korrupte alte Decks\u00e4cke wie Biden denken \u2013 und nat\u00fcrlich an eine Armada von Gener\u00e4len, denen es gewiss auch nicht um Frieden und Freiheit geht. Mir sind internationale Gro\u00dforganisationen, auch gro\u00dfe Verteidigungsb\u00fcndnisse, inzwischen recht unsympathisch. Wenn ich k\u00f6nnte, w\u00fcrde ich z.B. heute noch die WHO und morgen die ganze EU abschaffen. Wir m\u00fcssen weg von der Globalistenschei\u00dfe, zur\u00fcck zu kleineren, \u00fcberschaubaren Einheiten, in denen es sich f\u00fcr die Menschen grunds\u00e4tzlich viel besser leben l\u00e4sst. Ich pfeife inzwischen auf die gro\u00dfen, \u00fcbergeordneten Interessen. Was daraus werden kann, sieht man an der nahezu weltweiten Corona-Diktatur sehr zur Freude der Herren Gates und Schwab.<br \/>\n10.2.2022, Wue<\/p>\n<p><strong>&#8222;Ich habe da noch viele offene Fragen bzgl. diesem Konflikt:<\/strong><br \/>\n<em>Was will Putin wirklich?<\/em><br \/>\n<em>Wird Russland durch NATO real bedroht?<\/em><br \/>\n<em>Oder sind es eher irreale \u00c4ngste von Putin? (siehe Video Wagenknecht)<\/em><br \/>\n<em>Sind es Machtphantasien von Putin?<\/em><br \/>\n<em>Oder ist es der Wunsch eines Teils der Bev\u00f6lkerung von Donezk und Luhansk? (ca. 40% ethnisch Russisch, ca. 70-75% muttersprachlich russisch)<\/em><br \/>\n<em>Warum w\u00fcnscht sich das ein Teil der Bev\u00f6lkerung?<\/em><br \/>\n<em>Wenn es ein ethnischer Konflikt in der Ostukraine gibt, welche Optionen f\u00fcr ein Miteinander g\u00e4be es da?<\/em><br \/>\n<em>Wie ist allgemein der Umgang mit Segregation?<\/em><br \/>\n<em>Siehe z.B. Segregation vom Kosovo 1999 unterst\u00fctzt von NATO, Gr\u00fcnen und SPD,<\/em><br \/>\n<em>aber auch die Ukraine hat sich von Russland segregiert (1991).<\/em><br \/>\n<em>Geschichte der Region bzgl. dem Konflikt. [\u2026]&#8220;<\/em><\/p>\n<p>Ich kann auf jeden Fall sagen was der \u201eWesten\u201c will:<br \/>\nDie postethnische postnationale transkulturelle globale Markt- und Konsumgesellschaft \u2013 aus allem Menschen soll das postmoderne transhumanistische auf Konsum fixierte Marktindividuum geformt werden.<br \/>\nIn der neuen Welt soll es keine souver\u00e4nen Nationalstaaten oder V\u00f6lker und keine historisch gewachsenen Kulturen sowie andere Bindungs- und Sinnsysteme mehr geben.<br \/>\nAlles wird dem globalen Konsummarkt unterworfen werden und nichts soll mehr ausserhalb von diesem existieren.<br \/>\nDer Westen will global eine postmoderne hedonistische Gesellschaft schaffen, deren beliebig lenkbare Massen nur noch einen Lebensinhalt aus Konsum, Sex und Zerstreuung haben.<\/p>\n<p>Alles spinnerte Hirngespinste von Esoterikern und Verschw\u00f6rungstheoretikern?!<br \/>\nDie \u00f6ffentlich gemachten Agenden der westlichen Eilten sind in der Hinsicht mehr als eindeutig.<br \/>\n10.2.2022, D.S.L.<br \/>\nEnde Kommentare<\/p>\n","protected":false},"excerpt":{"rendered":"<p>Spazierg\u00e4nge gegen Impfpflicht, Demonstrationen f\u00fcr Grundrechte und Montagsdemos &#8211; immer mehr ganz normale B\u00fcrger &#8211; also die politische Mitte &#8211; gehen auf die Strasse. Doch die linke Friedensbewegung ist bei keinem Protest aktiv, verwunderlich auch angesichts der Kriegsgefahr um die &hellip; <a href=\"https:\/\/www.freiburg-schwarzwald.de\/blog\/wo-ist-die-friedensbewegung\/\">Weiterlesen <span class=\"meta-nav\">&rarr;<\/span><\/a><\/p>\n","protected":false},"author":2,"featured_media":0,"comment_status":"open","ping_status":"closed","sticky":false,"template":"","format":"standard","meta":{"footnotes":""},"categories":[18,181,36,186,14,13,157,172],"tags":[325,682,520,667,649,780],"class_list":["post-98529","post","type-post","status-publish","format-standard","hentry","category-bildung","category-buergerbeteiligung","category-engagement","category-finanzsystem","category-global","category-kultur","category-oeffentlicher-raum","category-zukunft","tag-demo","tag-freiheit","tag-frieden","tag-krieg","tag-links","tag-rechts"],"_links":{"self":[{"href":"https:\/\/www.freiburg-schwarzwald.de\/blog\/wp-json\/wp\/v2\/posts\/98529","targetHints":{"allow":["GET"]}}],"collection":[{"href":"https:\/\/www.freiburg-schwarzwald.de\/blog\/wp-json\/wp\/v2\/posts"}],"about":[{"href":"https:\/\/www.freiburg-schwarzwald.de\/blog\/wp-json\/wp\/v2\/types\/post"}],"author":[{"embeddable":true,"href":"https:\/\/www.freiburg-schwarzwald.de\/blog\/wp-json\/wp\/v2\/users\/2"}],"replies":[{"embeddable":true,"href":"https:\/\/www.freiburg-schwarzwald.de\/blog\/wp-json\/wp\/v2\/comments?post=98529"}],"version-history":[{"count":5,"href":"https:\/\/www.freiburg-schwarzwald.de\/blog\/wp-json\/wp\/v2\/posts\/98529\/revisions"}],"predecessor-version":[{"id":98534,"href":"https:\/\/www.freiburg-schwarzwald.de\/blog\/wp-json\/wp\/v2\/posts\/98529\/revisions\/98534"}],"wp:attachment":[{"href":"https:\/\/www.freiburg-schwarzwald.de\/blog\/wp-json\/wp\/v2\/media?parent=98529"}],"wp:term":[{"taxonomy":"category","embeddable":true,"href":"https:\/\/www.freiburg-schwarzwald.de\/blog\/wp-json\/wp\/v2\/categories?post=98529"},{"taxonomy":"post_tag","embeddable":true,"href":"https:\/\/www.freiburg-schwarzwald.de\/blog\/wp-json\/wp\/v2\/tags?post=98529"}],"curies":[{"name":"wp","href":"https:\/\/api.w.org\/{rel}","templated":true}]}}