{"id":98352,"date":"2022-02-05T22:08:38","date_gmt":"2022-02-05T21:08:38","guid":{"rendered":"https:\/\/www.freiburg-schwarzwald.de\/blog\/?p=98352"},"modified":"2022-02-05T22:08:38","modified_gmt":"2022-02-05T21:08:38","slug":"ausgrenzung-ungeimpfter-tabu","status":"publish","type":"post","link":"https:\/\/www.freiburg-schwarzwald.de\/blog\/ausgrenzung-ungeimpfter-tabu\/","title":{"rendered":"Ausgrenzung Ungeimpfter: Tabu"},"content":{"rendered":"<p><a href=\"https:\/\/www.freiburg-schwarzwald.de\/blog\/business\/gesund\/corona-virus\/impfung\/\">Ungeimpfte<\/a> werden pauschal als Impfgegner, Corona-Leugner (bewu\u00dfte Anlehnung an <a href=\"https:\/\/www.freiburg-schwarzwald.de\/blog\/bildung\/holocaust-education\/\">Holocaust<\/a>-Leugner), Covidioten, Pandemietreiber, <a href=\"https:\/\/www.freiburg-schwarzwald.de\/blog\/engagement\/zukunft\/demokratie\/extremismus\/\">Rechtsradikal<\/a>e bzw. <a href=\"https:\/\/www.freiburg-schwarzwald.de\/blog\/demonstranten-als-staatsfeinde\/\">Staatsfeind<\/a>e diffamiert und \u00fcber Coronama\u00dfnahmen (3G, 2G+, &#8230;) und Instrumente (<a href=\"https:\/\/www.freiburg-schwarzwald.de\/blog\/engagement\/zukunft\/demokratie\/denunziation\/\">Denunziation<\/a>, Repression, <a href=\"https:\/\/www.freiburg-schwarzwald.de\/blog\/kultur\/medien\/diskussionskultur\/kontaktschuld\/\">Kontaktschuld<\/a>, &#8230;) gesellschaftlich wie beruflich <a href=\"https:\/\/www.freiburg-schwarzwald.de\/blog\/engagement\/zukunft\/demokratie\/denunziation\/ausgrenzung\/\">ausgegrenz<\/a>t. <!--more-->Erf\u00fcllen Vergleiche mit der Ausgrenzung der <a href=\"https:\/\/www.freiburg-schwarzwald.de\/blog\/religion\/juden\/\">Juden<\/a> im Dritten Reich (Juden-Stern) den Straftatbestand der Volksverhetzung, da sie den Holocaust relativieren w\u00fcrden? Diese heikle Frage ist strittig, sie stellt sich mit fortschreitender Ausgrenzung Ungeimpfter aber immer h\u00e4ufiger &#8211; hierzu zwei Stimmen:<br \/>\n.<br \/>\nDie Bremer Justizsenatorin Claudia Schilling (SPD) erkl\u00e4rte: \u201eSich den gelben Stern anzuheften und dieses menschenverachtende Symbol des millionenfachen Mordes an j\u00fcdischen Mitb\u00fcrgerinnen und Mitb\u00fcrgern mit dem eigenen Impfstatus in Verbindung zu bringen, ist nicht nur geschmacklos, sondern erf\u00fcllt in meinen Augen den Straftatbestand der Volksverhetzung.\u201c Sie begr\u00fc\u00dft, &#8222;dass von der Staatsanwaltschaft Bremen generell der Anfangsverdacht der Volksverhetzung angenommen und entsprechend ermittelt wird\u201c.<br \/>\n<a href=\"https:\/\/de.rt.com\/inland\/130889-holocaust-verharmlosungen-bei-corona-protesten\">https:\/\/de.rt.com\/inland\/130889-holocaust-verharmlosungen-bei-corona-protesten<\/a>\/<br \/>\n.<br \/>\nDemgegen\u00fcber sagt der Publizist und \u201eWelt\u201c-Redakteur Henryk M. Broder, selbst <a href=\"https:\/\/www.freiburg-schwarzwald.de\/blog\/judenfeindlichkeit-nach-2015\/\">j\u00fcdischer Abstammung<\/a> und seit Jahrzehnten engagierter K\u00e4mpfer gegen alle Formen des <a href=\"https:\/\/www.freiburg-schwarzwald.de\/blog\/religion\/juden\/antisemitismus\/\">Antisemitismus<\/a>, bei Servus-TV, es sei angebracht, Coronama\u00dfnahmen mit denen der Nazis im Dritten Reich gegen Juden zu vergleichen, um vor der be\u00e4ngstigend zunehmenden <a href=\"https:\/\/www.freiburg-schwarzwald.de\/blog\/global\/deutschland\/spaltung\/\">Spaltung<\/a> unserer Gesellschaft zu warnen: <em>&#8222;Der Holocaust hat nicht mit Auschwitz begonnen. Er hat damit begonnen, dass Juden ihre Haustiere abgeben mussten und auf bestimmten B\u00e4nken nicht sitzen durften&#8220;<\/em>.<br \/>\n<a href=\"https:\/\/twitter.com\/i\/status\/1488207667126583297\">https:\/\/twitter.com\/i\/status\/1488207667126583297<\/a><br \/>\nSo sei der Ausschluss von ungeimpften Bundestagsabgeordneten aus dem Plenum, die sozusagen <em>\u201eauf bestimmten Pl\u00e4tzen nicht sitzen d\u00fcrfen\u201c<\/em>, ein massiver Angriff auf die parlamentarische Demokratie.<\/p>\n<p>Die kontr\u00e4ren Auffassungen von Schilling und Broder zeigen auf, da\u00df das <a href=\"https:\/\/www.freiburg-schwarzwald.de\/blog\/engagement\/zukunft\/demokratie\/tabu\/\">Tabu<\/a>-Thema dringend einer Kl\u00e4rung bedarf. Wir m\u00fcssen einen <a href=\"https:\/\/www.freiburg-schwarzwald.de\/blog\/global\/deutschland\/consent-of-the-governed\/\">Consent<\/a> erreichen.<br \/>\n5.2.2022<\/p>\n<p>.<br \/>\n<strong>Links, Rechts, Mitte &#8211; Duell der Meinungsmacher am 30.1.2022, Kurzfassung<\/strong><br \/>\nMit dem Beitrag von Henryk M. Broder<br \/>\n<a href=\"https:\/\/twitter.com\/i\/status\/1488207667126583297\">https:\/\/twitter.com\/i\/status\/1488207667126583297<\/a><br \/>\n<a href=\"https:\/\/youtu.be\/w0213Z0OTXA\">https:\/\/youtu.be\/w0213Z0OTXA<\/a><br \/>\n<a href=\"https:\/\/www.servustv.com\/aktuelles\/v\/aalm8mqxcgf3jvvuf4l7\/\">https:\/\/www.servustv.com\/aktuelles\/v\/aalm8mqxcgf3jvvuf4l7\/<\/a><\/p>\n<p>Auf Twitter erntete Broder daf\u00fcr regen Zuspruch:<br \/>\n&#8211; \u201eEndlich traut sich mal jemand es auszusprechen! Ausgerechnet ein Jude mu\u00df das tun ? Unsere Politiker spalten die Gesellschaft und schaffen Menschen zweiter und dritter Klasse. Es macht mir Angst \u2013 immer mehr.\u201c<br \/>\n&#8211; \u201eDiese Aussage muss man einfach millionenfach tweeten jeden Tag, damit der beklatschte Deutsche endlich begreift, welche Wege hier schon wieder geebnet werden.\u201c<\/p>\n<p>.<\/p>\n<p><strong>Henryk M. Broder: Die Pauschalisierung der Schuld<\/strong><br \/>\nEs gibt eine neue Qualit\u00e4t der Verlogenheit in Deutschland. Wenn Youtube eine freie und \u2013 zugegebenerma\u00dfen \u2013 ebenso logische wie flotte Meinungs\u00e4u\u00dferung einfach so l\u00f6scht, dann ist das mehr als schr\u00e4g. Und wenn es sich um die legitime freie Meinungs\u00e4u\u00dferung eines bekannten deutschen Juden handelt, dann wird es gef\u00e4hrlich absurd.<br \/>\nDie Fakten: Henryk Broder, nachweislich kein Rechter, aber sehr wohl ein selbst denkender Publizist, hatte sich in einem Video ge\u00e4u\u00dfert und sein Befremden \u00fcber die immer irrer werdende politische Korrektheit gegen die AfD ge\u00e4u\u00dfert. Und er fragt sich angesichts geforderter Totalausgrenzung zum Beispiel, ob man im Falle eines Hausbrandes die Feuerwehrleute nicht zun\u00e4chst einmal fragen m\u00fcsse, wie diese zu dieser Partei stehen \u2013 um beim geringsten Zeichen einer Sympathie die Feuerwehrleute stante pede nach Hause zu schicken? Es sei ohnehin abwegig, diese Partei als die Wiedergeburt der NSDAP zu bezeichnen. Denn wenn diese \u201eGurkentruppe\u201c tats\u00e4chlich die Erben der echten Nazis seien, dann w\u00fcrde man ja damit zugleich zum Ausdruck bringen, dass die Braunen damals eine harmlose Truppe gewesen seien. Wer so etwas betreibe, habe ja eigentlich nur im Sinn, die Nazis zu verharmlosen oder zu rehabilitieren.<\/p>\n<p>Pauschale Schuldzusprechungen sind die eigentliche Gefahr f\u00fcr Deutschland<br \/>\nGleichzeitig m\u00fcsse man aber feststellen, dass die viel beschworenen Brandmauern gegen Faschisten ja bereits gefallen seien. Durch geschickte H\u00e4utungen werde die Linke heute als b\u00fcrgerliche Partei anerkannt, obwohl sie die Wiedergeburt einer staatlichen Terrorgruppe sei, n\u00e4mlich der SED. Man vergesse wohl, dass die Linken ebenfalls Konzentrationslager und Gulags hatten, Deportierungen und Todesstrafen. Man k\u00f6nne doch nicht mit gutem Gewissen behaupten, diese Verbrechen, die es bei den Linken zuhauf gab, seien nicht so schlimm. Diese Relativierung des Unrechts, der Grausamkeiten und des Terrors seien widerlich.<br \/>\nUnbequem? Sicher. Politisch nicht korrekt? Sicher. Korrekt? Ganz sicher. Und dennoch l\u00f6schte Youtube \u201eBroders Spiegel\u201c als Hassrede.<br \/>\n&#8230; Alels vom 26.2.2022 bitte lesen auf<br \/>\n<a href=\"https:\/\/www.die-tagespost.de\/kultur\/medien\/henryk-m-broder-die-pauschalisierung-der-schuld-art-205865\">https:\/\/www.die-tagespost.de\/kultur\/medien\/henryk-m-broder-die-pauschalisierung-der-schuld-art-205865<\/a><\/p>\n","protected":false},"excerpt":{"rendered":"<p>Ungeimpfte werden pauschal als Impfgegner, Corona-Leugner (bewu\u00dfte Anlehnung an Holocaust-Leugner), Covidioten, Pandemietreiber, Rechtsradikale bzw. Staatsfeinde diffamiert und \u00fcber Coronama\u00dfnahmen (3G, 2G+, &#8230;) und Instrumente (Denunziation, Repression, Kontaktschuld, &#8230;) gesellschaftlich wie beruflich ausgegrenzt.<\/p>\n","protected":false},"author":2,"featured_media":0,"comment_status":"open","ping_status":"closed","sticky":false,"template":"","format":"standard","meta":{"footnotes":""},"categories":[355,36,158,63,13,80,157,171],"tags":[281,700,749,682,420],"class_list":["post-98352","post","type-post","status-publish","format-standard","hentry","category-buergerinitiativen","category-engagement","category-gesund","category-krise","category-kultur","category-medien","category-oeffentlicher-raum","category-verbraucher","tag-burgerinitiativen","tag-corona","tag-diskussionskultur","tag-freiheit","tag-juden"],"_links":{"self":[{"href":"https:\/\/www.freiburg-schwarzwald.de\/blog\/wp-json\/wp\/v2\/posts\/98352","targetHints":{"allow":["GET"]}}],"collection":[{"href":"https:\/\/www.freiburg-schwarzwald.de\/blog\/wp-json\/wp\/v2\/posts"}],"about":[{"href":"https:\/\/www.freiburg-schwarzwald.de\/blog\/wp-json\/wp\/v2\/types\/post"}],"author":[{"embeddable":true,"href":"https:\/\/www.freiburg-schwarzwald.de\/blog\/wp-json\/wp\/v2\/users\/2"}],"replies":[{"embeddable":true,"href":"https:\/\/www.freiburg-schwarzwald.de\/blog\/wp-json\/wp\/v2\/comments?post=98352"}],"version-history":[{"count":1,"href":"https:\/\/www.freiburg-schwarzwald.de\/blog\/wp-json\/wp\/v2\/posts\/98352\/revisions"}],"predecessor-version":[{"id":98353,"href":"https:\/\/www.freiburg-schwarzwald.de\/blog\/wp-json\/wp\/v2\/posts\/98352\/revisions\/98353"}],"wp:attachment":[{"href":"https:\/\/www.freiburg-schwarzwald.de\/blog\/wp-json\/wp\/v2\/media?parent=98352"}],"wp:term":[{"taxonomy":"category","embeddable":true,"href":"https:\/\/www.freiburg-schwarzwald.de\/blog\/wp-json\/wp\/v2\/categories?post=98352"},{"taxonomy":"post_tag","embeddable":true,"href":"https:\/\/www.freiburg-schwarzwald.de\/blog\/wp-json\/wp\/v2\/tags?post=98352"}],"curies":[{"name":"wp","href":"https:\/\/api.w.org\/{rel}","templated":true}]}}