{"id":98263,"date":"2022-02-03T20:31:27","date_gmt":"2022-02-03T19:31:27","guid":{"rendered":"https:\/\/www.freiburg-schwarzwald.de\/blog\/?p=98263"},"modified":"2022-02-05T21:05:28","modified_gmt":"2022-02-05T20:05:28","slug":"fuenf-lehren-nach-corona-ende","status":"publish","type":"post","link":"https:\/\/www.freiburg-schwarzwald.de\/blog\/fuenf-lehren-nach-corona-ende\/","title":{"rendered":"F\u00fcnf Lehren nach Corona-Ende"},"content":{"rendered":"<p>Die <a href=\"https:\/\/www.freiburg-schwarzwald.de\/blog\/business\/gesund\/corona-virus\/\">Corona-Pandemie<\/a> ist vorbei. Alle hoffen inst\u00e4ndig auf eine rasche <a href=\"https:\/\/www.freiburg-schwarzwald.de\/blog\/global\/deutschland\/gesellschaft\/normalitaet\/\">Normalisierung<\/a> des gesellschaftlichen Lebens. <a href=\"https:\/\/www.freiburg-schwarzwald.de\/blog\/business\/gesund\/corona-virus\/corona-abendland\/\"><em>&#8222;Viel Zeit zur inneren Gesundung des Abendlandes bleibt nicht&#8220;<\/em><\/a> mahnt der Historiker David Engels an, um die dringend erforderlichen Lehren aus der zwei Jahre andauernden <a href=\"https:\/\/www.freiburg-schwarzwald.de\/blog\/business\/gesund\/corona-virus\/corona-grundrechte\/\">Krise<\/a> zu ziehen.<!--more--><\/p>\n<p><em><a href=\"https:\/\/www.freiburg-schwarzwald.de\/blog\/business\/gesund\/corona-virus\/corona-wissenschaften\/\">Lehre 1<\/a>: Die Wissenschaft zeigte sich konform statt kritisch<\/em><br \/>\nViele Wissenschaftler waren bereit, der gef\u00e4hrlichen Allianz zwischen Wissenschaft und Politik beizutreten. Sogar Angeh\u00f6rige der <a href=\"https:\/\/www.freiburg-schwarzwald.de\/blog\/missbrauch-der-wissenschaft\/\">Leopoldina<\/a> in M\u00fcnchen waren dabei. <a href=\"https:\/\/www.freiburg-schwarzwald.de\/blog\/business\/gesund\/corona-virus\/corona-wissenschaften\/\">mehr<\/a><\/p>\n<p><em><a href=\"https:\/\/www.freiburg-schwarzwald.de\/blog\/business\/gesund\/corona-virus\/corona-massenmedien\/\">Lehre 2<\/a>: Die Massenmedien fungierten als Sprachrohr der Regierung<\/em><br \/>\nAls Claqueure der Regierung vernachl\u00e4ssigten die <a href=\"https:\/\/www.freiburg-schwarzwald.de\/blog\/kultur\/medien\/mainstream\/\">Medien<\/a> ihren Auftrag, als <a href=\"https:\/\/www.freiburg-schwarzwald.de\/blog\/medien-einseitige-vierte-gewalt\/\">vierte Macht<\/a> die anderen drei staatlichen M\u00e4chte Exekutive, Legislative und Judikative durch kritische Recherche zu kontrollieren. Ob sie nur Erf\u00fcllungsgehilfe der Coronapolitik waren oder gar deren Treiber? <a href=\"https:\/\/www.freiburg-schwarzwald.de\/blog\/business\/gesund\/corona-virus\/corona-massenmedien\/\">mehr<\/a><\/p>\n<p><em><a href=\"https:\/\/www.freiburg-schwarzwald.de\/blog\/business\/gesund\/corona-virus\/corona-establishment\/\">Lehre 3<\/a>: Das Establishment mi\u00dfachtete die b\u00fcrgerlichen Grundrechte<\/em><br \/>\nDie Regierung war in erschreckendem Ausma\u00df bereit, Grund- und <a href=\"https:\/\/www.freiburg-schwarzwald.de\/blog\/engagement\/zukunft\/demokratie\/freiheit\/freiheitsrechte\/\">Freiheitsrechte<\/a> der B\u00fcrger diskussionslos zu beschneiden. Dabei geh\u00f6ren diese Rechte dem B\u00fcrger von Geburt an. Dass zudem Gerichte dies guthie\u00dfen, l\u00e4\u00dft vermuten, da\u00df Rechtsstaat und freiheitlich-demokratische Grundordnung besch\u00e4digt sind. <a href=\"https:\/\/www.freiburg-schwarzwald.de\/blog\/business\/gesund\/corona-virus\/corona-establishment\/\">mehr<\/a><\/p>\n<p><em><a href=\"https:\/\/www.freiburg-schwarzwald.de\/blog\/business\/gesund\/corona-virus\/corona-transhumanismus\/\">Lehre 4<\/a>: Der Transhumanismus ist Basis des politischen Handelns<\/em><br \/>\nDer links-ideologische Transhumanismus mit Machbarkeitswahn, mit<a href=\"https:\/\/www.freiburg-schwarzwald.de\/blog\/business\/gesund\/krankheit\/\">Krankheit<\/a> als zu vermeidendem Unfall (und nicht Teil des Lebens), mit Gesundheit vor Freiheit und mit der Reduktion des Menschen auf seinen K\u00f6rper hat sich durchgesetzt und bestimmt die Coronapolitik. <a href=\"https:\/\/www.freiburg-schwarzwald.de\/blog\/business\/gesund\/corona-virus\/corona-transhumanismus\/\">mehr<\/a><\/p>\n<p><em><a href=\"https:\/\/www.freiburg-schwarzwald.de\/blog\/business\/gesund\/corona-virus\/corona-andersdenkende\/\">Lehre 5<\/a>: Andersdenkende wurden ausgegrenzt<\/em><br \/>\nDer Andersdenkende wurde zum Au\u00dfenseiter, Risiko, Leugner, Staatsfeind bzw. Nazi erkl\u00e4rt, wodurch ihm Staat, Medien und Experten jegliche Form von Kritik und\u00a0 Diskussionsf\u00e4higkeit absprechen konnten. Damit einhergehend entdeckten gehorsame B\u00fcrger als Untertane totalit\u00e4re Instrumente wie Denunziation, Isolation, Kontaktschuld und Repression im Umgang mit diesen Andersdenkenden. Ein trauriger R\u00fcckfall in die Zeit vor <a href=\"https:\/\/www.freiburg-schwarzwald.de\/blog\/kultur\/aufklaerung\/kant\/\">Immanuel Kant<\/a> und der <a href=\"https:\/\/www.freiburg-schwarzwald.de\/blog\/kultur\/aufklaerung\/\">Aufkl\u00e4rung<\/a>. <a href=\"https:\/\/www.freiburg-schwarzwald.de\/blog\/business\/gesund\/corona-virus\/corona-andersdenkende\/\">mehr<\/a><br \/>\n.<br \/>\nAuch wenn der B\u00fcrger seine qua Geburt geh\u00f6renden <a href=\"https:\/\/www.freiburg-schwarzwald.de\/blog\/engagement\/zukunft\/demokratie\/grundgesetz\/grundrechte\/\">Grund-<\/a> und <a href=\"https:\/\/www.freiburg-schwarzwald.de\/blog\/engagement\/zukunft\/demokratie\/freiheit\/freiheitsrechte\/\">Freiheitsrechte<\/a> von der Coronapolitik wieder zur\u00fcckerhalten sollte:<br \/>\nIst eine R\u00fcckkehr zur fr\u00fcheren Normalit\u00e4t \u00fcberhaupt m\u00f6glich?<br \/>\nWelche Schl\u00fcsse werden aus diesen f\u00fcnf Lehren gezogen?<br \/>\nWerden Wissenschaft wieder unabh\u00e4ngig,<br \/>\nMedien zu Kontrolleuren,<br \/>\nPolitik-Establishment zu Dienstleistern des B\u00fcrgers als dem Souver\u00e4n,<br \/>\nTranshumanisten zu humanen Realisten und<br \/>\nAndersdenkende zu Diskussionspartnern im demokratischen Streit?<\/p>\n<p>Welche gesellschaftlichen Kr\u00e4fte sind imstande und bereit, solche Schl\u00fcsse aus den f\u00fcnf Lehren zu ziehen? <a href=\"https:\/\/www.freiburg-schwarzwald.de\/blog\/engagement\/zukunft\/demokratie\/linke\/\">Lifestyle-Linke<\/a> sowie auch <a href=\"https:\/\/www.freiburg-schwarzwald.de\/blog\/engagement\/zukunft\/demokratie\/konservativismus\/\">Konservative<\/a> doch wohl kaum.<br \/>\n<a href=\"https:\/\/www.freiburg-schwarzwald.de\/blog\/business\/gesund\/corona-virus\/corona-abendland\/\">David Engels<\/a> ist ebenfalls skeptisch. Er h\u00e4tte den Titel <a href=\"https:\/\/www.freiburg-schwarzwald.de\/blog\/business\/gesund\/corona-virus\/corona-abendland\/\"><em>&#8222;Viel Zeit zur inneren Gesundung des Abendlandes bleibt nicht&#8220;<\/em><\/a> wohl besser umbenannt in <em>&#8222;Die Zeit ist fast abgelaufen zum scheinbar unaufhaltbaren &#8218;<a href=\"https:\/\/www.freiburg-schwarzwald.de\/blog\/global\/globalisierung\/great-reset\/\">Great Reset&#8216;<\/a>&#8222;<\/em>.<br \/>\n3.2.2022<\/p>\n","protected":false},"excerpt":{"rendered":"<p>Die Corona-Pandemie ist vorbei. Alle hoffen inst\u00e4ndig auf eine rasche Normalisierung des gesellschaftlichen Lebens. &#8222;Viel Zeit zur inneren Gesundung des Abendlandes bleibt nicht&#8220; mahnt der Historiker David Engels an, um die dringend erforderlichen Lehren aus der zwei Jahre andauernden Krise &hellip; <a href=\"https:\/\/www.freiburg-schwarzwald.de\/blog\/fuenf-lehren-nach-corona-ende\/\">Weiterlesen <span class=\"meta-nav\">&rarr;<\/span><\/a><\/p>\n","protected":false},"author":2,"featured_media":0,"comment_status":"open","ping_status":"closed","sticky":false,"template":"","format":"standard","meta":{"footnotes":""},"categories":[433,18,158,172],"tags":[766,700,633,749,682],"class_list":["post-98263","post","type-post","status-publish","format-standard","hentry","category-arzt","category-bildung","category-gesund","category-zukunft","tag-buerger","tag-corona","tag-demokratie","tag-diskussionskultur","tag-freiheit"],"_links":{"self":[{"href":"https:\/\/www.freiburg-schwarzwald.de\/blog\/wp-json\/wp\/v2\/posts\/98263","targetHints":{"allow":["GET"]}}],"collection":[{"href":"https:\/\/www.freiburg-schwarzwald.de\/blog\/wp-json\/wp\/v2\/posts"}],"about":[{"href":"https:\/\/www.freiburg-schwarzwald.de\/blog\/wp-json\/wp\/v2\/types\/post"}],"author":[{"embeddable":true,"href":"https:\/\/www.freiburg-schwarzwald.de\/blog\/wp-json\/wp\/v2\/users\/2"}],"replies":[{"embeddable":true,"href":"https:\/\/www.freiburg-schwarzwald.de\/blog\/wp-json\/wp\/v2\/comments?post=98263"}],"version-history":[{"count":5,"href":"https:\/\/www.freiburg-schwarzwald.de\/blog\/wp-json\/wp\/v2\/posts\/98263\/revisions"}],"predecessor-version":[{"id":98335,"href":"https:\/\/www.freiburg-schwarzwald.de\/blog\/wp-json\/wp\/v2\/posts\/98263\/revisions\/98335"}],"wp:attachment":[{"href":"https:\/\/www.freiburg-schwarzwald.de\/blog\/wp-json\/wp\/v2\/media?parent=98263"}],"wp:term":[{"taxonomy":"category","embeddable":true,"href":"https:\/\/www.freiburg-schwarzwald.de\/blog\/wp-json\/wp\/v2\/categories?post=98263"},{"taxonomy":"post_tag","embeddable":true,"href":"https:\/\/www.freiburg-schwarzwald.de\/blog\/wp-json\/wp\/v2\/tags?post=98263"}],"curies":[{"name":"wp","href":"https:\/\/api.w.org\/{rel}","templated":true}]}}