{"id":97597,"date":"2022-01-18T14:15:06","date_gmt":"2022-01-18T13:15:06","guid":{"rendered":"https:\/\/www.freiburg-schwarzwald.de\/blog\/?p=97597"},"modified":"2022-01-19T17:52:52","modified_gmt":"2022-01-19T16:52:52","slug":"demos-jenseits-von-rechts-links","status":"publish","type":"post","link":"https:\/\/www.freiburg-schwarzwald.de\/blog\/demos-jenseits-von-rechts-links\/","title":{"rendered":"Demos jenseits von rechts-links"},"content":{"rendered":"<p>Immer mehr <a href=\"https:\/\/www.freiburg-schwarzwald.de\/blog\/engagement\/zukunft\/demokratie\/links\/\">Linke<\/a> nehmen an den <a href=\"https:\/\/www.freiburg-schwarzwald.de\/blog\/engagement\/buergerinitiativen\/demonstrationsrecht\/\">Demonstrationen<\/a> zur R\u00fcckgabe der <a href=\"https:\/\/www.freiburg-schwarzwald.de\/blog\/engagement\/buergerinitiativen\/grundrechte-demo\/\">Grundrechte<\/a> und zum Ende der <a href=\"https:\/\/www.freiburg-schwarzwald.de\/blog\/business\/gesund\/corona-virus\/corona-grundrechte\/\">Coronama\u00dfnahmen<\/a> teil. Die <a href=\"https:\/\/www.freiburg-schwarzwald.de\/blog\/engagement\/zukunft\/demokratie\/rechts\/rechts-links\/\">Rechts-Links<\/a>-Kategorisierung versagt, wie auch bei den Montags-<a href=\"https:\/\/www.freiburg-schwarzwald.de\/blog\/engagement\/buergerinitiativen\/spaziergaenge\/\">Spazierg\u00e4ngen<\/a>. Aber: Diese Linken sollte man besser &#8222;Alt-Linke&#8220; nennen, um sie von den heutigen, modernen Linken<!--more--> &#8211; mit <a href=\"https:\/\/www.freiburg-schwarzwald.de\/blog\/engagement\/zukunft\/demokratie\/links\/wagenknecht\/\">Sahra Wagenknecht<\/a> als <a href=\"https:\/\/www.freiburg-schwarzwald.de\/blog\/engagement\/zukunft\/demokratie\/linke\/\">&#8222;Lifestyle-Linke&#8220;<\/a> als bezeichnet &#8211; zu unterscheiden.<br \/>\nDen Alt-Linken ging es um die Werkt\u00e4tigen als die in prek\u00e4rer Abh\u00e4ngigkeit besch\u00e4ftigten kleinen Leute, w\u00e4hrend sich die Lifestyle-Linken mit <a href=\"https:\/\/www.freiburg-schwarzwald.de\/blog\/engagement\/zukunft\/demografie\/minderheit\/\">Minderheiten<\/a> im In- und Ausland abgeben, um diese als <a href=\"https:\/\/www.freiburg-schwarzwald.de\/blog\/global\/integration\/fluechtlinge-kriminalitaet\/opfer\/\">Opfer<\/a> zu retten: Klassenkampf alt gegen Identit\u00e4tspolitik neu.<\/p>\n<p>Das Narrativ, dass die gegen Impfpflicht und Beschneidung der Freiheitsrechte <a href=\"https:\/\/www.freiburg-schwarzwald.de\/blog\/engagement\/buergerinitiativen\/demos-in-freiburg\/\">Demonstrierenden<\/a> allesamt Rechtsradikale und somit <a href=\"https:\/\/www.freiburg-schwarzwald.de\/blog\/religion\/juden\/nazi\/\">Nazis<\/a> wie Antisemiten seien, ist geplatzt. Zu viele Videos und Augenzeugenberichte beweisen, da\u00df hier ganz normale und besorgte B\u00fcrger, unabh\u00e4ngig von linker oder rechter Orientierung, ihre Meinung kundtun. Auch Bundesverfassungschutzamtspr\u00e4sident <a href=\"https:\/\/www.freiburg-schwarzwald.de\/blog\/demonstranten-als-staatsfeinde\/\">Thomas Haldenwang<\/a> hat dies kapiert, weshalb er zum <a href=\"https:\/\/www.freiburg-schwarzwald.de\/blog\/engagement\/zukunft\/demokratie\/extremismus\/\">Rechtsextremismus<\/a> und Linksextremismus den Demonstrations-Extremismus als <a href=\"https:\/\/www.freiburg-schwarzwald.de\/blog\/demonstranten-als-staatsfeinde\/\">&#8222;neue Szene von Staatsfeinden&#8220;<\/a> hinzuerfunden hat, die er der &#8222;Verfassungsschutzrelevanten Delegitimierung des Staates&#8220; bezichtigt. Ein unglaublich infames, die Gesellschaft weiter <a href=\"https:\/\/www.freiburg-schwarzwald.de\/blog\/global\/deutschland\/spaltung\/\">spaltendes<\/a> <a href=\"https:\/\/www.freiburg-schwarzwald.de\/blog\/kultur\/medien\/framing\/\">Framing<\/a>, schon allein wegen der Zahlen:<br \/>\n&#8222;Immerhin sollen es am vergangenen Wochenende 261.400 Staatsfeinde auf 1.309 Demonstrationen gewesen sein, so genau wei\u00df es die Bundespolizei, wenn sie es wissen will&#8220; (<a href=\"https:\/\/www.tichyseinblick.de\/tichys-einblick\/der-spaziergaenger-als-staatsfeind\/\">https:\/\/www.tichyseinblick.de\/tichys-einblick\/der-spaziergaenger-als-staatsfeind\/<\/a> vom 16.1.2022).<\/p>\n<p>Auch Stefan Homburg geht mit seinem Tweet <em>&#8222;wir gehen montags mit den &#8222;Echten Linken&#8220; spazieren!&#8220;<\/em> auf die Diffamierung der demonstrierenden Normalo-B\u00fcrger durch Coronapolitik und Medien ein:<\/p>\n<p><a href=\"https:\/\/www.freiburg-schwarzwald.de\/blog\/wp-content\/uploads\/2022\/01\/linke-alt-lifestyle2201.jpg\"><img loading=\"lazy\" decoding=\"async\" class=\"alignnone size-full wp-image-97600\" src=\"https:\/\/www.freiburg-schwarzwald.de\/blog\/wp-content\/uploads\/2022\/01\/linke-alt-lifestyle2201.jpg\" alt=\"\" width=\"546\" height=\"680\" srcset=\"https:\/\/www.freiburg-schwarzwald.de\/blog\/wp-content\/uploads\/2022\/01\/linke-alt-lifestyle2201.jpg 546w, https:\/\/www.freiburg-schwarzwald.de\/blog\/wp-content\/uploads\/2022\/01\/linke-alt-lifestyle2201-514x640.jpg 514w, https:\/\/www.freiburg-schwarzwald.de\/blog\/wp-content\/uploads\/2022\/01\/linke-alt-lifestyle2201-145x180.jpg 145w\" sizes=\"auto, (max-width: 546px) 100vw, 546px\" \/><\/a><br \/>\n.<br \/>\nStefan Homburg, Professor of Public Economics, Leibnitz University Hannover, kn\u00fcpft an den von RKI und PEI bef\u00fcrworteten Erlass ein, da\u00df man mit einer Impfdosis Johnson und Johnson ab sofort wieder als ungeimpft gilt:<em> &#8222;Juristisch kommt es auf den Verwaltungsakt von RKI oder PEI an; was Ihre App zeigt, spielt keine Rolle. Wenn Ihnen die Fahrerlaubnis entzogen wurde, d\u00fcrfen Sie nicht weiterfahren. Ob Sie den F\u00fchrerschein als Nachweis mitf\u00fchren, spielt keine Rolle.\u201c<br \/>\n<\/em><br \/>\nStefan Homburg, @SHomburg , Twitter 17. Jan 2022<br \/>\n&#8222;Mit einer Dosis J&amp;J sind Sie ab sofort ungeimpft: <a href=\"https:\/\/pei.de\/DE\/newsroom\/dossier\/coronavirus\/coronavirus-inhalt.html?nn=169730&amp;cms_pos=3\">https:\/\/pei.de\/DE\/newsroom\/dossier\/coronavirus\/coronavirus-inhalt.html?nn=169730&amp;cms_pos=3<\/a><br \/>\nBald sind wir alle ungeimpft. Entweder wir akzeptieren das Zwangsabo. Oder wir gehen montags mit den &#8222;Echten Linken&#8220; spazieren!&#8220;<br \/>\n<a href=\"https:\/\/twitter.com\/SHomburg\/status\/1483012364790386691\">https:\/\/twitter.com\/SHomburg\/status\/1483012364790386691<\/a><br \/>\n.<br \/>\nWenn B\u00fcrger den Mut haben, auf die Stra\u00dfe zu gehen, um ihre Meinung auf einer Demonstration kundzutun, dann ist dies in jeder Demokratie ein Grund zur Freude. Und kein Grund, diese in die rechte oder linke Schublade einzusortieren.<br \/>\n18.1.2022<\/p>\n<p>Kommentar:<br \/>\nDies ist genau der Punkt, der vielen (Alt-) Linken nicht auff\u00e4llt: Sie sind &#8211; ohne es zu ahnen &#8211; Teil des global agierenden Konzernfaschismus&#8216; geworden. Dies gilt nicht nur f\u00fcr bekannte Pers\u00f6nlichkeiten, sondern f\u00fcr jeden einzelnen, der sich in diesem Spektrum verortet. Bezogen auf erstere Gruppe denke ich vor allem an unsere sattsam bekannten S\u00e4ngerbarden wie z.B. Mey, Wecker et al., die eine entsprechende Au\u00dfenwirkung bzgl. des Corona-Faschismus&#8216; erzeugen k\u00f6nnten, wenn sie denn wollten. Leider tun sie dies nicht, sondern gehen lieber hinter zuhause aufgenommen Youtube-Videos in Deckung. Egal, welcher Gruppe man als Linker aber nun angeh\u00f6rt, f\u00fcr beide gilt:<br \/>\nSind die Zeiten ruhig, l\u00e4sst sich wunderbar systemkritisch agieren, denn es ist nichts zu bef\u00fcrchten. Wird&#8217;s jedoch st\u00fcrmisch (wie aktuell), gibt es entweder das Anbiedern an die &#8222;gro\u00dfpolitische Wetterlage&#8220; oder eben das genannte Verschanzen hinter wehm\u00fctigen Sentenzen aus alten Tagen. Dies musste einmal gesagt werden. Oder um es mit einem Lied-Titel von Mey auszudr\u00fccken: &#8222;Gute Nacht, Freunde, &#8230;&#8220;.<br \/>\n17.1.2022, M.C.<\/p>\n","protected":false},"excerpt":{"rendered":"<p>Immer mehr Linke nehmen an den Demonstrationen zur R\u00fcckgabe der Grundrechte und zum Ende der Coronama\u00dfnahmen teil. Die Rechts-Links-Kategorisierung versagt, wie auch bei den Montags-Spazierg\u00e4ngen. Aber: Diese Linken sollte man besser &#8222;Alt-Linke&#8220; nennen, um sie von den heutigen, modernen Linken<\/p>\n","protected":false},"author":2,"featured_media":0,"comment_status":"open","ping_status":"closed","sticky":false,"template":"","format":"standard","meta":{"footnotes":""},"categories":[1],"tags":[],"class_list":["post-97597","post","type-post","status-publish","format-standard","hentry","category-allgemein"],"_links":{"self":[{"href":"https:\/\/www.freiburg-schwarzwald.de\/blog\/wp-json\/wp\/v2\/posts\/97597","targetHints":{"allow":["GET"]}}],"collection":[{"href":"https:\/\/www.freiburg-schwarzwald.de\/blog\/wp-json\/wp\/v2\/posts"}],"about":[{"href":"https:\/\/www.freiburg-schwarzwald.de\/blog\/wp-json\/wp\/v2\/types\/post"}],"author":[{"embeddable":true,"href":"https:\/\/www.freiburg-schwarzwald.de\/blog\/wp-json\/wp\/v2\/users\/2"}],"replies":[{"embeddable":true,"href":"https:\/\/www.freiburg-schwarzwald.de\/blog\/wp-json\/wp\/v2\/comments?post=97597"}],"version-history":[{"count":5,"href":"https:\/\/www.freiburg-schwarzwald.de\/blog\/wp-json\/wp\/v2\/posts\/97597\/revisions"}],"predecessor-version":[{"id":97653,"href":"https:\/\/www.freiburg-schwarzwald.de\/blog\/wp-json\/wp\/v2\/posts\/97597\/revisions\/97653"}],"wp:attachment":[{"href":"https:\/\/www.freiburg-schwarzwald.de\/blog\/wp-json\/wp\/v2\/media?parent=97597"}],"wp:term":[{"taxonomy":"category","embeddable":true,"href":"https:\/\/www.freiburg-schwarzwald.de\/blog\/wp-json\/wp\/v2\/categories?post=97597"},{"taxonomy":"post_tag","embeddable":true,"href":"https:\/\/www.freiburg-schwarzwald.de\/blog\/wp-json\/wp\/v2\/tags?post=97597"}],"curies":[{"name":"wp","href":"https:\/\/api.w.org\/{rel}","templated":true}]}}