{"id":97305,"date":"2022-01-04T16:18:34","date_gmt":"2022-01-04T15:18:34","guid":{"rendered":"https:\/\/www.freiburg-schwarzwald.de\/blog\/?p=97305"},"modified":"2022-01-09T16:32:07","modified_gmt":"2022-01-09T15:32:07","slug":"versammlung-nur-2-personen","status":"publish","type":"post","link":"https:\/\/www.freiburg-schwarzwald.de\/blog\/versammlung-nur-2-personen\/","title":{"rendered":"Versammlung &#8211; nur 2 Personen"},"content":{"rendered":"<p>&#8222;\u00a7 2 NVersG: Eine Versammlung ist im Sine dieses Gesetzes ist eine ortsfeste oder sich fortbewegende Zusammenkunft von mindestens zwei Personen zur gemeinschaftlichen, auf die Teilhabe an der \u00f6ffentlichen Meinungsbildung gerichteten Er\u00f6rterung oder Kundgebung &#8211; @Polizei_H&#8220;<\/p>\n<p>Gem\u00e4\u00df dieser offiziellen Verlautbarung der <a href=\"https:\/\/www.freiburg-schwarzwald.de\/blog\/selbsthilfe\/soziales\/justiz\/polizei\/polizeibeamte\/\">Polizei<\/a> Hannover darf man sich zu zweit nicht mehr \u00fcber irgendwelche politische bzw. gesellschaftliche Probleme unterhalten, wenn man sich im <a href=\"https:\/\/www.freiburg-schwarzwald.de\/blog\/kultur\/oeffentlicher-raum\/\">\u00f6ffentlichen Raum<\/a> bewegt, da diese Zweisamkeit bereits als Versammlung definiert ist &#8211; eine Mini-<a href=\"https:\/\/www.freiburg-schwarzwald.de\/blog\/engagement\/buergerinitiativen\/grundrechte-demo\/\">Demonstration<\/a> sozusagen. <a href=\"https:\/\/www.freiburg-schwarzwald.de\/blog\/engagement\/buergerinitiativen\/demonstrationsrecht\/\">Demonstrationsrecht<\/a> und <a href=\"https:\/\/www.freiburg-schwarzwald.de\/blog\/engagement\/zukunft\/demokratie\/freiheit\/freiheitsrechte\/\">-freiheit<\/a> ade.<br \/>\nDabei m\u00fcssen sich die zwei <a href=\"https:\/\/www.freiburg-schwarzwald.de\/blog\/engagement\/buerger\/\">Personen<\/a> der Versammlung nicht einmal kennen, sondern nur zuf\u00e4llig im \u00f6ffentlichen Raum nebeneinander stehen. Der u.a. wiedergegebene Augenzeugenbericht von Prof. Homburg gibt ein erschreckendes Beispiel.<br \/>\n4.1.2022<br \/>\n.<\/p>\n<p><strong>Einkesselung, Verfahren und Platzverweis wegen eines Spaziergangs<\/strong><br \/>\n<em>Zwei B\u00fcrger treffen sich in der Innenstadt und werden sofort von der Polizei zu einer Versammlung erkl\u00e4rt und eingekesselt. Ein friedlicher <a href=\"https:\/\/www.freiburg-schwarzwald.de\/blog\/engagement\/buergerinitiativen\/spaziergaenge\/\">Spaziergang<\/a> endet mit einer Abf\u00fchrung und Ank\u00fcndigung eines Verfahrens mit Platzverweis. Ein unfassbarer Erfahrungsbericht von Stefan Homburg.<\/em><br \/>\n\u2026.<br \/>\nNach m\u00f6glichen Spazierg\u00e4ngern Ausschau haltend, stoppe ich kurz, und eine neben mir stehende Dame sagt unvermittelt, sie sei wegen Lockdown und Masken schon ewig nicht mehr in der Innenstadt gewesen. Da es mir \u00e4hnlich geht, bewundern wir eine halbe Minute lang gemeinsam die Weihnachtsdeko. Als ich weitergehen will, stehen pl\u00f6tzlich f\u00fcnf Polizisten vor uns und, als ich mich umdrehe, etwa zehn bis f\u00fcnfzehn hinter uns, die einen Ring um die Dame, mich und vielleicht acht weitere, meist \u00e4ltere Personen bilden. Gefragt, was das bedeuten soll, antwortet mir eine blonde Polizistin, sie w\u00fcrde uns hiermit zur Versammlung erkl\u00e4ren. Ich setze sofort meine FFP2-Maske auf, bin ehrlich schockiert und entgegne, das sei wohl ein Schildb\u00fcrgerstreich.<br \/>\nAuf dem Platz stehen jetzt infolge der Polizeipr\u00e4senz und des gebildeten Kessels viele Zuschauer, und man k\u00f6nnte im Grunde jede beliebige Personengruppe von hinten umzingeln und zur \u201eVersammlung\u201c erkl\u00e4ren.<br \/>\nEine Bekannte, die zuf\u00e4llig vorbeikommt, will sich zu mir gesellen, darf aber nicht in den Kessel, und ich darf nicht hinaus. Immer weitere Polizisten kommen hinzu, auch Zuschauer, und die ganze Szene wird vielfach gefilmt. Au\u00dferdem erhalte ich Zurufe von Menschen, die mich erkennen und ihr Befremden \u00fcber diese seltsame Ma\u00dfnahme ausdr\u00fccken. Oft f\u00e4llt der Ausdruck \u201eFaschismus\u201c, und die Polizisten werden verbal hart von den Umstehenden angegangen.<br \/>\nNach etwa einer Viertelstunde wird es ernst: Ich werde von drei Mann abgef\u00fchrt, und nach dem Tatvorwurf fragend erhalte ich die Antwort: Versto\u00df gegen die Maskenpflicht. Ich entgegne, dass ich doch eine trage, sogar FFP2, und dies seit Bildung des Kessels. Das nutzt aber nichts: Ich h\u00e4tte die Maske bereits vor Bildung des Kessels tragen m\u00fcssen, und man habe Beweisfotos, dass dies nicht der Fall war.<br \/>\nDa ich nun von den anderen entfernt bin, bekomme ich nur aus den Augenwinkeln mit, dass es anderen, die keine Maske tragen, viel schlimmer ergeht. Vielleicht, weil sie nur durch die Stadt gehen wollten und aus diesem Grund keine dabei hatten. Jedenfalls h\u00f6re ich Aufruhr und Schreie, kann dem als isoliert Abgesonderter aber nicht nachgehen. Nach Feststellung meiner Personalien erhalte ich die Ank\u00fcndigung eines Verfahrens gegen mich sowie einen Platzverweis f\u00fcr die gesamte Innenstadt, deren Grenzen der leitende Polizist aber nicht zu definieren vermag. Stattdessen droht er mir Gef\u00e4ngnis f\u00fcr den Fall eines Versto\u00dfes an.<\/p>\n<p>Zwei Schlussfolgerungen<br \/>\nErstens kann die Polizei durch hinterh\u00e4ltiges Kesseln jedem, der sich au\u00dferhalb seiner Wohnung aufh\u00e4lt, ein Verfahren anh\u00e4ngen, und das ist wohl auch der Sinn der Aktion. Zweitens: Wenn man das nicht Faschismus nennen darf, wo beginnt der eigentlich \u2013 oder anders ausgedr\u00fcckt, was wollen wir uns eigentlich noch alles bieten lassen?<br \/>\n\u2026 Alles vom 4.1.2022 von <a href=\"https:\/\/www.freiburg-schwarzwald.de\/blog\/kultur\/medien\/faktencheck\/\">Stefan Homburg<\/a> bitte lesen auf<br \/>\n<a href=\"https:\/\/reitschuster.de\/post\/einkesselung-verfahren-und-platzverweis-wegen-eines-spaziergangs\/\">https:\/\/reitschuster.de\/post\/einkesselung-verfahren-und-platzverweis-wegen-eines-spaziergangs\/<\/a><\/p>\n<p><em>Dr. Stefan Homburg ist Universit\u00e4tsprofessor f\u00fcr \u00d6ffentliche Finanzen der Leibniz Universit\u00e4t Hannover i. R., hat zahlreiche Regierungen, Politiker und Parlamente beraten und informiert auf <a href=\"https:\/\/twitter.com\/SHomburg\">https:\/\/twitter.com\/SHomburg<\/a> \u00fcber die Coronakrise.<\/em><\/p>\n<p>Kommentare:<br \/>\n<strong>Bravo, Herr Homburg.<\/strong><br \/>\nSeit April 2020 von mir als hoch qualifizierter Statistik-Experte wahrgenommen \u2013 unvergessen seine Kurve, die er bei Lanz demonstrierte, die bewies, dass die Zahlen bereits vor dem Lockdown am Sinken waren. Unvergessen seine deutlichen Worte am 09. Mai in Stuttgart auf der ersten Gro\u00df-Demo. Und unvergessen seine Bem\u00fchungen im Corona-Quartett bei Servus TV, die Diskussionen in einen kritischen Diskurs zu f\u00fchren. Was leider irgendwann auch boykottiert wurde \u2013 so hatte es den Anschein. Ich folge ihm auf Twitter und teile seine teils brillanten knackigen Analysen. Wenn jemand von einer gewissen Blase so angefeindet wird, wie er, dann wei\u00df man, dass er meist richtig liegt. Das musste mal gesagt werden! Wir sehen uns auf der Stra\u00dfe!<br \/>\n4.1.2022, H.M.<\/p>\n<p><strong>Das ist immer so im Faschismus<\/strong><br \/>\nImmer wie es angeordnet ist. Sagt der B\u00fcrgermeister Deeskalation, halten sich die Schergen zur\u00fcck. Sagt er Attacke, werden die 80-j\u00e4hrigen Omis und die Schwangeren krankenhausreif gepr\u00fcgelt und anschlie\u00dfend noch angeklagt und bestraft.<br \/>\nDas ist immer so im Faschismus. Wenn wir uns aber nicht wehren, wird es noch viel, viel schlimmer werden. Gerade wir Deutschen sollten doch gewarnt sein. Eigentlich hatte man uns das doch sogar in der Schule im Geschichtsunterricht beigebracht.<br \/>\n4.1.2022, K.W.<br \/>\nEnde Kommentare<\/p>\n<p>&nbsp;<\/p>\n","protected":false},"excerpt":{"rendered":"<p>&#8222;\u00a7 2 NVersG: Eine Versammlung ist im Sine dieses Gesetzes ist eine ortsfeste oder sich fortbewegende Zusammenkunft von mindestens zwei Personen zur gemeinschaftlichen, auf die Teilhabe an der \u00f6ffentlichen Meinungsbildung gerichteten Er\u00f6rterung oder Kundgebung &#8211; @Polizei_H&#8220; Gem\u00e4\u00df dieser offiziellen Verlautbarung &hellip; <a href=\"https:\/\/www.freiburg-schwarzwald.de\/blog\/versammlung-nur-2-personen\/\">Weiterlesen <span class=\"meta-nav\">&rarr;<\/span><\/a><\/p>\n","protected":false},"author":2,"featured_media":0,"comment_status":"open","ping_status":"closed","sticky":false,"template":"","format":"standard","meta":{"footnotes":""},"categories":[181,36,249,13,157,9],"tags":[281,325,633,431],"class_list":["post-97305","post","type-post","status-publish","format-standard","hentry","category-buergerbeteiligung","category-engagement","category-hock","category-kultur","category-oeffentlicher-raum","category-soziales","tag-burgerinitiativen","tag-demo","tag-demokratie","tag-gerecht"],"_links":{"self":[{"href":"https:\/\/www.freiburg-schwarzwald.de\/blog\/wp-json\/wp\/v2\/posts\/97305","targetHints":{"allow":["GET"]}}],"collection":[{"href":"https:\/\/www.freiburg-schwarzwald.de\/blog\/wp-json\/wp\/v2\/posts"}],"about":[{"href":"https:\/\/www.freiburg-schwarzwald.de\/blog\/wp-json\/wp\/v2\/types\/post"}],"author":[{"embeddable":true,"href":"https:\/\/www.freiburg-schwarzwald.de\/blog\/wp-json\/wp\/v2\/users\/2"}],"replies":[{"embeddable":true,"href":"https:\/\/www.freiburg-schwarzwald.de\/blog\/wp-json\/wp\/v2\/comments?post=97305"}],"version-history":[{"count":4,"href":"https:\/\/www.freiburg-schwarzwald.de\/blog\/wp-json\/wp\/v2\/posts\/97305\/revisions"}],"predecessor-version":[{"id":97309,"href":"https:\/\/www.freiburg-schwarzwald.de\/blog\/wp-json\/wp\/v2\/posts\/97305\/revisions\/97309"}],"wp:attachment":[{"href":"https:\/\/www.freiburg-schwarzwald.de\/blog\/wp-json\/wp\/v2\/media?parent=97305"}],"wp:term":[{"taxonomy":"category","embeddable":true,"href":"https:\/\/www.freiburg-schwarzwald.de\/blog\/wp-json\/wp\/v2\/categories?post=97305"},{"taxonomy":"post_tag","embeddable":true,"href":"https:\/\/www.freiburg-schwarzwald.de\/blog\/wp-json\/wp\/v2\/tags?post=97305"}],"curies":[{"name":"wp","href":"https:\/\/api.w.org\/{rel}","templated":true}]}}