{"id":97085,"date":"2021-12-31T20:32:00","date_gmt":"2021-12-31T19:32:00","guid":{"rendered":"https:\/\/www.freiburg-schwarzwald.de\/blog\/?p=97085"},"modified":"2022-01-10T20:53:34","modified_gmt":"2022-01-10T19:53:34","slug":"neues-jahr-2022-danser-encore","status":"publish","type":"post","link":"https:\/\/www.freiburg-schwarzwald.de\/blog\/neues-jahr-2022-danser-encore\/","title":{"rendered":"Neues Jahr 2022: Danser encore"},"content":{"rendered":"<p>2022 muss zum <a href=\"https:\/\/www.freiburg-schwarzwald.de\/blog\/business\/gesund\/corona-virus\/corona-versoehnung\/\">Anti<\/a>&#8211;<a href=\"https:\/\/www.freiburg-schwarzwald.de\/blog\/business\/gesund\/corona-virus\/\">Corona<\/a>-Jahr werden! Es sind bereits in hunderten St\u00e4dten montags <a href=\"https:\/\/www.freiburg-schwarzwald.de\/blog\/engagement\/buergerinitiativen\/spaziergaenge\/\">Spazierg\u00e4nger<\/a> unterwegs, die eine \u00c4nderung der Politik einfordern. Es m\u00fcssen 2022 noch viel mehr werden, nicht nur an Montagen! Mit Musik l\u00e4uft es sich besser. Die Hymne der Franz\u00f6sischen Revolution <!--more-->war das blutr\u00fcnstige \u201eCa ira\u201c, die der Kommunisten die \u201eInternationale\u201c, 1989 war es \u201eWind of Change\u201c.<br \/>\n\u201eDanser encore\u201c schickt sich an, die Hymne des Widerstands gegen das Corona-Regime zu werden. <a href=\"https:\/\/youtu.be\/SyBEMRyt6Qg\">https:\/\/youtu.be\/SyBEMRyt6Qg<\/a>\u00a0(oder <a href=\"https:\/\/www.freiburg-schwarzwald.de\/blog\/danser-encore-wieder-tanzen\/\">hier<\/a>) .<br \/>\nSchon \u00fcber 6 Millionen Mal wurde diese moderne Ode angeklickt. Wenn Ihr sie h\u00f6rt, tanzt mit!<br \/>\n&#8230; Alles vom 31.12.2021 von Vera Lengsfeld bitte lesen auf<br \/>\n<a href=\"https:\/\/vera-lengsfeld.de\/2021\/12\/31\/danser-encore\/\">https:\/\/vera-lengsfeld.de\/2021\/12\/31\/danser-encore\/<\/a><\/p>\n<p>.<br \/>\n<strong>Danser encore: Jetzt ist Zeit.<\/strong><br \/>\nWir wollen alle wieder tanzen gehen<br \/>\nund unsere Herzen zueinander drehn<br \/>\nwir wollen uns wieder in die Armen nehmn<br \/>\n<a href=\"https:\/\/youtu.be\/65Gg4Ef8cEg\">https:\/\/youtu.be\/65Gg4Ef8cEg<\/a><\/p>\n<p>.<\/p>\n<p><strong>Danser Encore \u2013 Spontane Aktion in Berlin wird beendet<\/strong><br \/>\nSamstag Nachmittag im Zentrum Berlins, Unter den Linden. Zwei Gitarren, zwei S\u00e4nger. Sie spielen \u201cDanser encore\u201d \u2013 \u201cEndlich wieder tanzen\u201d. Die Hymne der Corona-Zeit. Es ist der Song des friedlichen und kreativen Widerstands gegen coronabedingte Schlie\u00dfungen von Kultureinrichtungen. Der K\u00fcnstler hinter dem Lied ist HK (sprich: Asch Kah), die Abk\u00fcrzung f\u00fcr Kaddour Hadadi, der in Frankreich als politischer Liedermacher bekannt ist.<br \/>\nEin gutes Dutzend Menschen versammelt sich und tanzt. Abstandsregeln sind eingehalten. Keine Plakate, nichts.<br \/>\n<a href=\"https:\/\/youtu.be\/pqo43SJAEcc\">https:\/\/youtu.be\/pqo43SJAEcc<\/a><br \/>\nEs vergehen nur wenige Minuten bis die Polizei mit drei Mannschaftswagen anr\u00fcckt. Kurze Zeit sp\u00e4ter greifen die Beamten ein und beenden die Aktion. Begr\u00fcndung: eine nicht genehmigte Versammlung.<br \/>\nDer Vorgang hatte einen Hauch von DDR. Insbesondere weil die Polizei so schnell und so zahlreich zur Stelle war.<br \/>\n&#8230; Alles vom 10.1.2022 bitte lesen auf<br \/>\n<a href=\"https:\/\/vera-lengsfeld.de\/2022\/01\/10\/danser-encore-spontane-aktion-in-berlin\/#more-6333\">https:\/\/vera-lengsfeld.de\/2022\/01\/10\/danser-encore-spontane-aktion-in-berlin\/#more-6333<\/a><\/p>\n","protected":false},"excerpt":{"rendered":"<p>2022 muss zum Anti&#8211;Corona-Jahr werden! Es sind bereits in hunderten St\u00e4dten montags Spazierg\u00e4nger unterwegs, die eine \u00c4nderung der Politik einfordern. Es m\u00fcssen 2022 noch viel mehr werden, nicht nur an Montagen! Mit Musik l\u00e4uft es sich besser. Die Hymne der &hellip; <a href=\"https:\/\/www.freiburg-schwarzwald.de\/blog\/neues-jahr-2022-danser-encore\/\">Weiterlesen <span class=\"meta-nav\">&rarr;<\/span><\/a><\/p>\n","protected":false},"author":2,"featured_media":0,"comment_status":"open","ping_status":"closed","sticky":false,"template":"","format":"standard","meta":{"footnotes":""},"categories":[355,52,36,13,97,120,157,172],"tags":[281,700,325,682,477,518],"class_list":["post-97085","post","type-post","status-publish","format-standard","hentry","category-buergerinitiativen","category-einewelt","category-engagement","category-kultur","category-liedermacher","category-musik","category-oeffentlicher-raum","category-zukunft","tag-burgerinitiativen","tag-corona","tag-demo","tag-freiheit","tag-lied","tag-music"],"_links":{"self":[{"href":"https:\/\/www.freiburg-schwarzwald.de\/blog\/wp-json\/wp\/v2\/posts\/97085","targetHints":{"allow":["GET"]}}],"collection":[{"href":"https:\/\/www.freiburg-schwarzwald.de\/blog\/wp-json\/wp\/v2\/posts"}],"about":[{"href":"https:\/\/www.freiburg-schwarzwald.de\/blog\/wp-json\/wp\/v2\/types\/post"}],"author":[{"embeddable":true,"href":"https:\/\/www.freiburg-schwarzwald.de\/blog\/wp-json\/wp\/v2\/users\/2"}],"replies":[{"embeddable":true,"href":"https:\/\/www.freiburg-schwarzwald.de\/blog\/wp-json\/wp\/v2\/comments?post=97085"}],"version-history":[{"count":3,"href":"https:\/\/www.freiburg-schwarzwald.de\/blog\/wp-json\/wp\/v2\/posts\/97085\/revisions"}],"predecessor-version":[{"id":97328,"href":"https:\/\/www.freiburg-schwarzwald.de\/blog\/wp-json\/wp\/v2\/posts\/97085\/revisions\/97328"}],"wp:attachment":[{"href":"https:\/\/www.freiburg-schwarzwald.de\/blog\/wp-json\/wp\/v2\/media?parent=97085"}],"wp:term":[{"taxonomy":"category","embeddable":true,"href":"https:\/\/www.freiburg-schwarzwald.de\/blog\/wp-json\/wp\/v2\/categories?post=97085"},{"taxonomy":"post_tag","embeddable":true,"href":"https:\/\/www.freiburg-schwarzwald.de\/blog\/wp-json\/wp\/v2\/tags?post=97085"}],"curies":[{"name":"wp","href":"https:\/\/api.w.org\/{rel}","templated":true}]}}