{"id":9706,"date":"2012-08-22T15:30:05","date_gmt":"2012-08-22T13:30:05","guid":{"rendered":"https:\/\/www.freiburg-schwarzwald.de\/blog\/?p=9706"},"modified":"2012-08-22T15:39:26","modified_gmt":"2012-08-22T13:39:26","slug":"symbolische-beschneidung-als-kompromiss","status":"publish","type":"post","link":"https:\/\/www.freiburg-schwarzwald.de\/blog\/symbolische-beschneidung-als-kompromiss\/","title":{"rendered":"Symbolische Beschneidung als Kompromiss"},"content":{"rendered":"<p>Kennzeichen der Demokratie ist der Kompromi\u00df &#8211;\u00a0allgemein anerkannt und gut so. Also sollte doch auch hier in der so kontrovers\u00a0diskutierten Frage der\u00a0m\u00e4nnlichen\u00a0<a title=\"Beschneidung\" href=\"https:\/\/www.freiburg-schwarzwald.de\/blog\/selbsthilfe\/kinder\/beschneidung\/\">Beschneidung<\/a>\u00a0ein solcher Kompromi\u00df\u00a0\u00a0m\u00f6glich sein: Im Alter von 8 Tagen (Juden) oder sp\u00e4ter (Muslime) wird eine symbolische Beschneidung vorgenommen, zur Freude aller und als gro\u00dfer Festtag. Sp\u00e4ter dann, wenn das Kind zum jungen Mann herangereift\u00a0ist, kann dieser die\u00a0tats\u00e4chliche und\u00a0somit nicht mehr r\u00fcckg\u00e4ngig zu machende Beschneidung vornehmen lassen &#8211; nach seinem Willen, nach seiner freien Entscheidung, und wiederum zur Freude aller.\u00a0<!--more--><\/p>\n<p><strong>Ethikrat-Mitglied: Beschneidungen ohne An\u00e4sthesie ist eine Folterqual<br \/>\n<\/strong><em>Beschneidungen ohne Narkose sind f\u00fcr den Juristen Reinhard Merkel barbarisch und nach deutschem Recht nicht akzeptabel. Merkel ber\u00e4t die Regierung als Mitglied des Ethikrates, der sich am 23.8.2012 trifft.<\/em><br \/>\nBei der Beschneidung kollidiert das Recht der Eltern, ihre Kinder religi\u00f6s zu erziehen, mit deren Menschenrecht auf k\u00f6rperliche Unversehrtheit. Aber das Grundrecht auf elterliche Erziehungsfreiheit ist kein autonomes Freiheitsrecht der Eltern; es ist ein treuh\u00e4nderisches Mandat: ein Recht im vorrangigen Interesse der Kinder. Daher endet es zwingend am Kindeswohl. &#8230;. Alles vom 22.8.2012 bitte lesen auf<br \/>\n<a href=\"https:\/\/www.badische-zeitung.de\/nachrichten\/deutschland\/ethikrat-mitglied-beschneidungen-ohne-anaesthesie-ist-eine-folterqual--63255547.html\">https:\/\/www.badische-zeitung.de\/nachrichten\/deutschland\/ethikrat-mitglied-beschneidungen-ohne-anaesthesie-ist-eine-folterqual&#8211;63255547.html<\/a>\u00a0<br \/>\nReinhard Merkel (62) ist Professor f\u00fcr Strafrecht und Rechtsphilosophie an der Universit\u00e4t Hamburg.<\/p>\n<p><strong>Es ist skandal\u00f6s &#8230;.<\/strong><br \/>\nAlle Mitglieder des Bundestags und des Bundesrats sollten sich erst mal dieses Video ansehen:<br \/>\n<a href=\"https:\/\/video.google.com\/videoplay?docid=8212662920114237112\" target=\"_blank\">https:\/\/video.google.com\/videoplay?docid=8212662920114237112<\/a><br \/>\nEs zeigt die Beschneidung eines festgeschnallten S\u00e4uglings, der schreit wie am Spie\u00df. Es ist skandal\u00f6s, dass anno 2012 \u00fcberhaupt noch \u00fcber die rechtliche Zul\u00e4ssigkeit einer solchen Barbarei diskutiert werden muss.<br \/>\n22.8.2012, Wolfgang Berger<\/p>\n","protected":false},"excerpt":{"rendered":"<p>Kennzeichen der Demokratie ist der Kompromi\u00df &#8211;\u00a0allgemein anerkannt und gut so. Also sollte doch auch hier in der so kontrovers\u00a0diskutierten Frage der\u00a0m\u00e4nnlichen\u00a0Beschneidung\u00a0ein solcher Kompromi\u00df\u00a0\u00a0m\u00f6glich sein: Im Alter von 8 Tagen (Juden) oder sp\u00e4ter (Muslime) wird eine symbolische Beschneidung vorgenommen, zur &hellip; <a href=\"https:\/\/www.freiburg-schwarzwald.de\/blog\/symbolische-beschneidung-als-kompromiss\/\">Weiterlesen <span class=\"meta-nav\">&rarr;<\/span><\/a><\/p>\n","protected":false},"author":4,"featured_media":0,"comment_status":"closed","ping_status":"closed","sticky":false,"template":"","format":"standard","meta":{"footnotes":""},"categories":[13,19],"tags":[248],"class_list":["post-9706","post","type-post","status-publish","format-standard","hentry","category-kultur","category-religion","tag-feste"],"_links":{"self":[{"href":"https:\/\/www.freiburg-schwarzwald.de\/blog\/wp-json\/wp\/v2\/posts\/9706","targetHints":{"allow":["GET"]}}],"collection":[{"href":"https:\/\/www.freiburg-schwarzwald.de\/blog\/wp-json\/wp\/v2\/posts"}],"about":[{"href":"https:\/\/www.freiburg-schwarzwald.de\/blog\/wp-json\/wp\/v2\/types\/post"}],"author":[{"embeddable":true,"href":"https:\/\/www.freiburg-schwarzwald.de\/blog\/wp-json\/wp\/v2\/users\/4"}],"replies":[{"embeddable":true,"href":"https:\/\/www.freiburg-schwarzwald.de\/blog\/wp-json\/wp\/v2\/comments?post=9706"}],"version-history":[{"count":0,"href":"https:\/\/www.freiburg-schwarzwald.de\/blog\/wp-json\/wp\/v2\/posts\/9706\/revisions"}],"wp:attachment":[{"href":"https:\/\/www.freiburg-schwarzwald.de\/blog\/wp-json\/wp\/v2\/media?parent=9706"}],"wp:term":[{"taxonomy":"category","embeddable":true,"href":"https:\/\/www.freiburg-schwarzwald.de\/blog\/wp-json\/wp\/v2\/categories?post=9706"},{"taxonomy":"post_tag","embeddable":true,"href":"https:\/\/www.freiburg-schwarzwald.de\/blog\/wp-json\/wp\/v2\/tags?post=9706"}],"curies":[{"name":"wp","href":"https:\/\/api.w.org\/{rel}","templated":true}]}}