{"id":97059,"date":"2021-12-30T19:34:26","date_gmt":"2021-12-30T18:34:26","guid":{"rendered":"https:\/\/www.freiburg-schwarzwald.de\/blog\/?p=97059"},"modified":"2021-12-30T19:36:34","modified_gmt":"2021-12-30T18:36:34","slug":"rosenkranzgebet-wird-untersagt","status":"publish","type":"post","link":"https:\/\/www.freiburg-schwarzwald.de\/blog\/rosenkranzgebet-wird-untersagt\/","title":{"rendered":"Rosenkranzgebet wird untersagt"},"content":{"rendered":"<p>Auf immer mehr <a href=\"https:\/\/www.freiburg-schwarzwald.de\/blog\/engagement\/buergerinitiativen\/spaziergaenge\/\">Spazierg\u00e4ngen<\/a> &#8211; so nennen sich die vielen kleinen, spontanen <a href=\"https:\/\/www.freiburg-schwarzwald.de\/blog\/engagement\/buergerinitiativen\/demonstrationsrecht\/\">Demos<\/a>, die sich \u00fcberall unter dem Motto &#8222;Wir sind f\u00fcr den Erhalt unserer <a href=\"https:\/\/www.freiburg-schwarzwald.de\/blog\/freiheit-freiheitsrechte-freiheit\/\">individuellen<\/a> <a href=\"https:\/\/www.freiburg-schwarzwald.de\/blog\/engagement\/zukunft\/demokratie\/freiheit\/freiheitsrechte\/\">Freiheit<\/a>&#8220; finden &#8211; halten die Teilnehmer inne, um den <a href=\"https:\/\/www.freiburg-schwarzwald.de\/blog\/religion\/katholisch\/\">Rosenkranz<\/a> zu beten. Aber auch hierbei erfahren B\u00fcrger oftmals Schwierigkeiten.<br \/>\n<!--more-->So hatte die M\u00fcnchner Polizei am gestrigen Mittwochabend ein Rosenkranzgebet in der M\u00fcnchner Innenstadt mit etwa 200 Teilnehmern abrupt gestoppt und aufgel\u00f6st. Wie Spazierg\u00e4nger laut dem Portal kath.net (siehe unten) berichten, mussten das friedliche <a href=\"https:\/\/www.freiburg-schwarzwald.de\/blog\/religionsfreiheit-menschenrecht\/\">Gebet<\/a> beendet und auch die Kerzen ausgel\u00f6scht werden. Im Internet kursieren so viele besch\u00e4mende Videos: Menschen werden mitten im Gebet weggeschubst. Die einen mit dem Gebetsbuch, die anderen in voller Kampfmontur. &#8222;Du betest ja nur zum Schein!&#8220; Polizist bl\u00e4st einer Frau ihre Kerze aus. &#8230;<br \/>\n.<br \/>\nAuch hier zeigen sich die weiterhin grassierenden <a href=\"https:\/\/www.freiburg-schwarzwald.de\/blog\/kultur\/kulturverlust\/zweierlei\/\">zweierlei Ma\u00dfst\u00e4be<\/a> bzw. <a href=\"https:\/\/www.freiburg-schwarzwald.de\/blog\/global\/deutschland\/moral2015\/doppelmoral\/\">Doppelmoral<\/a>: Wenn <a href=\"https:\/\/www.freiburg-schwarzwald.de\/blog\/religion\/christen\/\">Christen<\/a> beten, schreitet die Polizei mit aller H\u00e4rte ein. Wenn <a href=\"https:\/\/www.freiburg-schwarzwald.de\/blog\/global\/integration\/muslime\/\">Muslime<\/a> beten, dann\u00a0 schaut sie eher zu. Beispiel: im Mai 2020 (auch damals herrschte Corona) finden sich hunderte Muslime zum Ramadan-Ende zum Beten ein &#8211; und die Polizei schaut zu.<br \/>\n<a href=\"https:\/\/www.rnd.de\/panorama\/besondere-ramadan-aktion-wegen-corona-hunderte-muslime-beten-auf-ikea-parkplatz-GVSZCCYZ2W2BI7545OFQMZ2YSU.html\">https:\/\/www.rnd.de\/panorama\/besondere-ramadan-aktion-wegen-corona-hunderte-muslime-beten-auf-ikea-parkplatz-GVSZCCYZ2W2BI7545OFQMZ2YSU.html<\/a><br \/>\nEin Grund f\u00fcr dieses <a href=\"https:\/\/www.freiburg-schwarzwald.de\/blog\/kultur\/medien\/diskriminierung\/\">diskriminierende<\/a> Verhalten mag darin liegen, da\u00df die Polizei beim Versuch, Muslime beim Beten zu hindern, bef\u00fcrchten mu\u00df, auf massive Gegenwehr zu sto\u00dfen. Also: Wenn schon <a href=\"https:\/\/www.freiburg-schwarzwald.de\/blog\/global\/deutschland\/moral2015\/\">Moral<\/a> und <a href=\"https:\/\/www.freiburg-schwarzwald.de\/blog\/global\/deutschland\/moral2015\/moralismus\/\">Moralisieren<\/a>, dann f\u00fcr alle gleich.<br \/>\n30.12.2021<br \/>\n.<\/p>\n<p><strong>M\u00fcnchner Polizei beendet \u00f6ffentliches Rosenkranzgebet in der M\u00fcnchner Innenstadt<\/strong><br \/>\nEtwa 200 Teilnehmer mussten das \u00f6ffentliche Gebet beenden und auch ihre Kerzen ausblasen.<br \/>\n&#8230; Alles vom 30.12.2021 bitte lesen auf <a href=\"https:\/\/kath.net\/news\/77196\">https:\/\/kath.net\/news\/77196<\/a><\/p>\n<p>Einige Kommentare:<br \/>\nDas \u00f6ffentliche Gebet ist kein politischer Protest<br \/>\nund auch keine Tarnung daf\u00fcr! Es ist sogar eher so etwas wie ein &#8222;Gegengewicht&#8220; (denn ich halte auch friedliche Proteste und Demonstrationen f\u00fcr wichtig). Das \u00f6ffentliche Rosenkranzgebet ist ein sichtbares Bekenntnis, dass wir in dieser schwierigen Situation auf unseren Herrn und Erl\u00f6ser und Seine Mutter, und nicht auf unsere menschlichen Kr\u00e4fte vertrauen.<br \/>\nWie beten wir? &#8222;Dein Wille geschehe&#8220;. Ich lasse mir das \u00f6ffentliche Gebet nicht madig machen, nur weil irgendwer es falsch verstehen k\u00f6nnte. Die Kirche hat sich lange genug versteckt und in ihre eigenen vier W\u00e4nde zur\u00fcck gezogen, au\u00dfer wenn es um politisch (!) genehme Themen wie Migration, Gender, Klima oder den Aufruf zur Impfung geht. Wir m\u00fcssen und d\u00fcrfen nach au\u00dfen hin bekennen, dass wir eine Hoffnung haben, die \u00fcber das Politische und Menschliche hinaus geht. Von Priestern und Bisch\u00f6fen erwarte ich mir, dass sie uns Laien dabei unterst\u00fctzen und ermutigen anstatt uns zu tadeln!<br \/>\n30.12.2021, Fat<\/p>\n<p><strong>Es ist besch\u00e4mend<\/strong><br \/>\nIn Deutschland, und gerade im Kruzifixbayern, wird das Beten mit gewaltpolitischen Demonstrationen gleichgesetzt. Schande \u00fcber diesen gottlosen Staat und seine Organe. Das hat man von der S\u00e4kularisation. Der Staat vergi\u00dft seine Wurzeln und erstickt im Gleichheitswahn. bitte friedlich weiterbeten.<br \/>\n30.2.2021, Pet<\/p>\n<p><strong>Als Priester habe ich sehr wenig Verst\u00e4ndnis &#8230;<\/strong><br \/>\nJesus sagt: Geh zum Gebet in deine Kammer\u2026 Ja, gemeinsames Beten ist gut. Jedoch wenn es von politischen Protesten nur schwer zu unterscheiden ist, und nicht genehmigte Ansammlungen in einer Stadt zumal w\u00e4hrend einer Pandemie verboten sind, sollten durch Gebet getarnte Proteste ins stille K\u00e4mmerlein (oder Kirchen) verlegt werden; Schlie\u00dflich sieht der himmlische Vater das im Herzen Verborgene (Gute) und dass reicht aus\u2026<br \/>\nAls Priester habe ich sehr wenig Verst\u00e4ndnis, wenn Gebet oder die Religion instrumentalisiert wird f\u00fcr politische (Proteste oder Zwecke); das kritisiere ich schlie\u00dflich auch an bestimmten Einlassungen beim sog. Synodalen Weg und bei Kirchentagen\u2026<br \/>\n30.12.2021, silas<\/p>\n<p><strong>@silas: Dass Sie als Priester &#8222;sehr wenig Verst\u00e4ndnis&#8220; aufbringen,<\/strong><br \/>\n&#8222;wenn Gebet oder die Religion instrumentalisiert wird f\u00fcr politische (Proteste oder Zwecke)&#8220; kann ich akzeptieren. Darf ich Sie aber auch fragen, wie Sie dann zur Impfaktion an Heiligabend im Stephansdom stehen? Auch das ist eine Instrumentalisierung &#8211; von politischer Seite. <a href=\"https:\/\/www.kath.net\/news\/77178\">https:\/\/www.kath.net\/news\/77178<\/a><br \/>\nIch war neulich zum zweiten mal beim Rosenkranzgebet dabei. Wir versammelten uns auf einem Platz unter einem Wegkreuz und kein Verkehrsteilnehmer wurde dadurch gest\u00f6rt. Ich sah das Beten des Rosenkranzes als ein Zeichen nach au\u00dfen, genauso wie es z.B. auch die Prozessionen sind. Dass der Grund des gemeinsamen Betens auch als eine Art des Protestes aufgefasst werden kann, was ist daran so befremdlich? Noch etwas frage ich mich: Wie mag sich ein Polizist f\u00fchlen, der -privat vielleicht gl\u00e4ubig- eine Gebetsgruppe aufl\u00f6sen muss, weil es &#8222;von oben&#8220; angeordnet wurde?<br \/>\n30.12.2021, Her<\/p>\n<p><strong>@silas: ich kann Ihr Argument gut nachvollziehen,<\/strong><br \/>\nallerdings frage ich mich, ob es den Rosenkranzbetern nicht eher um etwas geht, das ich als vorpolitisch bezeichnen w\u00fcrde, das Unver\u00e4usserliche am Menschsein, das von Gott her Gedachte. Das steht \u00fcber jeder Politik, steht damit aber auch \u00fcber jeder staatlichen Ordnung, die davon jedoch profitiert (im Sinne des B\u00f6ckenf\u00f6rde-Diktums).<br \/>\nDass es so etwas \u00fcberhaupt gibt, rufen die \u00f6ffentlichen Rosenkranzgebete doch gerade f\u00fcr die vom Autoritarismus gef\u00e4hrdete s\u00e4kulare Welt in Erinnerung &#8211; und daher finde ich diese \u00f6ffentlichen Gebete gut.<br \/>\n30.12.2021, Xav<\/p>\n<p><strong>Deutschland betet Rosenkranz<\/strong><br \/>\nBei uns in der Stadt waren wir ca. 70 Beter. Die Polizei stand daneben und hat zugeschaut. Unsere Gebetsgruppe ist nicht angemeldet und das muss man auch nicht, denn von der Idee her von &#8222;Deutschland betet Rosenkranz&#8220; beten wir &#8222;f\u00fcr Deutschland&#8220; ohne Nennung eines Themas und ohne Bezug zur Politik oder Impfung. Bei einem rein religi\u00f6sen Treffen, bei dem man auch keine Stra\u00dfen blockiert oder Gehwege behindert, braucht man keine Anmeldung. Irgendetwas lief da in M\u00fcnchen schief.<br \/>\n<a href=\"https:\/\/www.deutschland-betet-rosenkranz.de\">https:\/\/www.deutschland-betet-rosenkranz.de<\/a><br \/>\n30.12.2021, Sag<\/p>\n<p><strong>Politisch korrekt \u00f6ffentlich beten ist erlaubt &#8230;<\/strong><br \/>\nLeider wurde hier der Rosenkranz in einer falschen Intention gebetet. Auch in M\u00fcnchen w\u00e4re dies \u00f6ffentliche Gebet nicht unterbunden worden, h\u00e4tte man f\u00fcr die unbegrenzte Aufnahme von Fl\u00fcchtlingen aus Afghanistan, f\u00fcr mehr Rechte f\u00fcr Homosexuelle und gegen CO2 gebetet.<br \/>\nPolitisch korrekt darf eben in ganz Deutschland \u00f6ffentlich der Rosenkranz gebetet werden!<br \/>\n30.12.2021, Uwe Lay Pro Theol Blogspot, <a href=\"https:\/\/pro-theol.blogspot.com\/\">https:\/\/pro-theol.blogspot.com\/<\/a><br \/>\nEnde Kommentare<\/p>\n","protected":false},"excerpt":{"rendered":"<p>Auf immer mehr Spazierg\u00e4ngen &#8211; so nennen sich die vielen kleinen, spontanen Demos, die sich \u00fcberall unter dem Motto &#8222;Wir sind f\u00fcr den Erhalt unserer individuellen Freiheit&#8220; finden &#8211; halten die Teilnehmer inne, um den Rosenkranz zu beten. Aber auch &hellip; <a href=\"https:\/\/www.freiburg-schwarzwald.de\/blog\/rosenkranzgebet-wird-untersagt\/\">Weiterlesen <span class=\"meta-nav\">&rarr;<\/span><\/a><\/p>\n","protected":false},"author":2,"featured_media":0,"comment_status":"open","ping_status":"closed","sticky":false,"template":"","format":"standard","meta":{"footnotes":""},"categories":[355,36,261,13,157,19,172],"tags":[779,325,749,682,431,765,405],"class_list":["post-97059","post","type-post","status-publish","format-standard","hentry","category-buergerinitiativen","category-engagement","category-katholisch","category-kultur","category-oeffentlicher-raum","category-religion","category-zukunft","tag-moral","tag-demo","tag-diskussionskultur","tag-freiheit","tag-gerecht","tag-kath","tag-polizei"],"_links":{"self":[{"href":"https:\/\/www.freiburg-schwarzwald.de\/blog\/wp-json\/wp\/v2\/posts\/97059","targetHints":{"allow":["GET"]}}],"collection":[{"href":"https:\/\/www.freiburg-schwarzwald.de\/blog\/wp-json\/wp\/v2\/posts"}],"about":[{"href":"https:\/\/www.freiburg-schwarzwald.de\/blog\/wp-json\/wp\/v2\/types\/post"}],"author":[{"embeddable":true,"href":"https:\/\/www.freiburg-schwarzwald.de\/blog\/wp-json\/wp\/v2\/users\/2"}],"replies":[{"embeddable":true,"href":"https:\/\/www.freiburg-schwarzwald.de\/blog\/wp-json\/wp\/v2\/comments?post=97059"}],"version-history":[{"count":3,"href":"https:\/\/www.freiburg-schwarzwald.de\/blog\/wp-json\/wp\/v2\/posts\/97059\/revisions"}],"predecessor-version":[{"id":97062,"href":"https:\/\/www.freiburg-schwarzwald.de\/blog\/wp-json\/wp\/v2\/posts\/97059\/revisions\/97062"}],"wp:attachment":[{"href":"https:\/\/www.freiburg-schwarzwald.de\/blog\/wp-json\/wp\/v2\/media?parent=97059"}],"wp:term":[{"taxonomy":"category","embeddable":true,"href":"https:\/\/www.freiburg-schwarzwald.de\/blog\/wp-json\/wp\/v2\/categories?post=97059"},{"taxonomy":"post_tag","embeddable":true,"href":"https:\/\/www.freiburg-schwarzwald.de\/blog\/wp-json\/wp\/v2\/tags?post=97059"}],"curies":[{"name":"wp","href":"https:\/\/api.w.org\/{rel}","templated":true}]}}