{"id":96993,"date":"2021-12-28T14:55:30","date_gmt":"2021-12-28T13:55:30","guid":{"rendered":"https:\/\/www.freiburg-schwarzwald.de\/blog\/?p=96993"},"modified":"2021-12-29T18:00:53","modified_gmt":"2021-12-29T17:00:53","slug":"omikron-als-rettung","status":"publish","type":"post","link":"https:\/\/www.freiburg-schwarzwald.de\/blog\/omikron-als-rettung\/","title":{"rendered":"Omikron als Rettung?"},"content":{"rendered":"<p>In S\u00fcdafrika steigen die <a href=\"https:\/\/www.freiburg-schwarzwald.de\/blog\/business\/gesund\/corona-virus\/omikron\/\">Omikron-Inzidenzen<\/a> stark, w\u00e4hrend die Hospitalisierungen deutlich abnehmen. F\u00fcr die dortige Regierung ein Grund zur Entwarnung: Sie hebt die Kontaktnahverfolgung auf, f\u00e4hrt die Quarant\u00e4neregeln weitgehend zur\u00fcck und lockert die Corona-Ma\u00dfnahmen.<!--more--><br \/>\nGrund ist die empirisch belegte Harmlosigkeit von Omikron gegen\u00fcber der <a href=\"https:\/\/www.freiburg-schwarzwald.de\/blog\/business\/gesund\/corona-virus\/\">Delta-Variante<\/a> (zwar ansteckender, aber leichter im Verlauf).<\/p>\n<p>Dazu die \u00c4rztin <a href=\"https:\/\/www.freiburg-schwarzwald.de\/blog\/business\/gesund\/corona-virus\/omikron\/\">Dr. Angelique Coetzee<\/a>, die den ersten Omikron-Fall in S\u00fcdafrika entdeckt hatte: \u201cNiemand hier in S\u00fcdafrika ist mit der Omikron-Variante ins Krankenhaus eingeliefert worden, und es wird auch angenommen, dass hier niemand ernsthaft daran erkrankt ist.&#8220; Viele s\u00fcdafrikanische \u00c4rzte bezeichnen Omikron derweil als &#8222;nat\u00fcrlichen, kostenlosen Impfstoff&#8220;.<br \/>\nDr. Gunter Frank (mehr <a href=\"https:\/\/www.freiburg-schwarzwald.de\/blog\/business\/gesund\/corona-virus\/omikron\/\">hier<\/a>) sieht eine Chance f\u00fcr die deutsche Politik, &#8222;die Corona-Epidemie als endemisch und damit f\u00fcr beendet zu erkl\u00e4ren. Die Aller-allermeisten k\u00f6nnen sich ungef\u00e4hrlich anstecken, auch die bisherigen 5 Prozent schwereren Verl\u00e4ufe.&#8220;<br \/>\n.<br \/>\nOmikron als Rettung &#8211; wovor?<br \/>\nRettung vor dem nicht enden wollenden Kreislauf &#8222;N\u00e4chste Corona-Variante &gt; n\u00e4chste Welle &gt; n\u00e4chste Impfung&#8220;, wobei die Impfung der Welle jeweils hinterherhinkt.<br \/>\nRettung vor der Gefahr, da\u00df die Verantwortlichen aus der lockdown-\/impfung-basierten Coronapolitik nicht ohne Gesichtsverlust aussteigen k\u00f6nnen.<br \/>\nRettung vor der fortschreitenden Spaltung der Gesellschaft.<br \/>\n27.12.2021<br \/>\n.<\/p>\n<p><strong>Omikron-Welle: S\u00fcdafrika lockert Ma\u00dfnahmen<\/strong><br \/>\nDie Kontakt-Nachverfolgung bei Infektionsf\u00e4llen wird ausgesetzt, da die Zahl der Krankenhauseinweisungen bei Omikron niedriger sind. Die Infektion breitet sich immer noch rasend schnell aus &#8211; derzeit vermehrt an der K\u00fcste. &#8230;<br \/>\nDas Nationale Institut f\u00fcr \u00fcbertragbare Krankheiten (NICD) pr\u00e4sentierte erst am Mittwoch eine Studie, die auf einen eher milden Krankheitsverlauf der Coronavirus-Variante Omikron im Vergleich zur Delta-Variante hinweist. Die Wahrscheinlichkeit einer Einlieferung ins Krankenhaus wurde aufgrund bisheriger Daten als bis zu 80 Prozent niedriger als bei der Delta-Variante angegeben.<br \/>\n&#8230; Alles vo 24.12.2021 bitte lesen auf<br \/>\n<a href=\"https:\/\/www.diepresse.com\/6078407\/omikron-welle-suedafrika-lockert-massnahmen\">https:\/\/www.diepresse.com\/6078407\/omikron-welle-suedafrika-lockert-massnahmen<\/a><br \/>\n.<\/p>\n<p><strong>Epidemiologe Klaus St\u00f6hr: \u201eEs geht eigentlich alles in die richtige Richtung\u201c<\/strong><br \/>\n<strong>Omikron k\u00f6nnte die Pandemie beenden<\/strong><br \/>\n\u201eOmikron ist die Variante, die h\u00f6chstwahrscheinlich in die Endemie hin\u00fcberf\u00fchrt. Danach kommt eine neue (Variante), das kann ich ihnen garantieren. Die wird sich genauso wie Omikron, Delta, Alpha und Beta vorher langsam an den Menschen anpassen. Das sehen wir jetzt schon: Die \u00dcbertragungsrate nimmt zu, die Inkubationszeit wird langsam k\u00fcrzer und \u00e4hnelt jetzt schon den zirkulierenden, endemischen Corona-Viren\u201c, erkl\u00e4rt St\u00f6hr.<br \/>\n&#8230; Alles vom 27.12.2021 bitte lesen auf<br \/>\n<a href=\"https:\/\/www.bild.de\/ratgeber\/gesundheit\/gesundheit\/epidemiologe-stoehr-ueber-omikron-es-geht-eigentlich-alles-in-die-richtige-richt-78653048.bild.html\">https:\/\/www.bild.de\/ratgeber\/gesundheit\/gesundheit\/epidemiologe-stoehr-ueber-omikron-es-geht-eigentlich-alles-in-die-richtige-richt-78653048.bild.html<\/a><\/p>\n","protected":false},"excerpt":{"rendered":"<p>In S\u00fcdafrika steigen die Omikron-Inzidenzen stark, w\u00e4hrend die Hospitalisierungen deutlich abnehmen. F\u00fcr die dortige Regierung ein Grund zur Entwarnung: Sie hebt die Kontaktnahverfolgung auf, f\u00e4hrt die Quarant\u00e4neregeln weitgehend zur\u00fcck und lockert die Corona-Ma\u00dfnahmen.<\/p>\n","protected":false},"author":2,"featured_media":0,"comment_status":"open","ping_status":"closed","sticky":false,"template":"","format":"standard","meta":{"footnotes":""},"categories":[433,158,14],"tags":[700,644,525,746],"class_list":["post-96993","post","type-post","status-publish","format-standard","hentry","category-arzt","category-gesund","category-global","tag-corona","tag-krankheit","tag-politik","tag-welt"],"_links":{"self":[{"href":"https:\/\/www.freiburg-schwarzwald.de\/blog\/wp-json\/wp\/v2\/posts\/96993","targetHints":{"allow":["GET"]}}],"collection":[{"href":"https:\/\/www.freiburg-schwarzwald.de\/blog\/wp-json\/wp\/v2\/posts"}],"about":[{"href":"https:\/\/www.freiburg-schwarzwald.de\/blog\/wp-json\/wp\/v2\/types\/post"}],"author":[{"embeddable":true,"href":"https:\/\/www.freiburg-schwarzwald.de\/blog\/wp-json\/wp\/v2\/users\/2"}],"replies":[{"embeddable":true,"href":"https:\/\/www.freiburg-schwarzwald.de\/blog\/wp-json\/wp\/v2\/comments?post=96993"}],"version-history":[{"count":3,"href":"https:\/\/www.freiburg-schwarzwald.de\/blog\/wp-json\/wp\/v2\/posts\/96993\/revisions"}],"predecessor-version":[{"id":97028,"href":"https:\/\/www.freiburg-schwarzwald.de\/blog\/wp-json\/wp\/v2\/posts\/96993\/revisions\/97028"}],"wp:attachment":[{"href":"https:\/\/www.freiburg-schwarzwald.de\/blog\/wp-json\/wp\/v2\/media?parent=96993"}],"wp:term":[{"taxonomy":"category","embeddable":true,"href":"https:\/\/www.freiburg-schwarzwald.de\/blog\/wp-json\/wp\/v2\/categories?post=96993"},{"taxonomy":"post_tag","embeddable":true,"href":"https:\/\/www.freiburg-schwarzwald.de\/blog\/wp-json\/wp\/v2\/tags?post=96993"}],"curies":[{"name":"wp","href":"https:\/\/api.w.org\/{rel}","templated":true}]}}