{"id":9697,"date":"2012-08-22T15:08:56","date_gmt":"2012-08-22T13:08:56","guid":{"rendered":"https:\/\/www.freiburg-schwarzwald.de\/blog\/?p=9697"},"modified":"2012-08-22T15:13:30","modified_gmt":"2012-08-22T13:13:30","slug":"mais-als-energiepflanze-chemie-oder-fruchtfolge","status":"publish","type":"post","link":"https:\/\/www.freiburg-schwarzwald.de\/blog\/mais-als-energiepflanze-chemie-oder-fruchtfolge\/","title":{"rendered":"Mais als Energiepflanze &#8211; Chemie oder Fruchtfolge"},"content":{"rendered":"<p>Dem Maiswurzelbohrer kann man begegnen mit der Chemiekeule oder der\u00a0von der EU verordneten Fruchtfolge f\u00fcr <a title=\"Getreide\" href=\"https:\/\/www.freiburg-schwarzwald.de\/blog\/natur\/ernaehrung\/getreide\/\">Getreide<\/a> &#8222;Binnen drei Jahren nur zweimal <a title=\"Mais\" href=\"https:\/\/www.freiburg-schwarzwald.de\/blog\/natur\/ernaehrung\/getreide\/mais\/\">Mais<\/a> auf dem gleichen Acker&#8220;. Letztere haben\u00a0ca 100 Maisbauern auf \u00fcber 100 Hektar mi\u00dfachtet &#8211;\u00a0 \u00e4rgerlich f\u00fcr die Felder der bislang verschont gebliebenen Nachbarn und erfreulich f\u00fcr den K\u00e4fer (Kolben und Bl\u00e4tter oben fressen) und seine Larven (die Wurzeln unten knabbern). &#8222;Damit die Ehrlichen\u00a0 nicht die Dummen sind, wird Fehlverhalten konsequent geahndet&#8220;, so Landwirtschaftsminister Bonde: &#8222;Dies bedeutet je nach Schwere und Ausma\u00df des Versto\u00dfes empfindliche K\u00fcrzungen der Direktzahlungen an die Betriebe.&#8220;<\/p>\n","protected":false},"excerpt":{"rendered":"<p>Dem Maiswurzelbohrer kann man begegnen mit der Chemiekeule oder der\u00a0von der EU verordneten Fruchtfolge f\u00fcr Getreide &#8222;Binnen drei Jahren nur zweimal Mais auf dem gleichen Acker&#8220;. Letztere haben\u00a0ca 100 Maisbauern auf \u00fcber 100 Hektar mi\u00dfachtet &#8211;\u00a0 \u00e4rgerlich f\u00fcr die Felder &hellip; <a href=\"https:\/\/www.freiburg-schwarzwald.de\/blog\/mais-als-energiepflanze-chemie-oder-fruchtfolge\/\">Weiterlesen <span class=\"meta-nav\">&rarr;<\/span><\/a><\/p>\n","protected":false},"author":4,"featured_media":0,"comment_status":"closed","ping_status":"closed","sticky":false,"template":"","format":"standard","meta":{"footnotes":""},"categories":[131,201],"tags":[360,151,302],"class_list":["post-9697","post","type-post","status-publish","format-standard","hentry","category-biomasse","category-landwirt","tag-bio","tag-erneuerbare-energien","tag-mais"],"_links":{"self":[{"href":"https:\/\/www.freiburg-schwarzwald.de\/blog\/wp-json\/wp\/v2\/posts\/9697","targetHints":{"allow":["GET"]}}],"collection":[{"href":"https:\/\/www.freiburg-schwarzwald.de\/blog\/wp-json\/wp\/v2\/posts"}],"about":[{"href":"https:\/\/www.freiburg-schwarzwald.de\/blog\/wp-json\/wp\/v2\/types\/post"}],"author":[{"embeddable":true,"href":"https:\/\/www.freiburg-schwarzwald.de\/blog\/wp-json\/wp\/v2\/users\/4"}],"replies":[{"embeddable":true,"href":"https:\/\/www.freiburg-schwarzwald.de\/blog\/wp-json\/wp\/v2\/comments?post=9697"}],"version-history":[{"count":0,"href":"https:\/\/www.freiburg-schwarzwald.de\/blog\/wp-json\/wp\/v2\/posts\/9697\/revisions"}],"wp:attachment":[{"href":"https:\/\/www.freiburg-schwarzwald.de\/blog\/wp-json\/wp\/v2\/media?parent=9697"}],"wp:term":[{"taxonomy":"category","embeddable":true,"href":"https:\/\/www.freiburg-schwarzwald.de\/blog\/wp-json\/wp\/v2\/categories?post=9697"},{"taxonomy":"post_tag","embeddable":true,"href":"https:\/\/www.freiburg-schwarzwald.de\/blog\/wp-json\/wp\/v2\/tags?post=9697"}],"curies":[{"name":"wp","href":"https:\/\/api.w.org\/{rel}","templated":true}]}}