{"id":96456,"date":"2021-12-01T20:41:15","date_gmt":"2021-12-01T19:41:15","guid":{"rendered":"https:\/\/www.freiburg-schwarzwald.de\/blog\/?p=96456"},"modified":"2021-12-06T21:19:31","modified_gmt":"2021-12-06T20:19:31","slug":"eric-zemmour-je-suis-candidat","status":"publish","type":"post","link":"https:\/\/www.freiburg-schwarzwald.de\/blog\/eric-zemmour-je-suis-candidat\/","title":{"rendered":"Eric Zemmour: Je suis candidat"},"content":{"rendered":"<p>Das <a href=\"https:\/\/www.freiburg-schwarzwald.de\/blog\/global\/france\/\">franz\u00f6sische<\/a> Wahlrecht gibt auch parteiunabh\u00e4ngigen Kandidaten die Chance, Pr\u00e4sident zu werden. Wie bei der letzten Wahl Emmanuel Macron. Nun bewirbt sich f\u00fcr <a href=\"https:\/\/www.freiburg-schwarzwald.de\/blog\/global\/france\/frankreich2022\/\">2022<\/a> der parteilose Eric Zemmour. Derzeit erreichen Emmanuel Macron 24 Prozent, Marine Le Pen 20 Prozent und <a href=\"https:\/\/www.freiburg-schwarzwald.de\/blog\/global\/france\/frankreich2022\/\">Eric Zemmour 19 Prozent<\/a>.<br \/>\n<!--more--><br \/>\nDamit verspricht der Wahlkampf um die Pr\u00e4sidentschaft in Paris noch spannender zu werden. Leider informiert die <a href=\"https:\/\/www.freiburg-schwarzwald.de\/blog\/kultur\/medien\/mainstream\/\">deutsche Presse<\/a> trotz der deutsch-franz\u00f6sischen Freundschaft zu unserem Nachbarn jenseits des Rheins dar\u00fcber kaum. Und wenn, dann berichten die Medien nicht sonderlich fair und objektiv, sondern eher nach der Devise &#8222;Zemmour b\u00f6se, Le Pen und Macron nicht b\u00f6se&#8220;. Gleichwohl: Zemmour hat gerade unter der jungen <a href=\"https:\/\/www.freiburg-schwarzwald.de\/blog\/generation-z-anpassung\/\">Generation Z<\/a> viele Anh\u00e4nger. Zemmour spricht auch viele Franzosen an, die einen <a href=\"https:\/\/www.freiburg-schwarzwald.de\/blog\/religion\/islam\/islam-reformen\/\">modernen Islam<\/a> leben. Zemmour ist in den Gro\u00dfst\u00e4dten wie in der Provinz gleicherma\u00dfen stark vertreten. Mit &#8222;Vous etes \u00e9xili\u00e9s de l&#8217;int\u00e9rieur&#8220; bzw. &#8222;Sie haben sich ins innere Exil zur\u00fcckgezogen&#8220; erreicht Zemmour politisch <a href=\"https:\/\/www.freiburg-schwarzwald.de\/blog\/engagement\/zukunft\/demokratie\/rechts\/rechts-links\/\">rechts<\/a> wie <a href=\"https:\/\/www.freiburg-schwarzwald.de\/blog\/engagement\/zukunft\/demokratie\/linke\/\">links<\/a> orientierte Franzosen. Warum wird all dies verschwiegen bzw. kaum kritisch hinterfragt?<\/p>\n<p>In Frankreich betr\u00e4gt die Staatsquote 61,8 % des Bruttoinlandsproduktes BIP (EU im Mittel 53 %), d.h. die relative Anzahl der Staatsbediensteten viel gr\u00f6\u00dfer als in D mit 51 %. Wie in D sind Staatsdiener auch in F politisch eher links orientiert &#8211; der konjunkturell fast unabh\u00e4ngig sicheren Jobs wegen. Anders als in D schlie\u00dft dieses Links-Sein jedoch ein stolzes Nationalbewu\u00dftsein f\u00fcr &#8222;La grande nation&#8220; nicht aus &#8211; dies mag ein Grund daf\u00fcr sei, warum Eric Zemmour auch bei den im staatlichen Sektor arbeitenden <a href=\"https:\/\/www.freiburg-schwarzwald.de\/blog\/global\/deutschland\/gesellschaft\/anywheres\/\">Anywheres<\/a> viel Zuspruch erh\u00e4lt.<\/p>\n<p>W\u00e4hrend in Frankreich die B\u00fccher von Zemmour als Rechtsintellekturellem &#8222;Le suicide francais&#8220; und &#8222;La France n&#8217;a pas dit son dernier mot&#8220; als Bestseller breit rezensiert und diskutiert werden, verbreiten die deutschen Medien allenfalls Headlines wie &#8222;Hass ist seine Programm&#8220; oder &#8222;Der Rassist von nebenan&#8220;. All diesen Kommentaren ist gemeinsam, da\u00df sie dem deutschen Leser als Nachrichten pr\u00e4sentiert werden. Was Zemmour tats\u00e4chlich gesagt hat und was er politisch will, wird unterschlagen.<br \/>\nWenn der j\u00fcdische Mitb\u00fcrger Zemmour beklagt, da\u00df weit \u00fcber 50.000 Juden in den letzten zehn Jahren Frankreich gen <a href=\"https:\/\/www.freiburg-schwarzwald.de\/blog\/global\/israel\/israel2020\/\">Israel<\/a> verlassen haben, weil sie der Bedrohung durch Muslime nicht mehr standhalten konnten, dann ist dies kein rassistisches Statement, sondern Realit\u00e4tsbeschreibung.<br \/>\n.<br \/>\nDie hiesigen Mainstream-Medien machen es sich zu einfach: Entweder sie erkl\u00e4ren Eric Zemmour kurzerhand zum Extremisten (Nazi geht nicht, da seine Eltern Juden sind) oder aber sie stellen seine in diesem riesigen Fl\u00e4chenstaat immer zahlreicher werdenden Anh\u00e4nger unisono als Radikal-Nationale oder aber als verblendete Dumme dar. Nur weil er auszusprechen wagt, was viele Franzosen denken: &#8222;Vous vous sentez \u00e9tranger dans votre propre pays.&#8220;<br \/>\nWarum nur lassen die Mainstreammedien die Deutschen nicht teilhaben am heftigen und engagierten Auf und Ab des franz\u00f6sischen Wahlkampfes? Warum geben sich die Journalisten gar keine M\u00fche, zu recherchieren, was es mit dem im Video von Zemmour angesprochenen Lebensgef\u00fchl der Franzosen auf sich hat? Stattdessen versehen sie den Kandidaten mit dem Rassismus-Etikett, um sich so Analyse wie <a href=\"https:\/\/www.freiburg-schwarzwald.de\/blog\/kultur\/medien\/diskussionskultur\/\">Diskussion<\/a> zu ersparen.<br \/>\n.<br \/>\nEs war erfreulich, wie ausf\u00fchrlich und ausgewogen die franz\u00f6sischen Medien \u00fcber den Wahlkampf zur Bundestagswahl am 26.9.2021 informiert haben.<br \/>\nEs ist traurig, wie sp\u00e4rlich, einseitig und oberlehrerhaft die deutschen Medien \u00fcber den bereits voll angelaufenen Wahlkampf in Frankreich berichten. R\u00fchren Desinteresse und Besserwisserei der deutschen Journaille etwa daher, da\u00df die Franzosen mehr denn je voll auf Kernenergie setzen? Oder was ist der Grund?<br \/>\n.<br \/>\nEin Tip: Einfach mal das zehnmin\u00fctige Antrittsvideo &#8222;Je suis candidat \u00e0 l\u2019\u00e9lection pr\u00e9sidentielle&#8220; von Eric Zemmour vom 30.11.2021 anh\u00f6ren (englische \u00dcbersetzung eingeblendet), in dem er seine Kandidatur begr\u00fcndet:<br \/>\n<a href=\"https:\/\/www.youtube.com\/watch?v=k8IGBDK1BH8\">https:\/\/www.youtube.com\/watch?v=k8IGBDK1BH8<\/a><br \/>\nYoutube hat ein Warn-Huibuh vorangestellt.<br \/>\nDem Video ist &#8211; vielsagend &#8211; das Allegretto-Trauermarsch von Beethovens Siebenter unterlegt.<br \/>\nDeutsche \u00dcbersetzung: <a href=\"https:\/\/jungefreiheit.de\/politik\/ausland\/2021\/warum-ich-kandidiere\/\">https:\/\/jungefreiheit.de\/politik\/ausland\/2021\/warum-ich-kandidiere\/<\/a><\/p>\n<p><strong>Rede vom Zemmour als Voice-over in deutscher \u00dcbersetzung:<\/strong><br \/>\n<strong><a href=\"https:\/\/www.youtube.com\/watch?v=Nkj2o1UwTTU\">https:\/\/www.youtube.com\/watch?v=Nkj2o1UwTTU<\/a><\/strong><\/p>\n<p><a href=\"https:\/\/www.zemmour2022.fr\">https:\/\/www.zemmour2022.fr<\/a><br \/>\nVive la France! Et vive l&#8217;Amiti\u00e9 Franco-Allemande!<br \/>\n1.12.2021<br \/>\n.<\/p>\n<p><strong>Zemmour will Frankreich den Franzosen zur\u00fcckgeben \u2013 und zwar allen<\/strong><br \/>\n<em>Mit einem geradezu literarischen Stil hat der ehemalige Journalist \u00c9ric Zemmour seine Kandidatur zu den Pr\u00e4sidentschaftswahlen angek\u00fcndigt. In seinem Programm stellt er die unerh\u00f6rte Forderung: Alle Franzosen sollen sich zu ihrem Land, seiner Kultur und Geschichte bekennen. Die deutsche Presse ist sich einig, dass solches zu verdammen ist.<\/em><br \/>\n&#8230;<br \/>\nNiemand habe sein Land verlassen, doch das Land habe ihn verlassen. Franzosen, die wie er denken, seien zu inneren Exilanten geworden. An dieser Stelle l\u00e4sst sich leider hinzuf\u00fcgen, dass im heutigen Frankreich \u2013 aber auch in Deutschland und anderen westlichen Staaten \u2013 schon eine Minderheit lebt, die wirklich und wahrhaftig zu Exilanten im eigenen Land geworden sind. Es sind die Kritiker des Islam wie die junge Franz\u00f6sin Mila oder der deutsch-\u00e4gyptische Politikwissenschaftler <a href=\"https:\/\/www.freiburg-schwarzwald.de\/blog\/religion\/islam\/abdel-samad\/\">Hamed Abdel-Samad<\/a>, die \u2013 nur einige unter mehreren \u2013 unter st\u00e4ndigem Polizeischutz leben m\u00fcssen, wie auch der j\u00fcngst verstorbene d\u00e4nische Zeichner Kurt Westergaard.<br \/>\nUnd so vergangenheitsselig sich all das anh\u00f6rt, so sehr richtet es sich doch auch an j\u00fcngere W\u00e4hler, wie das Engagement der Jugendlichen von der \u201eG\u00e9n\u00e9ration Z\u201c f\u00fcr den Kandidaten deutlich macht. Zemmour dr\u00fcckt das so aus: Die junge Generation habe Nostalgie nach einem Frankreich, das sie nie selbst kennenlernen durfte.<br \/>\n&#8230;<br \/>\nDer zweite Teil des Videos k\u00f6nnte den Titel \u201eDie Verachtung\u201c tragen. Er handelt von der Geringsch\u00e4tzung der M\u00e4chtigen und Regierenden f\u00fcr die Gef\u00fchle und Gedanken der normalen Franzosen. Eingeblendet werden bewegte Bilder von Ursula von der Leyen, von verschiedenen franz\u00f6sischen Journalisten, Akademikern und Gewerkschaftern.<br \/>\n&#8230;<br \/>\nder dritte Teil, in dem es um das konkrete Programm Zemmours und dessen Umsetzung geht. Und auch hier f\u00e4llt ein Reizwort: Die <a href=\"https:\/\/www.freiburg-schwarzwald.de\/blog\/religion\/islam\/unterwerfung\/\">Unterwerfung (soumission)<\/a> unter eine unfranz\u00f6sische Kultur soll beendet oder verhindert werden. Vielmehr m\u00fcssten sich die neu Ankommenden an die franz\u00f6sische Kultur assimilieren und sich dieselbe ganz zu eigen machen. Es sollen wieder Franzosen in Frankreich heranwachsen, keine Fremdk\u00f6rper auf einer Terra incognita, das fordert der unverstellte Nationalist Zemmour. Und nat\u00fcrlich seien die Franzosen ein gro\u00dfes Volk, das sich nicht beherrschen, erobern oder kolonisieren und nat\u00fcrlich auch nicht verdr\u00e4ngen, nicht ersetzen lasse. Diese Botschaft erhielten und erhalten die Franzosen von dem Sohn nordafrikanischer Juden, die einst aus Algerien nach Frankreich kamen.<br \/>\n&#8230;.<br \/>\nDer Pr\u00e4sident aller Franzosen, nicht der aller Glaubensgruppen:<br \/>\nAm Dienstagabend erkl\u00e4rte Zemmour in der Fernsehsendung \u201eLe 20 heures\u201c auf TF1 (ab Minute 15:00),<br \/>\n<a href=\"https:\/\/www.tf1.fr\/tf1\/jt-20h\/videos\/le-20-heures-du-30-novembre-2021-19791391.html\">https:\/\/www.tf1.fr\/tf1\/jt-20h\/videos\/le-20-heures-du-30-novembre-2021-19791391.html<\/a><br \/>\ndass er der Pr\u00e4sident aller Franzosen, also auch jener muslimischen Glaubens sein wolle: \u201eIm Unterschied zu vielen anderen unterscheide ich nicht zwischen dem Islam und dem Islamismus, denn das ist beides dieselbe Sache. Das ist eine falsche Unterscheidung. Daf\u00fcr unterscheide ich aber zwischen dem Islam und den Muslimen, und ich rufe alle Muslime dazu auf, sich zu assimilieren und die Praxis des Islam abzulegen, die darin besteht, anderen einen juridischen und politischen Kodex aufzuerlegen.\u201c<br \/>\nEr vergleicht das sodann mit dem leitenden Gedanken bei der Assimilation der Juden im Frankreich der letzten beiden Jahrhunderte. Danach sollten die Juden als Individuen alle Rechte haben, aber keine Sonderrechte als Angeh\u00f6rige einer Glaubensgemeinschaft erhalten. \u201eMan muss den Juden als Nation alles verweigern und ihnen als Individuen alles zugestehen\u201c, so fasste der Revolution\u00e4r Stanislas de Clermont-Tonnerre (1757\u20131792) seinen Gedanken zusammen.<br \/>\nDie Juden sollten nicht als Glaubensgemeinschaft, sondern als Individuen integriert werden. \u00c9ric Zemmour ist \u00fcberzeugt, dass sehr viele Muslime sich diesem Gedanken anschlie\u00dfen k\u00f6nnen, weil sie ihre Heimatl\u00e4nder genau wegen der repressiven Natur des Islam verlassen haben.<br \/>\n&#8230; Alles vom 1.12.2021 von Matthias Nikolaidis bitte lesen auf<br \/>\n<a href=\"https:\/\/www.tichyseinblick.de\/kolumnen\/aus-aller-welt\/frankreich-eric-zemmour-erklaert-kandidatur\/\">https:\/\/www.tichyseinblick.de\/kolumnen\/aus-aller-welt\/frankreich-eric-zemmour-erklaert-kandidatur\/<\/a><br \/>\n.<br \/>\nEinige Kommentare:<br \/>\n<strong>Alternative Video-URL<\/strong><br \/>\nDer hier angegebene Link zum Video erfordert eine Anmeldung bei YouTube. Anbei ein Link zu einer amerikanischen Website (wird von konservativen Anw\u00e4lten betrieben), auf der das sehr gut gemachte Video angesehen werden kann. https:\/\/www.powerlineblog.com\/archives\/2021\/11\/will-france-save-the-west.php<br \/>\nDazu gibt es eine \u00dcbersetzung des kompletten Textes ins Englische.<br \/>\n1.12.2021, F.H.<\/p>\n<p><strong>&#8230; national einender Patriotismus<br \/>\n<\/strong>Herr Zemmour spricht mir aus der Seele: Die Rettung Europas und seiner Kultur der Aufkl\u00e4rung, der Trennung von Staat und Religion, der Gleichheit vor dem Gesetz, der pers\u00f6nlichen Freiheit, der Demokratie und Gewaltenteilung kann nur \u00fcber einen national einenden Patriotismus erfolgen. Und dieser Patriotismus braucht und darf kein Nationalismus sein, der durch den vergleichenden Blick nach au\u00dfen darauf abzielt, sich als Nation \u00fcber andere Nationen zu stellen. Beim Patriotismus auf national-kultureller Ebene geht es vielmehr um den Blick nach innen \u2013 genau wie Zemmour sagt: um die eigene Geschichte und um die eigene nationale kulturelle Identit\u00e4t. Dies ist der Kitt \u2013 und zwar der einzige Kitt \u2013 um die durch Migration zerissenen Nationen Europas wieder intern zu einen und auf einen Erfolgskurs hinsichtlich Wohlstand, Freiheit, Sicherheit und Frieden zur\u00fcckzuf\u00fchren. Dieser Weg ist die einzige Chance, den Niedergang auf Dritte-Welt-Niveau zu verhindern.<br \/>\n1.12.2021, IJ<\/p>\n<p><strong>Zemmour als \u201eclowneske Gestalt\u201c<\/strong><br \/>\nIch glaube, die Gedanken, die Sie hier ausf\u00fchren, versteht die Journalistin von DIE WELT \u00fcberhaupt nicht. Sie beschreibt Zemmour als \u201eclowneske Gestalt\u201c. Da wundert man sich schon, welche Stereotypen mittlerweile bem\u00fcht werden, um Andersdenkende zu diskreditieren.<br \/>\n1.12.2021, C.B.<\/p>\n<p>Diese \u201eMarionetten-Theorie\u201c muss ich, als Franzose, zur\u00fcckweisen.<br \/>\nIch lese hier viele Kommentare von wegen Zemmour sei nur eine Marionette, von Macron ins Rennen geschickt um einen Sieg von Le Pen zu verhindern. Diese \u201eTheorie\u201c muss ich, als Franzose, zur\u00fcckweisen. Denn Macron\u2019s Plan war ein erneutes 2017, sprich eine Stichwahl zwischen ihm und Le Pen. Diese Stichwahl w\u00fcrde auch ziemlich sicher zugunsten von Macron ausgehen, da sich Le Pen in ihrer Kampagne 2017 teilweise bis auf die Knochen blamiert hat, beispielsweise beim TV-Duell gegen Macron, \u00e4hnlich peinlich wie Biden beim TV-Duell gegen Trump. Und auch seitdem hat sie sich nicht mit Ruhm bekleckert. Sei es ihre komplette Abwesenheit beim Thema Corona oder die innerparteilichen Querelen die sich nicht in den Griff bekommt. Hinzu kommt dass sie ihre Partei immer weiter in die Mitte verschoben hat und ehemalige Kernpunkte (bspw. Referendum \u00fcber EU- und Euroaustritt) aufgegeben hat. Vergessen darf man auch nicht dass an ihrem Namen noch der \u201eGeruch\u201c ihres Vaters anh\u00e4ngt, dem man unterstellt Nazi zu sein. Entsprechend werden die franz\u00f6sischen Medien und \u201eZivilgesellschaft\u201c (sprich Antifa, Islamverb\u00e4nde, usw.), wie schon 2017, massiv gegen Le Pen Stimmung machen. Ergo: Le Pens Image als inkompetente Frau, die ihre Partei inhaltlich entkernt und nicht im Griff hat und die erwartbare Kampagne die gegen sie gefahren wird, werden es nahezu unm\u00f6glich machen eine Stichwahl gegen Macron zu gewinnen.<br \/>\nBei Zemmour sieht die Lage ganz anders aus. Er ist, das attestieren ihm auch seine \u00e4rgsten Gegner, unheimlich belesen, vor allem kulturell und geschichtlich. Zudem bleibt er sich treu. Seit 30 Jahren sagt er dieselben Dinge, und seit 30 Jahren beh\u00e4lt er recht. Zudem wird man bei Zemmour schwieriger eine \u201eglaubw\u00fcrdige\u201c Nazi-Kampagne fahren k\u00f6nnen, da er selbst Sohn algerischer Einwanderer und Jude ist. Dass das Establishment dennoch eine solche Kampagne fahren wird ist jetzt schon absehbar, nur wird das nicht so glaubw\u00fcrdig sein wie bei Le Pen, zumal der Name Zemmour nicht vorbelastet ist.<br \/>\nInsofern rechne ich Zemmour in einer Stichwahl gegen Macron bessere Chancen zu zu gewinnen als mit Le Pen. Ein weiterer Punkt der diese Theorie dass Zemmour ein Dummy von Macron ist um Le Pen zu verhindern ist, dass Macron bei 20-25% steht, Zemmour und Le Pen bei 15-20% und der Rest, also Konservative, Sozialisten, Gr\u00fcne und Linksextreme bei 0-10%. Insofern ist eine Stichwahl Macron gegen das nationalistische Lage mMn sicher. Nur ist die Frage wer f\u00fcrs nationalistische Lager ins Rennen geht. Die inkompetente Le Pen oder Zemmour.<br \/>\n1.12.2021, L.B.<\/p>\n<p><strong>&#8230; Etikett \u201erassistisch\u201c draufgeklebt<\/strong><br \/>\nDas ist die einzige treffsichere Rezension von Zemmours Video, die ich bisher in den deutschen Medien finden konnte. Anderswo geben sich die Leute offensichtlich \u00fcberhaupt keine M\u00fche, zu ergr\u00fcnden, welches Lebensgef\u00fchl in dem Video zum Ausdruck gebracht werden soll. Man macht es sich ganz einfach: Es wird geschwind das Etikett \u201erassistisch\u201c draufgeklebt und schon hat man sich jede tiefergehende Analyse erspart. Es ist schade, dass in Deutschland eine derartige Verarmung der Diskussionskultur stattgefunden hat. Gl\u00fccklicherweise gibt es immerhin noch TE.<br \/>\n1.12.2021, c.b.<\/p>\n<p><strong>Die modernen globalistischen Nationen-Hasser<\/strong><br \/>\nwollen \u2013 so geben sie vor \u2013 Vielfalt. Vielfalt der kleinen atomistischen identit\u00e4ren Gr\u00fcppchen. Wobei sie nat\u00fcrlich einige Gr\u00fcppchen lieber m\u00f6gen als andere. Die Nationen in Europa sollen aber demgegen\u00fcber irgendwie in einer Art grossem europ\u00e4ischen Eintopf aufgehen. Ich liebe Europa, und ich mag Eintopf. Aber ich finde, die Italiener, die Franzosen, die Spanier\u2026 usw. sollten ihre K\u00fcchen und ihre speziellen Kulturen behalten. Sie sind zu wertvoll, um in einen Einheitsbrei geschmissen zu werden.<br \/>\nEinerseits sollen also die europ\u00e4ischen V\u00f6lker ihre Identit\u00e4ten verlieren \u2013 andererseits sollen wir kleine identit\u00e4re Gr\u00fcppchen religi\u00f6ser oder sexueller Art geradezu auf Alt\u00e4re stellen und verehren.<br \/>\nIch werfe den Modernisten nicht ihre Forderungen an sich vor. Aber ich werfe ihnen die monstr\u00f6se Dummheit vor, dass sie den Widerspruch in ihren Forderungen nicht erkennen wollen. .<br \/>\n1.12.2021, E.S.<br \/>\n<strong>Frankreich ist uns nur um ein Jahrzehnt voraus.<\/strong><br \/>\nSowohl in der Verwahrlosung der Vorst\u00e4dte, die sich erst unter Mitterand in ihrer jetzigen \u00fcblen Form bilden konnten, und vermutlich auch in dem Aufbegehren dagegen, dass das Land langsam vor die Hunde geht. In den deutschen Medien wird nicht objektiv \u00fcber Zemmour informiert, er wird schon in der \u00dcberschrift als \u201e\u00fcbler Hetzer\u201c abgekanzelt. Die meisten Deutschen wissen nicht, dass die bestialischen Hinrichtungen im Bataclan eine Z\u00e4sur waren f\u00fcr viele Franzosen, ebenso das Kopfabschneiden, das bewusst an Christen begangen wurde, das Massaker bei Charlie Hebdo\u2026 Der Figaro zeigte auf dem Titelblatt eine Marmor-Marianne, der das Blut \u00fcber den Kopf lief und fragte: \u201eWie konnten wir dahin kommen?\u201c Die Franzosen haben die Schnauze voll von diesen widerw\u00e4rtigen und barbarischen Taten, noch dazu im Hinblick auf die Tradition der Aufkl\u00e4rung. Zemmour hat das widerw\u00e4rtige und m\u00f6rderische Treiben in Frankreich schon lange satt. Er war stinksauer, dass in Dijon Tschetschenen den aggressiven muslimischen Gro\u00dffamilien mal ihre Grenzen aufzeigten \u2013 und die franz\u00f6sische Polizei machtlos war. Unfassbare Zust\u00e4nde.<br \/>\n1.12.2021, Ch.F.<\/p>\n<p><strong>Ich habe die Lekt\u00fcre der Mainstream-Medien eingestellt<\/strong><br \/>\n\u2013 weil es dort zum Beispiel undenkbar w\u00e4re, dass die Ansichten eines Herrn Zemmour einfach fair und sachlich wiedergegeben werden, ohne Diffamierung und moralische Verurteilung. Von daher bin ich froh, dass es Tichys Einblick und Ausblick gibt \u2013 auch wenn diese in Sachen Reichweite verglichen mit den etablierten Medien leider nicht mehr sind als ein Tropfen auf den hei\u00dfen Stein\u2026 Inhaltlich frage ich mich, was es f\u00fcr einen Sinn haben soll, das konservative Lager in Frankreich in zwei Parteien zu spalten. Dem Establishment k\u00f6nnte nichts besseres passieren! Das ist seine Rettung.<br \/>\n1.12.2021, Joa<br \/>\nEnde Kommentare<\/p>\n<p>.<\/p>\n<p>.<\/p>\n<p><strong>Rede vom Zemmour als Voice-over in deutscher \u00dcbersetzung:<\/strong><br \/>\n<a href=\"https:\/\/www.youtube.com\/watch?v=Nkj2o1UwTTU\">https:\/\/www.youtube.com\/watch?v=Nkj2o1UwTTU<\/a><\/p>\n<p>Rede von Zemmour in deutscher \u00dcbersetzung bitte lesen auf<br \/>\n<a href=\"https:\/\/www.tichyseinblick.de\/kolumnen\/aus-aller-welt\/praesidentschaftskandidat-zemmour-rede-wahlkampf\/\">https:\/\/www.tichyseinblick.de\/kolumnen\/aus-aller-welt\/praesidentschaftskandidat-zemmour-rede-wahlkampf\/<\/a><br \/>\n.<br \/>\nKommentare:<br \/>\n<strong>Wenn man die begeisterten Massen bei Auftritten von \u00c9ric Zemmour<\/strong><br \/>\nin Frankreich sieht, blickt man auch in die Zukunft Deutschlands. Und der beste Wahlhelfer f\u00fcr solche Politiker sind unsere Regierungsparteien. Auch die Grenzenlosigkeit hat Grenzen. Auch wenn es Baerbock, Habeck, Roth, Borjan &amp; Esken und wie die \u201eund-ich-freu-mich-drauf\u201c-Truppe noch so hei\u00dft nicht wahr haben wollen. Wer will den Franzosen das verdenken? Mittlerweile ger\u00e4t der gesamte Norden von Paris \u2013 und das schon ab dem Gare du Nord \u2013 selbst tags\u00fcber zu einer No-Go-Zone (selbst erlebt). Das reale Bild ersetzt hier jedes (gesch\u00f6nte) Fernsehbild. Die Realit\u00e4t ist leider nicht so bunt-fr\u00f6hlich wie versprochen, sondern eine Parallelgesellschaft unter wachsendem Dampf. Empirisch gesehen leider keine \u00dcberraschung.<br \/>\n6.12.2021, E.F.<\/p>\n<p><strong>Das Schicksal Frankreichs ist l\u00e4ngst besiegelt,<\/strong><br \/>\nin den Grundschulklassen \u00fcberwiegen die Moslemkinder, einst hochbedeutende St\u00e4dte in der Provinz abseits der Touristenstr\u00f6me sind verarmt und heruntergekommen. Zemmour mag es ehrlich meinen, aber es grenzt an Gr\u00f6\u00dfenwahnsinn, den Kurs auch nur aufzuhalten, den die Globalisten schon vor Jahrzehnten eingeschlagen haben \u2013 geschweige denn umzukehren. Wenn der Schwab-Z\u00f6gling Macron abtritt, wird ein weiterer willf\u00e4hriger Erf\u00fcllungsgehilfe installiert. Le Pen wird wie \u00fcblich scheitern, und das ist auch ihre Aufgabe. Wer wissen will, wo Deutschland in zehn Jahren steht, studiere das \u201eVorbild\u201c Frankreichs und verzweifle.<br \/>\n6.12.2021, LG.<\/p>\n<p>Und wenn man die Namen der K\u00fcnstler, der Wissenschaftler und die technischen Erfindungen austauscht, bzw. auswechselt und durch Deutsche ersetzt, dann trifft fast alles auf unser Deutschland auch zu. Nur, hier in dem freiesten aller Deutschl\u00e4nder wird solch eine Rede als Rechtsextrem oder Rechtsradikal gebrandmarkt.<br \/>\n6.12.2021, J.G.<br \/>\nEnde Kommentare<\/p>\n","protected":false},"excerpt":{"rendered":"<p>Das franz\u00f6sische Wahlrecht gibt auch parteiunabh\u00e4ngigen Kandidaten die Chance, Pr\u00e4sident zu werden. Wie bei der letzten Wahl Emmanuel Macron. Nun bewirbt sich f\u00fcr 2022 der parteilose Eric Zemmour. Derzeit erreichen Emmanuel Macron 24 Prozent, Marine Le Pen 20 Prozent und &hellip; <a href=\"https:\/\/www.freiburg-schwarzwald.de\/blog\/eric-zemmour-je-suis-candidat\/\">Weiterlesen <span class=\"meta-nav\">&rarr;<\/span><\/a><\/p>\n","protected":false},"author":2,"featured_media":0,"comment_status":"open","ping_status":"closed","sticky":false,"template":"","format":"standard","meta":{"footnotes":""},"categories":[18,191,195,80],"tags":[633,489,682,703],"class_list":["post-96456","post","type-post","status-publish","format-standard","hentry","category-bildung","category-elsass","category-eu","category-medien","tag-demokratie","tag-european-union","tag-freiheit","tag-volk"],"_links":{"self":[{"href":"https:\/\/www.freiburg-schwarzwald.de\/blog\/wp-json\/wp\/v2\/posts\/96456","targetHints":{"allow":["GET"]}}],"collection":[{"href":"https:\/\/www.freiburg-schwarzwald.de\/blog\/wp-json\/wp\/v2\/posts"}],"about":[{"href":"https:\/\/www.freiburg-schwarzwald.de\/blog\/wp-json\/wp\/v2\/types\/post"}],"author":[{"embeddable":true,"href":"https:\/\/www.freiburg-schwarzwald.de\/blog\/wp-json\/wp\/v2\/users\/2"}],"replies":[{"embeddable":true,"href":"https:\/\/www.freiburg-schwarzwald.de\/blog\/wp-json\/wp\/v2\/comments?post=96456"}],"version-history":[{"count":5,"href":"https:\/\/www.freiburg-schwarzwald.de\/blog\/wp-json\/wp\/v2\/posts\/96456\/revisions"}],"predecessor-version":[{"id":96626,"href":"https:\/\/www.freiburg-schwarzwald.de\/blog\/wp-json\/wp\/v2\/posts\/96456\/revisions\/96626"}],"wp:attachment":[{"href":"https:\/\/www.freiburg-schwarzwald.de\/blog\/wp-json\/wp\/v2\/media?parent=96456"}],"wp:term":[{"taxonomy":"category","embeddable":true,"href":"https:\/\/www.freiburg-schwarzwald.de\/blog\/wp-json\/wp\/v2\/categories?post=96456"},{"taxonomy":"post_tag","embeddable":true,"href":"https:\/\/www.freiburg-schwarzwald.de\/blog\/wp-json\/wp\/v2\/tags?post=96456"}],"curies":[{"name":"wp","href":"https:\/\/api.w.org\/{rel}","templated":true}]}}