{"id":94885,"date":"2021-09-18T09:28:10","date_gmt":"2021-09-18T07:28:10","guid":{"rendered":"https:\/\/www.freiburg-schwarzwald.de\/blog\/?p=94885"},"modified":"2024-10-08T21:45:19","modified_gmt":"2024-10-08T19:45:19","slug":"eine-trompete-in-der-kajo","status":"publish","type":"post","link":"https:\/\/www.freiburg-schwarzwald.de\/blog\/eine-trompete-in-der-kajo\/","title":{"rendered":"Eine Trompete in der KaJo"},"content":{"rendered":"<p>Am 16.9.2021 in der <a href=\"https:\/\/www.freiburg-schwarzwald.de\/blog\/regio\/freiburg\/kajo\/\">Kaiser-Joseph-Strasse<\/a> kurz nach 11 Uhr vormittags ert\u00f6nt &#8222;When I&#8217;m sixty four&#8220; von den Beatles aus dem Jahr 1967 &#8211; lange ist&#8217;s her. Auf dem Trottoir ringsum freudige Gesichter \u00fcber die Melodie wie auch die so sauber gespielte Trompete. Ich gehe \u00fcber die Stra\u00dfe zum Brunnen vor der Chocolaterie in der KaJo 265, <!--more-->wo der Musiker gerade im <a href=\"https:\/\/www.freiburg-schwarzwald.de\/blog\/kultur\/medien\/diskussionskultur\/\">Gespr\u00e4ch<\/a> ist mit einer Passantin &#8211; sie mit <a href=\"https:\/\/www.freiburg-schwarzwald.de\/blog\/business\/gesund\/corona-virus\/maske\/\">FFP2-Maske<\/a> und er mit nix oder der Trompete vor dem Mund. Ob sie unter freiem Himmel bei 2 m Abstand die Maske wohl aus <a href=\"https:\/\/www.freiburg-schwarzwald.de\/blog\/business\/gesund\/corona-virus\/corona-angst\/\">Angst<\/a>, Vergesslichkeit, Gewohnheit, <a href=\"https:\/\/www.freiburg-schwarzwald.de\/blog\/global\/deutschland\/gesellschaft\/untertan\/\">Gehorsam<\/a> oder <a href=\"https:\/\/www.freiburg-schwarzwald.de\/blog\/kultur\/medien\/political-correctness\/konformismus\/\">Konformit\u00e4t<\/a> tr\u00e4gt? Wie auch immer, die Trompete empfinde ich in diesem Moment als Sinnbild von <a href=\"https:\/\/www.freiburg-schwarzwald.de\/blog\/eine-andere-freiheit\/\">Befreiung<\/a> bzw. <a href=\"https:\/\/www.freiburg-schwarzwald.de\/blog\/engagement\/zukunft\/demokratie\/freiheit\/freiheitsrechte\/\">individueller Freiheit<\/a>. Musik macht frei! Musik ist Freiheit!<\/p>\n<p><a href=\"https:\/\/www.freiburg-schwarzwald.de\/blog\/wp-content\/uploads\/2021\/09\/trompete-kajo-kuenzer210916.jpg\"><img loading=\"lazy\" decoding=\"async\" class=\"alignnone size-thumbnail wp-image-94886\" src=\"https:\/\/www.freiburg-schwarzwald.de\/blog\/wp-content\/uploads\/2021\/09\/trompete-kajo-kuenzer210916-106x180.jpg\" alt=\"\" width=\"106\" height=\"180\" srcset=\"https:\/\/www.freiburg-schwarzwald.de\/blog\/wp-content\/uploads\/2021\/09\/trompete-kajo-kuenzer210916-106x180.jpg 106w, https:\/\/www.freiburg-schwarzwald.de\/blog\/wp-content\/uploads\/2021\/09\/trompete-kajo-kuenzer210916.jpg 366w\" sizes=\"auto, (max-width: 106px) 100vw, 106px\" \/><\/a><br \/>\nKaJo mit Blick zum Martinstor &#8211; J\u00f6rg Kuenzer am 16.9.2021<\/p>\n<p>Ich erfahre, da\u00df <a href=\"https:\/\/www.freiburg-schwarzwald.de\/blog\/kultur\/kunst\/\">J\u00f6rg Kuenzer<\/a> hier am Brunnen jeden Tag um 11.11 Uhr spielt, heute am 16.9. ist es seine &#8222;75. Mahnwache der noch lebenden Melodien&#8220;. Nein, es gehe ihm nicht um Werbung f\u00fcr oder gegen etwas, sondern nur um den Spa\u00df an der Freude. Und Musik bereitet Freude, beim Spielen wie beim Zuh\u00f6ren. Heutzutage besonders wichtig, da die <a href=\"https:\/\/www.freiburg-schwarzwald.de\/blog\/business\/gesund\/corona-virus\/lockdown-endlos\/\">lockdown<\/a>-orientierte <a href=\"https:\/\/www.freiburg-schwarzwald.de\/blog\/business\/gesund\/corona-virus\/corona-grundrechte\/\">Coronapolitik<\/a> seit M\u00e4rz 2020 der Musik arg zugesetzt hat &#8211; der Schulmusik genauso wie der Konzertmusik, der Vereinsmusik und der <a href=\"https:\/\/www.freiburg-schwarzwald.de\/blog\/kultur\/musik\/strassenmusik\/\">Strassenmusik<\/a>. Ein trauriger kultureller R\u00fcckschritt, der mit fortschreitender Zeit zum <a href=\"https:\/\/www.freiburg-schwarzwald.de\/blog\/kultur\/kulturverlust\/\">Kulturverfall<\/a> f\u00fchrt.<\/p>\n<div id=\"attachment_94882\" style=\"width: 647px\" class=\"wp-caption alignnone\"><a href=\"https:\/\/www.freiburg-schwarzwald.de\/blog\/wp-content\/uploads\/2021\/09\/kajo265freiburg-chocolaterie210916pan.jpg\"><img loading=\"lazy\" decoding=\"async\" aria-describedby=\"caption-attachment-94882\" class=\"size-full wp-image-94882\" src=\"https:\/\/www.freiburg-schwarzwald.de\/blog\/wp-content\/uploads\/2021\/09\/kajo265freiburg-chocolaterie210916pan.jpg\" alt=\"\" width=\"637\" height=\"321\" srcset=\"https:\/\/www.freiburg-schwarzwald.de\/blog\/wp-content\/uploads\/2021\/09\/kajo265freiburg-chocolaterie210916pan.jpg 637w, https:\/\/www.freiburg-schwarzwald.de\/blog\/wp-content\/uploads\/2021\/09\/kajo265freiburg-chocolaterie210916pan-180x91.jpg 180w\" sizes=\"auto, (max-width: 637px) 100vw, 637px\" \/><\/a><p id=\"caption-attachment-94882\" class=\"wp-caption-text\">Brunnen an der KaJo 265 Chocolaterie: J\u00f6rg Kuenzer spielt Trompete um 11.11\u00a0 Uhr<\/p><\/div>\n<p>Man kann nur hoffen, da\u00df sich viele &#8222;Kuenzer&#8217;s&#8220; finden, die sich trauen, auf der Strasse in der Freiburger Innenstadt zu musizieren. Und so die <a href=\"https:\/\/www.freiburg-schwarzwald.de\/blog\/business\/gesund\/corona-virus\/corona-angst\/\">Angstmache um Corona<\/a> verscheuchen. Denn zwischen einem <a href=\"https:\/\/www.freiburg-schwarzwald.de\/blog\/business\/gesund\/corona-virus\/impfung\/\">ungeimpften<\/a> und geimpften Trompeter darf es\u00a0 keinen Unterschied geben, genauso wie zwischen einem ungeimpften und einem geimpften B\u00fcrger oder zwischen einer ungeimpften Trompete und einem geimpften Trompeter.<br \/>\nBis zum n\u00e4chsten mal um 11.11 Uhr in der Freiburger KaJo, ich freue mich. Vielleicht bl\u00e4st J\u00f6rg Kuenzer auf seiner Trompete dann ja Van Morrison&#8217;s &#8222;No more Lockdown&#8220;<br \/>\n<a href=\"https:\/\/youtu.be\/uUeuhM-NSjU\">https:\/\/youtu.be\/uUeuhM-NSjU<\/a>.<br \/>\nOder <a href=\"https:\/\/www.freiburg-schwarzwald.de\/blog\/kultur\/kunst\/kuenstler-proteste\/\">Eric Claptons<\/a> neuesten Song &#8222;This has gotta stop\u201d,<br \/>\n<a href=\"https:\/\/www.youtube.com\/watch?v=dNt4NIQ7FTA\">https:\/\/www.youtube.com\/watch?v=dNt4NIQ7FTA<\/a><br \/>\nin dem er mit \u201ePandemie muss enden\u201d ausdr\u00fcckt, da\u00df die <a href=\"https:\/\/www.freiburg-schwarzwald.de\/blog\/business\/gesund\/corona-virus\/epidemie\/\">Pandemie<\/a> dann endet, wenn wir alle sie <a href=\"https:\/\/www.freiburg-schwarzwald.de\/blog\/business\/gesund\/corona-virus\/corona-versoehnung\/\">vers\u00f6hnlich<\/a> beenden &#8211; ob mit oder ohne Trompete.<br \/>\n.<br \/>\n.<br \/>\n2.10.2024<br \/>\n<a href=\"https:\/\/www.freiburger-wochenbericht.de\/joerg-kuenzer-spielte-schon-in-new-york-und-madison-trompete\/\">https:\/\/www.freiburger-wochenbericht.de\/joerg-kuenzer-spielte-schon-in-new-york-und-madison-trompete\/<\/a><\/p>\n","protected":false},"excerpt":{"rendered":"<p>Am 16.9.2021 in der Kaiser-Joseph-Strasse kurz nach 11 Uhr vormittags ert\u00f6nt &#8222;When I&#8217;m sixty four&#8220; von den Beatles aus dem Jahr 1967 &#8211; lange ist&#8217;s her. Auf dem Trottoir ringsum freudige Gesichter \u00fcber die Melodie wie auch die so sauber &hellip; <a href=\"https:\/\/www.freiburg-schwarzwald.de\/blog\/eine-trompete-in-der-kajo\/\">Weiterlesen <span class=\"meta-nav\">&rarr;<\/span><\/a><\/p>\n","protected":false},"author":2,"featured_media":0,"comment_status":"open","ping_status":"closed","sticky":false,"template":"","format":"standard","meta":{"footnotes":""},"categories":[18,36,49,400,13,119,120,157,9],"tags":[709,700,749,682,301,518,576,532],"class_list":["post-94885","post","type-post","status-publish","format-standard","hentry","category-bildung","category-engagement","category-freiburg","category-freiwillig","category-kultur","category-kunst","category-musik","category-oeffentlicher-raum","category-soziales","tag-angst","tag-corona","tag-diskussionskultur","tag-freiheit","tag-culture","tag-music","tag-offentlich","tag-city"],"_links":{"self":[{"href":"https:\/\/www.freiburg-schwarzwald.de\/blog\/wp-json\/wp\/v2\/posts\/94885","targetHints":{"allow":["GET"]}}],"collection":[{"href":"https:\/\/www.freiburg-schwarzwald.de\/blog\/wp-json\/wp\/v2\/posts"}],"about":[{"href":"https:\/\/www.freiburg-schwarzwald.de\/blog\/wp-json\/wp\/v2\/types\/post"}],"author":[{"embeddable":true,"href":"https:\/\/www.freiburg-schwarzwald.de\/blog\/wp-json\/wp\/v2\/users\/2"}],"replies":[{"embeddable":true,"href":"https:\/\/www.freiburg-schwarzwald.de\/blog\/wp-json\/wp\/v2\/comments?post=94885"}],"version-history":[{"count":5,"href":"https:\/\/www.freiburg-schwarzwald.de\/blog\/wp-json\/wp\/v2\/posts\/94885\/revisions"}],"predecessor-version":[{"id":127355,"href":"https:\/\/www.freiburg-schwarzwald.de\/blog\/wp-json\/wp\/v2\/posts\/94885\/revisions\/127355"}],"wp:attachment":[{"href":"https:\/\/www.freiburg-schwarzwald.de\/blog\/wp-json\/wp\/v2\/media?parent=94885"}],"wp:term":[{"taxonomy":"category","embeddable":true,"href":"https:\/\/www.freiburg-schwarzwald.de\/blog\/wp-json\/wp\/v2\/categories?post=94885"},{"taxonomy":"post_tag","embeddable":true,"href":"https:\/\/www.freiburg-schwarzwald.de\/blog\/wp-json\/wp\/v2\/tags?post=94885"}],"curies":[{"name":"wp","href":"https:\/\/api.w.org\/{rel}","templated":true}]}}