{"id":94764,"date":"2021-09-15T11:35:42","date_gmt":"2021-09-15T09:35:42","guid":{"rendered":"https:\/\/www.freiburg-schwarzwald.de\/blog\/?p=94764"},"modified":"2021-09-15T16:19:14","modified_gmt":"2021-09-15T14:19:14","slug":"ioannidis-wissenschaft-cudos","status":"publish","type":"post","link":"https:\/\/www.freiburg-schwarzwald.de\/blog\/ioannidis-wissenschaft-cudos\/","title":{"rendered":"Ioannidis: Wissenschaft-CUDOS"},"content":{"rendered":"<p>Der Stanford-Professor <a href=\"https:\/\/www.freiburg-schwarzwald.de\/blog\/corona-prof-ioannidis-hat-recht\/\">John Joannidis<\/a>, in wissenschaftlichen Fachzeitschriften am meisten zitierter Epidemologe weltweit, hat die Sterblichkeit von <a href=\"https:\/\/www.freiburg-schwarzwald.de\/blog\/business\/gesund\/corona-virus\/\">Covid-19<\/a> zu drei Zeitpunkten mit 0,12%, 0,15% und 0,20% errechnet- also Werte \u00e4hnlich einer Influenza. Seine Qualifikation und Unabh\u00e4ngigkeit als Wissenschaftler l\u00e4\u00dft sich nicht anzweifeln.\u00a0<!--more--><\/p>\n<p>Was Ioannidis in seinem Beitrag <em><a href=\"https:\/\/www.freiburg-schwarzwald.de\/blog\/business\/gesund\/corona-virus\/corona-wissenschaft\/\">&#8222;How the Pandemic Is Changing the Norms of Science&#8220;<\/a><\/em> vom 9.9.2021 geschrieben hat, braucht man nicht zu teilen, man darf ihn aber auch nicht verschweigen, wie dies die deutschen <a href=\"https:\/\/www.freiburg-schwarzwald.de\/blog\/kultur\/medien\/mainstream\/\">Medien<\/a> bislang tun, sondern man mu\u00df ihn diskutieren. <a href=\"https:\/\/www.freiburg-schwarzwald.de\/blog\/kultur\/medien\/diskussionskultur\/\">Diskussionskultur<\/a>, wo bist du?<br \/>\n.<br \/>\nLeider hat der griechisch-amerikanische Ausnahmewissenschaftler John Ioannidis bei seinem letzten Besuch in Europa im \u00d6R weder bei ARD, ZDF noch bei Arte Sendezeit in einer Talkshow erhalten. Umso sehenswerter sein <a href=\"https:\/\/www.freiburg-schwarzwald.de\/blog\/corona-prof-ioannidis-hat-recht\/\">60-min\u00fctige Interview<\/a> (mit deutscher \u00dcbersetzung) im \u00f6sterreichischen Servus-TV am 29.6.2021 &#8211; auf<br \/>\n<a href=\"https:\/\/www.servustv.com\/aktuelles\/a\/john-ioannidis-corona-abrechnung-talk-spezial-interview\/129644\/\">https:\/\/www.servustv.com\/aktuelles\/a\/john-ioannidis-corona-abrechnung-talk-spezial-interview\/129644\/<\/a> verf\u00fcgbar &#8211; mit dem f\u00fcr einen skeptischen Wissenschaftler doch erstaunlichen Statement: \u201c<em>We have to regain our life and this is yet another virus and this is not the end of the world. We should not make it into the end of the world.\u201d<\/em> Also aus berufenem Mund keine Spur von der in Deutschland vorherrschenden <a href=\"https:\/\/www.freiburg-schwarzwald.de\/blog\/politik-medien-corona-angst\/\">polit-medialen<\/a> <a href=\"https:\/\/www.freiburg-schwarzwald.de\/blog\/business\/gesund\/corona-virus\/corona-angst\/\">Angst<\/a>&#8211; und <a href=\"https:\/\/www.freiburg-schwarzwald.de\/blog\/business\/gesund\/corona-virus\/corona-strategiepapier\/\">Panikmache<\/a> zu Corona, die nach anderthalb Jahren immer noch anh\u00e4lt. Sondern ein Aufruf zur <a href=\"https:\/\/www.freiburg-schwarzwald.de\/blog\/business\/gesund\/corona-virus\/corona-versoehnung\/\">Vers\u00f6hnung<\/a>.<\/p>\n<p>Kurzfassung zum Beitrag <em>&#8222;Wie die Pandemie die Normen der Wissenschaft ver\u00e4ndert&#8220;<\/em> (siehe <a href=\"https:\/\/www.freiburg-schwarzwald.de\/blog\/business\/gesund\/corona-virus\/corona-wissenschaft\/\">hier<\/a>) von Ioannidis:<br \/>\nA) Die vier CUDOS-Prinzipien der <a href=\"https:\/\/www.freiburg-schwarzwald.de\/blog\/bildung\/wissenschaft\/\">Wissenschaften<\/a><br \/>\n1. Wissens-Kommunismus &#8211; Communalism\u00a0 (kostenlose Weitergabe von Forschungsergebnissen an Alle)<br \/>\n2. Universalismus &#8211; Universalism (Nicht auf hierarchische Eliten bzw. Minderheit von Experten begrenzt)<br \/>\n3. Uneigenn\u00fctzigkeit &#8211; Disinterestedness (Unabh\u00e4ngigkeit ohne Vorteilsnahme)<br \/>\n4. Organisierter Skeptizismus\u00a0 &#8211; Organized Skepticism (Freie Kritik und Gegenargumente ohne Nachteile)<br \/>\nsind weder im Bildungswesen (Schule, Hochschule) ausreichend bekannt noch in\/von den Medien verbreitet.<br \/>\nB) Bei den \u00fcber 330.000 Arbeiten zu Covid-19 seit 2\/2020 sind die methodischen Normen der Wissenschaft vernachl\u00e4ssigt worden &#8211; die Arbeiten sind \u00fcberwiegend von geringer Qualit\u00e4t.<br \/>\nC) Wissenschaft wird von der Politik benutzt &#8211; von Wissenschaftlern &#8222;die auf der Grundlage ihrer eigenen Interpretationen der Wissenschaft Ma\u00dfnahmen im Rahmen der politischen K\u00e4mpfe durchsetzen&#8220;.<br \/>\nD) Unabh\u00e4ngige Wissenschaftler wurden im Namen der <a href=\"https:\/\/www.freiburg-schwarzwald.de\/blog\/kultur\/kulturverlust\/cancelculture\/\">Cancel Culture<\/a> seit Anfang 2020 &#8222;beschimpft und erhielten w\u00e4hrend der Pandemie Drohungen, die sie und ihre Familien ungl\u00fccklich machen sollten.&#8220;<br \/>\nE) &#8222;Fragen nach Nebenwirkungen der Impfung werden mit einem Bannfluch belegt.&#8220;<br \/>\nF) Zur &#8222;Wir befinden uns im Krieg&#8220;-Politik: &#8222;Alles, was ein unpolitischer Wissenschaftler sagte oder schrieb, konnte als Waffe f\u00fcr politische Ziele eingesetzt werden.&#8220;<br \/>\nG) &#8222;Hinter dieser \u00fcberst\u00fcrzten Entwicklung steckt absolut keine Verschw\u00f6rung oder Globalplanung. Es ist einfach so, dass in Krisenzeiten die M\u00e4chtigen gedeihen und die Schwachen noch mehr benachteiligt werden.&#8220;<br \/>\nMehr dazu <a href=\"https:\/\/www.freiburg-schwarzwald.de\/blog\/business\/gesund\/corona-virus\/corona-wissenschaft\/\">hier<\/a>.<br \/>\n15.9.2021<br \/>\n.<\/p>\n<p><em>John P. A. Ioannidis ist Professor f\u00fcr Medizin und Professor f\u00fcr Epidemiologie und Bev\u00f6lkerungsgesundheit sowie Professor (by courtesy) f\u00fcr Biomedizinische Wissenschaft und Statistik an der Stanford University. <\/em><br \/>\n<em>Liste der vollst\u00e4ndigen Ver\u00f6ffentlichungen von Prof Ioannidis zu COVID-19 :<\/em><br \/>\n<em><a href=\"https:\/\/www.freiburg-schwarzwald.de\/blog\/business\/gesund\/corona-virus\/corona-wissenschaft\/\">https:\/\/profiles.stanford.edu\/john-ioannidis?tab=research-and-scholarship<\/a><\/em><\/p>\n","protected":false},"excerpt":{"rendered":"<p>Der Stanford-Professor John Joannidis, in wissenschaftlichen Fachzeitschriften am meisten zitierter Epidemologe weltweit, hat die Sterblichkeit von Covid-19 zu drei Zeitpunkten mit 0,12%, 0,15% und 0,20% errechnet- also Werte \u00e4hnlich einer Influenza. Seine Qualifikation und Unabh\u00e4ngigkeit als Wissenschaftler l\u00e4\u00dft sich nicht &hellip; <a href=\"https:\/\/www.freiburg-schwarzwald.de\/blog\/ioannidis-wissenschaft-cudos\/\">Weiterlesen <span class=\"meta-nav\">&rarr;<\/span><\/a><\/p>\n","protected":false},"author":2,"featured_media":0,"comment_status":"open","ping_status":"closed","sticky":false,"template":"","format":"standard","meta":{"footnotes":""},"categories":[18,36,158,14,267,80],"tags":[740,700,749,682,47,644,720,348,585,338,762],"class_list":["post-94764","post","type-post","status-publish","format-standard","hentry","category-bildung","category-engagement","category-gesund","category-global","category-hochschulen","category-medien","tag-arzt","tag-corona","tag-diskussionskultur","tag-freiheit","tag-klinik","tag-krankheit","tag-medien","tag-medizin","tag-schule","tag-uni","tag-wissen"],"_links":{"self":[{"href":"https:\/\/www.freiburg-schwarzwald.de\/blog\/wp-json\/wp\/v2\/posts\/94764","targetHints":{"allow":["GET"]}}],"collection":[{"href":"https:\/\/www.freiburg-schwarzwald.de\/blog\/wp-json\/wp\/v2\/posts"}],"about":[{"href":"https:\/\/www.freiburg-schwarzwald.de\/blog\/wp-json\/wp\/v2\/types\/post"}],"author":[{"embeddable":true,"href":"https:\/\/www.freiburg-schwarzwald.de\/blog\/wp-json\/wp\/v2\/users\/2"}],"replies":[{"embeddable":true,"href":"https:\/\/www.freiburg-schwarzwald.de\/blog\/wp-json\/wp\/v2\/comments?post=94764"}],"version-history":[{"count":5,"href":"https:\/\/www.freiburg-schwarzwald.de\/blog\/wp-json\/wp\/v2\/posts\/94764\/revisions"}],"predecessor-version":[{"id":94779,"href":"https:\/\/www.freiburg-schwarzwald.de\/blog\/wp-json\/wp\/v2\/posts\/94764\/revisions\/94779"}],"wp:attachment":[{"href":"https:\/\/www.freiburg-schwarzwald.de\/blog\/wp-json\/wp\/v2\/media?parent=94764"}],"wp:term":[{"taxonomy":"category","embeddable":true,"href":"https:\/\/www.freiburg-schwarzwald.de\/blog\/wp-json\/wp\/v2\/categories?post=94764"},{"taxonomy":"post_tag","embeddable":true,"href":"https:\/\/www.freiburg-schwarzwald.de\/blog\/wp-json\/wp\/v2\/tags?post=94764"}],"curies":[{"name":"wp","href":"https:\/\/api.w.org\/{rel}","templated":true}]}}