{"id":94739,"date":"2021-09-11T07:28:56","date_gmt":"2021-09-11T05:28:56","guid":{"rendered":"https:\/\/www.freiburg-schwarzwald.de\/blog\/?p=94739"},"modified":"2021-09-14T09:50:56","modified_gmt":"2021-09-14T07:50:56","slug":"9-11-20-jahre-weiterhin-terror","status":"publish","type":"post","link":"https:\/\/www.freiburg-schwarzwald.de\/blog\/9-11-20-jahre-weiterhin-terror\/","title":{"rendered":"9\/11 &#8211; 20 Jahre weiterhin Terror"},"content":{"rendered":"<p>Am 11. September 2021 j\u00e4hrte sich der Anschlag der <a href=\"https:\/\/www.freiburg-schwarzwald.de\/blog\/religion\/islam\/islamismus\/\">Islamisten<\/a> in den USA zum 20. mal. Dazu <a href=\"https:\/\/www.freiburg-schwarzwald.de\/blog\/religion\/islam\/abdel-samad\/\">Hamed Abdel-Samad<\/a> in seinem unten wiedergegebenen Nachwort zu 9\/11. <em>\u201eDie meisten sind lieber woke als wachsam, und sie werden daf\u00fcr irgendwann einen hohen Preis zahlen\u201c<\/em>. So <a href=\"https:\/\/www.freiburg-schwarzwald.de\/blog\/kultur\/kulturverlust\/woke\/\">woke<\/a>, da\u00df die Begriffe <a href=\"https:\/\/www.freiburg-schwarzwald.de\/blog\/religion\/islam\/terror\/\">Islamismus<\/a> bzw. <a href=\"https:\/\/www.freiburg-schwarzwald.de\/blog\/religion\/islam\/islamisierung\/\">Islam<\/a> <!--more-->in den offiziellen Statements der Regierung nicht und in den Meldungen der Mainstream-Medien kaum auftauchen. Oder ist es nicht nur die Wokeness, die Urheber des New Yorker Terroranschlags nicht zu benennen, sondern gar die Angst vor dem Islam bzw. islamistischen Drohungen?<br \/>\n.<br \/>\nVier von Islamisten gesteuerte Flugzeuge schlagen am 11. September 2001 nacheinander in den Nordturm des World Trade Center, in den Zwillingsturm, in das Pentagon-Geb\u00e4ude und \u00fcber Shanksville ein: 3.000 Tote und 6.000 Verletzte. Eine Katastrophe. Der Gedenktag am 11. September ist einer der wichtigsten gegen den islamistischen Terrorismus. \u00dcberall in den L\u00e4ndern des Westens &#8211; bis auf Deutschland, wo das Adjektiv &#8222;islamistisch&#8220; des Terrors gerne verschwiegen wird. Will man die Ursachen des Terrorismus bek\u00e4mpfen, dann mu\u00df man diese auch benennen.<\/p>\n<p>Am 11.9.2021 zwischen 2 und 3 Uhr nachmittags war ich gerade in Heidelberg am Werkeln, als ein Arbeiter rief, da\u00df in New York ein Flugzeug in ein Hochhaus gerast ist. Von da an war kein Arbeiten mehr m\u00f6glich, nur noch ungl\u00e4ubige Best\u00fcrzung.<br \/>\nHeute empfinde ich es als ein Privileg und nicht als Belastung, mich an 9\/11 erinnern zu k\u00f6nnen. Dieser historische Wendepunkt fand zu meinen Lebzeiten statt. Und mit dem zunehmendem zeitlichen Abstand &#8211; am 11.9.2021 also 20 Jahre &#8211; wird mir dies klarer und deutlicher: Islam und Islamismus richten sich mit ihrem religi\u00f6s motivierten Terror gegen den Frieden.<br \/>\n14.9.2021<br \/>\n.<br \/>\n.<br \/>\n<strong>Der 9\/11-Terror: Kanzlerkandidaten und Spitzenpolitiker blenden Islamismus aus<\/strong><br \/>\n<em>Es ist eine Schande: Keiner der Kanzlerkandidaten, nicht der Au\u00dfenminister und auch nicht die Verteidigungsministerin hat einmal den \u201eIslamismus\u201c beim Gedenken an die Terroranschl\u00e4ge 9\/11 erw\u00e4hnt. Eine Dem\u00fctigung f\u00fcr alle Opfer und Angeh\u00f6rigen.<\/em><br \/>\n&#8230;<br \/>\nTrotz der schweren Terroranschl\u00e4ge in den USA wollen bis heute viele deutsche Politiker den islamistischen Terrorismus nicht klar benennen. Der Begriff \u201eIslamismus\u201c \u2013 eine religi\u00f6s motivierte Ideologie und Form des politischen Extremismus \u2013 wird einfach vermieden, komplett ausgespart.<br \/>\nGerade im Kampf gegen den islamistischen Terrorismus, der immer st\u00e4rker w\u00e4chst und sich gef\u00e4hrlich neu formiert, ist es h\u00f6chst bedenklich, dass tats\u00e4chlich bis dato keiner der drei deutschen Kanzlerkandidaten auch nur einmal den Islamismus erw\u00e4hnt hat. W\u00e4hrend Au\u00dfenminister Heiko Maas (SPD) das Wort Islamismus vermeidet, schweigt Verteidigungsministerin Annegret Kramp-Karrenbauer (CDU) tats\u00e4chlich vollst\u00e4ndig zum 11. September 2001. <em><strong>Dieses Nichtnennen und Verschweigen durch die deutsche Politik ist eine Schande \u2013 und f\u00fcr jedes Opfer und jeden Angeh\u00f6rigen eine unglaubliche Dem\u00fctigung.<\/strong> <\/em>Als Deutscher muss man sich angesichts dessen f\u00fcr diese deutschen Politiker sch\u00e4men.<br \/>\n&#8230; Alles vom 11.9.2021 von Zara Riffler bitte lesen auf<br \/>\n<a href=\"https:\/\/www.tichyseinblick.de\/daili-es-sentials\/9-11-kanzlerkandidaten-spitzenpolitiker\/\">https:\/\/www.tichyseinblick.de\/daili-es-sentials\/9-11-kanzlerkandidaten-spitzenpolitiker\/<\/a><br \/>\n.<br \/>\nEinige Kommentare:<br \/>\n<strong>Islamisierungsleugner<\/strong><br \/>\nJa, es macht fassungslos. Fassungslos, weil die Phalanx der Islamisierungsleugner und Islamversteher bestehend aus der Regierung, Medien, Universit\u00e4ten, Kirchen, Sozialindustrie, Gewerkschaften, NGOs und b\u00f6rsennotierten Firmen eine Geschlossenheit aufweist, die in ihrer Einheitlich- und Unersch\u00fctterlichkeit geradezu widernat\u00fcrlich ist, und daher jeder Lebenserfahrung widerspricht. Mit gesundem Menschenverstand l\u00e4sst sich dieses Ph\u00e4nomen jedenfalls nicht mehr erkl\u00e4ren. Aber vielleicht haben wir es hier tats\u00e4chlich mit einer von Allah (oder sonst einem h\u00f6heren Wesen) gesteuerten \u201eF\u00fcgung\u201c zu tun?! Irgendetwas(?) kommt bei uns an seine Grenzen.<br \/>\n11.9.2021, Lux<\/p>\n<p><strong>Die Deutschen sind allgemein \u00e4ngstliche Pazifisten geworden,<\/strong><br \/>\ndaher missachten sie auch ihre Soldaten und daher meiden sie jedes klare Wort, jede klare Erkenntnis, sie verhalten sich wie Biedermeier gegen\u00fcber den Brandstiftern.<br \/>\nDie Feigheit f\u00e4llt dem Land l\u00e4ngst schon auf die F\u00fc\u00dfe in Form von unversch\u00e4mter Ausnutzung durch jeden Dahergelaufenen und der Verachtung, die viele andere L\u00e4nder bereits gegen\u00fcber D. hegen. D. will gut Freund mit allen sein, bez. einer absurd kindisch verstandenen Toleranz die Speerpsitze und der F\u00fchrer der Br\u00fcderlichkeit aller Menschen und Kulturen. Jede noch so grausame Mordtat, jede Steinigung, jede Vegewaltigung, auch die offene Einteilung in Menschen 1., 2., und 3. Klasse bringt die Deutschn nicht zum Nachdenken, im Gegenteil, sie sch\u00fctzen solche Leute, ein solches System und empfinden diese archaisch-islamischen Analphabeten als \u201ewertvoller als Gold\u201c und ihr Verhalten als unbedingt tolerierbare tolle Folklore.<br \/>\nSolange diese Leute mit dieser idiotischen Ideologie an der Macht sind, werden wir alle zur\u00fcckgesto\u00dfen in ein sehr rasch kaputt gehendes Land ohne Industrie, ohne Energie und ganz schnell ohne jede Forschung.<br \/>\nDieser Weg ist nur folgerichtig, weil logisch. Mit Windm\u00fchlen kann man keine Produktion und alles, was einen modernen Staat ausmacht, am Laufen halten, keine Mobilit\u00e4t f\u00fcr eine moderne arbeitsteilige Gesellschaft, und so geht es \u00fcber viele Bereiche weiter. Die Deutschen denken in ihrer Mehrheit nicht dar\u00fcber nach, die meisten begreifen es nicht. Es h\u00fcpfen, gr\u00f6len und schreien \u201eStudenten\u201c f\u00fcr ihre eigene Entm\u00fcndigung und Arbeitslosigkeit. Sie begreifen es nicht, sie glauben allerdings auch, dass sie \u201estudieren\u201c w\u00fcrden! Jede normale Berufsschule gilt heute als Studium, und so h\u00fcpfen sie mit einer Anma\u00dfung, die schlicht kindisch ist. Ihre gr\u00f6\u00dfte Anf\u00fchrerin ist eine L\u00fcgnerin, Aufschneiderin und Betr\u00fcgerin, die angibt, Abschl\u00fcsse zu haben, die sie aber nicht im Entferntesten hat und Geld erhielt, obwohl es dazu \u00fcberhaupt nicht die minimalste Berechtigung gab.<br \/>\nDeutschland muss offensichtlich erst ganz im untersten Keller am Boden liegen, bevor die Intelligenz und Ernsten und Flei\u00dfigen, die wissen, dass kein Wohlstand auf B\u00e4umen w\u00e4chst, dieses Land wieder aufbauen k\u00f6nnen. Schon wieder ein solcher Mist.<br \/>\n11.9.2021, Bfw<\/p>\n<p><strong>Die Politiker verschweigen, wof\u00fcr sie anderfalls in Luft zerrissen w\u00fcrden.<\/strong><br \/>\nUnd das w\u00fcrden sie, w\u00fcrden sie den Islam (\u00fcbrigens v\u00f6llig zu recht) beschuldigen.<br \/>\nDie Islam-Propaganda hat gewirkt:<br \/>\nViele Deutsche glauben, dass der Islam s\u00fc\u00df ist und die Terroristen nur durch \u201eKolonialismus\u201c oder \u201eDiskriminierung\u201c zum T\u00f6ten gebracht werden. Viele andere halten den Mund, weil sie einfach Angst haben: vor gesellschaftlicher Ausgrenzung und vor islamischer Gewalt. Denn die islamischen Todesdrohungen wirken. (Und der Staat tut *nichts* dagegen als hilflos tun.)<br \/>\n11.9.2021, M.S.<\/p>\n<p><strong>\u201eKeiner der Kanzlerkandidaten, nicht der Au\u00dfenminister<\/strong><br \/>\nund auch nicht die Verteidigungsministerin hat einmal den \u201eIslamismus\u201c beim Gedenken an die Terroranschl\u00e4ge 9\/11 erw\u00e4hnt.\u201c<br \/>\nWeil, wer vom Islamismus spricht, vom Islam nicht schweigen kann.<br \/>\n11.9.2021, Deu<\/p>\n<p><strong>Warum machen die das so, wie sie es machen?<\/strong><br \/>\nEinfache Antwort. Das Wort \u201eIslamismus\u201c ist bedenklich nah an Islam. Und der Islam geh\u00f6rt bekanntlich zu Deutschland. Deshalb darf politischer Islamismus mit seinen schleichenden \u00dcberg\u00e4ngen zum Terrorismus nicht als socher benannt werden sondern wird wie vieles Andere von der deutschen Politik einfach verschwiegen und verdr\u00e4ngt. Au\u00dferdem und jetzt kann man nur noch sarkastisch reagieren, haben die Taliban Deutschland \u201everziehen\u201c Alles gut und dar\u00fcber der Mantel des Schweigens betreff Ursachen und Urheber von 9\/11.<br \/>\n11.9.2021, Bab<\/p>\n<p><strong>Dass der Islamismus eine radikale Ideologie ist,<\/strong><br \/>\ndie jegliche Art von Demokratie fremd ist, will den naiv-gutgl\u00e4ubien deutschen Politikern nicht in den Kopf! Dass der Islam die Welt in gl\u00e4ubige und Ungl\u00e4ubige teilt, wobei Letztere auszul\u00f6schen seien, bleibt glaichfalls unerw\u00e4hnt! F\u00fcr unsere Politiker und die Herde ihrer journalistischen Nachbeter ist der Islam lediglich eine Religion und steht damit unter dem Denkmalschutz des Grundgesetzes! Islamverb\u00e4nde aller Couleur befeuern nat\u00fcrluch noch diese Ansicht, damit sie ihr indoktrin\u00e4res Treiben ungest\u00f6rt fortf\u00fchren k\u00f6nnen! Das Kopftuch, ein Symbol aus der geistigen Steinzeit, wird heiliggesprochen. Frauen, lernt den Koran auswendig und haltet ansonsten die Klappe, ist die Botschaft dahinter. M\u00e4nner geht beten und betr\u00fcgt unseren Sozialstaat ist die andere. Die Willf\u00e4hrigkeit deutschen Politiker und die propagandistische Unterst\u00fctzung der Medien sind euch gewiss!<br \/>\n11.9.22021, H.B.<\/p>\n<p><strong>Es gibt keinen Islamismus &#8211; Papst Benedikt XVI.<\/strong><br \/>\nBei dieser Feststellung w\u00fcrde die Liebe zur Wahrheit einmal anfangen. Aber da will auch die \u201eaufgekl\u00e4rte\u201c Gesellschaft nicht hin. Denn dann m\u00fcsste man erkennen und sich damit auseinandersetzen, dass die eigenen Ideale auf Sand gebaut und Religionen nicht gleich sind.<br \/>\nPapst Benedikt XVI hatte den Mut (ja, den Mut!), dies offen zu sagen und zu adressieren. Geh\u00f6rt und verstanden haben es wenige.<br \/>\nThe dead sheikh\u2019s riddle:<br \/>\n<a href=\"https:\/\/www.youtube.com\/watch?v=ffYN_XUb9bA\">https:\/\/www.youtube.com\/watch?v=ffYN_XUb9bA<\/a><br \/>\nPapst Benedikts Antwort:<br \/>\n<a href=\"https:\/\/www.youtube.com\/watch?v=xLFH8w43dFM\">https:\/\/www.youtube.com\/watch?v=xLFH8w43dFM<\/a><br \/>\n11.9.2021, Lep<br \/>\nEnde Kommentare<br \/>\n.<\/p>\n<p><strong>Abdel-Samad: Nachwort zu 9\/11 &#8211; Kuscheln mit dem Islamismus<\/strong><br \/>\n20 Jahre nach dem 11. September ist der Islamismus st\u00e4rker denn je und die Integration gescheiterter denn je. Aber weder das Thema Islamismus noch das Thema Integration stehen auf der Agenda der etablierten Parteien.<\/p>\n<p>9\/11 war ein Weckruf, der weder von Muslimen noch vom Westen geh\u00f6rt wurde. Muslime h\u00e4tten erkennen m\u00fcssen, dass sie \u00fcber Jahrhunderte in ihrer Mitte ein Monster der Gewalt gro\u00dfgezogen und gef\u00fcttert haben. Der Westen h\u00e4tte gegen den Islamismus wie einst gegen die Nazis k\u00e4mpfen m\u00fcssen: Erst milit\u00e4risch vernichten, dann gegen die Ideologie vorgehen.<\/p>\n<p>Doch von Reflexion bei Muslimen war zun\u00e4chst keine Spur. Und im Westen kam es nicht zu Entislamisierung, sondern zum Kuscheln mit dem Islamismus. Muslime verfielen nach den Anschl\u00e4gen in Selbstmitleid und Apologetik. Ihnen war das Bild des Islam wichtiger als die Zukunft ihrer L\u00e4nder und ihrer Kinder und das Leben der vielen Opfer. Und der Westen war zu naiv zu glauben, es g\u00e4be einen moderaten Islamismus, den man dem radikalen Islamismus entgegensetzen k\u00f6nnte.<br \/>\nStatt die Strukturen des Islamismus im Westen mit aller Vehemenz zu zerschlagen, schuf man neue Strukturen und neue islamistische Vereine, die sogar Partner der westlichen Staaten in Sachen Kampf gegen Islamismus und Rassismus wurden. Politiker, die diesen Schritt gegangen sind, erinnerten mich an jene naiven westlichen Politiker von einst, die an einen moderaten Fl\u00fcgel in Hitlers Regime glaubten und auf Dialog setzten, bis Hitler die Tschechoslowakei verschlungen und Polen angegriffen hatte.<\/p>\n<p>Weihnachtsm\u00e4rkte schauen aus wie Milit\u00e4rkasernen<br \/>\nDas Ergebnis des Schweigens und der Apologetik der Muslime war, dass nach Al-Qaida und den Taliban nun der IS, Boko Haram, Abu Sayyaf, Jama\u2019a Islamiyya, Dchihad Islami, Chabab Miliz, Hamas, Muslimbruderschaft, Al-Huthi und hunderte andere islamistische Gruppierungen die Geschicke in der islamischen Welt bestimmen und die L\u00e4nder in Elend und B\u00fcrgerkriege gest\u00fcrzt haben.<br \/>\nAuch der Westen wurde mit einer beispiellosen Welle des Terrors \u00fcberzogen. Das Sicherheitsgef\u00fchl der B\u00fcrger hat sich massiv ver\u00e4ndert. Weihnachtsm\u00e4rkte schauen aus wie Milit\u00e4rkasernen. Und die \u201emoderaten Islamisten\u201c, die man unterst\u00fctzt hat, um die Integration von Muslimen zu f\u00f6rdern, sind Integrationsverhinderer und Radikalisierungsbeschleuniger geworden.<br \/>\n20 Jahre nach 9\/11 sind die Taliban und der IS nach mehreren milit\u00e4rischen Niederlagen wieder da, weil man ihre Soldaten und ihre Waffenlager angriff, aber nicht die theologische Quelle des Hasses, die sie gro\u00df machte. Man sitzt auch mit ihren Br\u00fcdern im Geiste an einem Tisch und hofiert sie als Partner. Man will sogar die Taliban mit Geld unterst\u00fctzen, damit sie gegen den IS in Afghanistan vorgehen k\u00f6nnen. Nun sind die Taliban die Moderaten, morgen vielleicht der IS selbst!<\/p>\n<p>Das woke Europa schl\u00e4ft<br \/>\n20 Jahre nach dem 11. September ist der Islamismus st\u00e4rker denn je und die Integration gescheiterter denn je. Aber weder das Thema Islamismus noch das Thema Integration stehen auf dem Agenda der etablierten Parteien. Islamisten sitzen in westlichen Parlamenten, beraten Politiker und gelten als K\u00e4mpfer gegen Rassismus, w\u00e4hrend Islamkritik aus der Politik und zunehmend auch aus den Medien verschwindet. Salafisten laufen frei herum und predigen im Namen der Religionsfreiheit, w\u00e4hrend ihre Kritiker nur unter Polizeischutz auftreten k\u00f6nnen. Das woke Europa schl\u00e4ft weiter und diskutiert lieber \u00fcber Gender*Sternchen und neue Namen f\u00fcr Schnitzel-Saucen. Man glaubt, das Krokodil, das man f\u00fcttert, w\u00fcrde einen nicht auffressen!<br \/>\nIch habe lange vor dieser Entwicklung gewarnt, aber nur wenige haben zugeh\u00f6rt. Die meisten sind lieber woke als wachsam, und sie werden daf\u00fcr irgendwann einen hohen Preis zahlen, denn die Krankheiten einer Gesellschaft werden nicht von alleine geheilt und Dummheit verj\u00e4hrt nicht!<br \/>\n&#8230; Alles vom 13.9.2021 von <a href=\"https:\/\/www.freiburg-schwarzwald.de\/blog\/religion\/islam\/abdel-samad\/\">Hamed Abdel-Samad<\/a> bitte lesen auf<br \/>\n<a href=\"https:\/\/www.achgut.com\/artikel\/nachwort_zu_9_11_kuscheln_mit_dem_islamismus\">https:\/\/www.achgut.com\/artikel\/nachwort_zu_9_11_kuscheln_mit_dem_islamismus<\/a><br \/>\nZuerst erschienen auf der FB-Seite von Hamed Abdel-Samad.<br \/>\n<a href=\"https:\/\/de-de.facebook.com\/pages\/category\/Public-Figure\/Hamed-Abdel-Samad-140472656003522\/\">https:\/\/de-de.facebook.com\/pages\/category\/Public-Figure\/Hamed-Abdel-Samad-140472656003522\/<\/a><br \/>\n.<br \/>\nEinige Kommentare:<br \/>\n<strong>Lieber Herr Samad, als Holocaust\u00fcberlebender,<\/strong><br \/>\nder als Einziger (soweit mir bekannt ist) in seinen Zeitzeugen Gespr\u00e4chen \u00f6fters \u00fcber den islamischen Antisemitismus und weltweiten Antizionismus als \u00fcber mein Schicksal spricht, verneige ich mich tief vor Ihnen und bewundere Ihren Mut. Vor meinen Texten und Gespr\u00e4chen herrscht in den Medien eine panische Angst weil man mich nicht (noch nicht) als Nazi benennen kann. Ihre B\u00fccher habe ich mehrmals gelesen. Die Taliban haben den Daniel Pearl vor laufenden Kameras gek\u00f6pft nur weil er Jude ist trotzdem (oder deswegen?) werden sie als moderat bezeichnet. Islam habe ich in dem Gedenkbuch, das in Theresienstadt in dem Raum wo die letzten Zeichnungen der ermordeten Kinder ausgestellt sind, am klarsten kennengelernt. In diesem Buch haben wir neben vielen Eintragungen der Betroffenheit und Scham folgendes in arabischer Schrift gefunden ich zitiere: \u201eDie Araber werden das, was den Deutschen Nationalsozialisten nicht gelungen ist vollenden: Die Endl\u00f6sung der j\u00fcdischen Frage\u201c Diese Eintragung, die den islamischen F\u00fchrern aus dem Herzen spricht zeigt deutlich die Fratze dieser menschenfeindlichen Ideologie.<br \/>\n13.9.2021, Pavel Hoffmann, AO<\/p>\n<p><strong>Ich versuche mir vorzustellen, wie ein \u201cVorgehen gegen die Ideologie\u201d<\/strong><br \/>\ndes Islamismus oder des Islams aussehen k\u00f6nnte. Die Ideologie macht sich f\u00fcr die \u201cGl\u00e4ubigen\u201d zeimlich so gut bezaht. Sie zu eliminieren, Herr Abdel-Samad, erfordert eine Analyse der Ursachen. Die islamische kumulative \u00dcberzeugung, dass Mann sich durch die totale Macht des Einzelnen ohne oberen Gerichtshof auf Erden alles erlauben darf, was die eigene egoistische, egozentrische Dominanz und den eigenen selbsterlaubten Zerst\u00f6reranspruch rechtfertigt, ist unschlagbar. Nur dann, wenn sein, des Mannes, viszerales, pr\u00e4-archaisches Untermenschenleben die ganze Welt umspannt, k\u00f6nnen Moslems und Islamisten ihr krampfhaft unterdr\u00fccktes, aber jeder Natur angeborenes &#8211; mittlerweile mit Sicherheit wachsendes &#8211; Schuldbewusstsein samt Angst vor einer h\u00f6heren Wahrheit wegstecken. Menschenleben auszul\u00f6schen nach Gutd\u00fcnken bewirkt aufgrund der globalen Vernetztheit auch des tiefsten H\u00f6hlenmenschen ANGST wenn er der Andersheit ansichtig wird, die ihn umgibt. Alle moslemischen L\u00e4nder sind hunderprozentig diesseitspepr\u00e4gt, was auch die paradiesischen Erwartungen im Jenseits bezeugen. Es gibt nur die Flucht nach vorne, wenn man sich in die Enge gedr\u00e4ngt sieht, also: den Westen so oder so ausradieren, um die inh\u00e4rente Angst ignorieren zu k\u00f6nnen. Im Grunde aus Angst vor dem Matriarchat. Denn die einzigen, die eine \u00c4nderung der Ideologie hervorrufen k\u00f6nnten, sind die Frauen:<br \/>\nEinerseits die nichtswertseienden islamischen Frauen, die aber auf morbide, masochistische Art ihre Unterw\u00fcrfigkeit genie\u00dfen und zu Unrecht auf die von den Medien breitgetretende Libertinage der westlichen Weiber herabschauen.<br \/>\nUnd andererseits eben diese westlichen Frauen selbst mit ihrer \u00fcberdenkensw\u00fcrdigen heutigen Lebensart. Wir m\u00fcssen vermutlich noch durch einige Scheu\u00dflichkeiten durch, wenn der Westen nicht bei der Erziehung der Medien anf\u00e4ngt &#8211; nicht bei der islamischen Ideologie, bei unserer idiotischen Permissivit\u00e4t.<br \/>\n13.9.2021, PH.G.<\/p>\n<p><strong>Keine im Bundestag vertretene Partei k\u00fcmmert sich um das Problem Islam?<\/strong><br \/>\nIm Wahlprogramm Seite 82 &#8211; 85 nimmt die AfD dazu Stellung. Man m\u00f6ge selbst nachsehen, wenn man n\u00e4heres wissen will. Stichpunkte: Unterbindung von Polygamie und Zwangsheiraten, Abschaffung von Lehrst\u00fchlen f\u00fcr islamische Theologie, keine Verleihung eine K\u00f6rperschaft des \u00f6ffentlichen Rechts, gegen das Verbot von Islamkritik.<br \/>\n13.9.2021, H.T.<\/p>\n<p><strong>Ein Kampf gegen den Islamismus war und ist nicht m\u00f6glich,<\/strong><br \/>\ndenn nach dem Plan der westlichen linksideologischen aber rechtsfinanzierten \u201cEliten\u201d sollte der Islamismus benutzt werden (und erfolgreich eingesetzt wird) als Wunderwaffe im Krieg dieser \u201cEliten\u201d gegen ihre V\u00f6lker.<br \/>\nDie \u201cEliten\u201d verbreiten nun den Propagandamythos \u00fcber ihre eigene \u201cDummheit\u201d. Nach diesem Mythos, der sogar in diesem Blog verbreitet wird, seien unsere westlichen Machthaber einfach unf\u00e4hig, inkompetent, den Islamismus effektiv zu bek\u00e4mpfen. In der Tat wollen sie ihn gar nicht bek\u00e4mpfen, sondern wollen sich mit ihm in ihrem gemeinsamen Kampf gegen dich und mich verbr\u00fcdern. Denn ihre Grundeinstellungen sind identisch: Unsere Eliten hassen Menschen, und der Islamismus hasst Menschen; unsere Machthaber wollen Freiheit und Grundrechte abschaffen, und der Islamismus will Freiheit und Grundrechte abschaffen; das Ziel unserer Machthaber ist eine ideologische Totalit\u00e4rdiktatur, und das Ziel des Islamismus ist eine ideologische Totalit\u00e4rdiktatur. Bei dieser prinzipiellen \u00dcbereinstimmung muss vollkommen klar sein, dass die beiden Bewegungen (grobe Bezeichnungen \u201cWEF-China-Gates\u201d und \u201cIS-Taliban\u201d) Hand um Hand zusammen gegen uns vorgehen, wobei jede von ihnen glaubt, die andere zu ihren Zwecken zu instrumentalisieren.<br \/>\n13.9.2021, B.K.<\/p>\n<p><strong>Historiker werden dereinst schreiben,<\/strong><br \/>\ndass zu Beginn des 21. Jahrhunderts die liberalen Demokratien des Westens endg\u00fcltig gezeigt haben, dass sie sich gegen die Zerst\u00f6rung durch die Aktivisten der marxistischen Utopie nicht mehr wehren wollten und zu linksgr\u00fcnen Propagandadiktaturen verkamen. Sie waren bereit, das gesammelte Menschheitswissen, die Kultur und die Grundrechte aufzugeben und ergingen sich in den Neureligionen der destruktiven Buntheit, des \u00d6kologismus, der XY-Wenden und der k\u00fcnstlichen Intelligenz, bevor der Blackout alles Leben im industrialisierten Westen ausl\u00f6schte. Die Aktivisten der christlichen Kirchen waren wesentliche Treiber dieser Heiligen Extinction, dem \u201cgerechten\u201d Pendant des islamischen Heiligen Krieges. Die Verantwortlichen f\u00fcr dieses historische Desaster und ihre \u201cOrtskr\u00e4fte\u201d konnten rechtzeitig untertauchen und sich erfolgreich der Strafverfolgung entziehen. Vom UNHCR wurde z\u00fcgig die Neubesiedlung Westeuropas organisiert. Als Trailblazia wurde das neu demarkierte eurasische Gebilde unter Verwaltung der UN gestellt.<br \/>\n13.9.2021, A.R.<\/p>\n<p><strong>&#8230; alles konnte jahrelang unbemerkt im rot-gr\u00fcnen Hamburg geplant werden<\/strong><br \/>\nIn der K\u00fcrze liegt die W\u00fcrze, aber ich f\u00fcrchte, dieser Beitrag erreicht leider wieder nicht jene, die gemeint sind. Wenn ich als ziemlich normaler B\u00fcrger so etwas wie diese schrecklichen Verbrechen vorausgesehen habe, dann ist es nicht nur unverst\u00e4ndlich, dass Politik und Experten nicht darauf vorbereitet waren, sondern vor allen Dingen, dass das alles jahrelang unbemerkt im rot-gr\u00fcnen Hamburg geplant werden konnte.<br \/>\n\u201c911\u201d h\u00e4tte eigentlich der letzte Weckruf f\u00fcr alle rechtsstaatlich gesinnten Menschen in der ganzen Welt sein m\u00fcssen, war es aber nicht. Gerade hier in Deutschland werden haarstr\u00e4ubende (vielleicht sind es gar keine) Fehler begangen, indem man glaubt, diese Verbrecher mit irren Vertr\u00e4gen, viel Geld und guten Worten bes\u00e4nftigen zu k\u00f6nnen.<br \/>\nMan hat eben nichts daraus gelernt, dass man bereits \u00e4hnliche Fehler mit der SED-Diktatur begangen hat, die das eiskalt ausgenutzt hat. Und nun haben sich ausgerechnet jene, die Religionen \u201cals Opium f\u00fcrs Volk\u201d verachten, und die Islamisten zusammen getan und kaum einer unserer \u201cPolitiker\u201d will die schreckliche Gefahr erkennen.<br \/>\nGanz im Gegenteil! Der Islamismus nun soll das vollenden, was dem Kommunismus durch den Fall der Berliner Mauer \u201czur falschen Seite\u201d nicht verg\u00f6nnt war.<br \/>\n13.9.2021, H.J.<\/p>\n<p><strong>Alles zu 100% korrekt analysiert und dargelegt, Herr Abdel-Samad.<\/strong><br \/>\nIch habe \u00fcber die letzten Tage etliche Dokus \u00fcber 9\/11 geschaut. Auch aktuelle, in denen sich damals indirekt Beteiligte immer noch schockiert dar\u00fcber zeigten, dass die damaligen Attent\u00e4ter bei uns in Deutschland studiert hatten und niemand etwas von deren Absichten bemerkte oder bemerkt haben will.<br \/>\nNun, heutzutage ist es immer noch genauso. Die gleiche Sorte Attent\u00e4ter l\u00e4uft in rauen Mengen bei uns herum und niemand tut etwas. Aber die Unwissenheit dar\u00fcber, mit wem man es hier zu tun hat, nehme ich niemandem mehr ab. Aufkl\u00e4rung dar\u00fcber, wie diese Leute ticken und wie das alles funktioniert, gibt es seit Jahren. Und die Aufkl\u00e4rer werden daf\u00fcr nicht etwa gefeiert, sondern in die rechte Ecke gestellt. Etwas nicht zu wissen, ist kein Makel. Etwas nicht wissen zu wollen, ist blanke Ignoranz. Und in diesem Falle eine Ignoranz, die zu Mord und Totschlag f\u00fchrt. Wer es immer noch nicht wissen will, ist Mitt\u00e4ter.<br \/>\n13.9.2021, R.P.<\/p>\n<p><strong>Der Westen behandelt den Islam und die Muslime wie unartige Kinder<\/strong>,<br \/>\ndie aus F\u00fcrsorgepflicht und aus echter Liebe von ihren Eltern umsorgt und trotz der Erziehungsschwierigkeiten mit nicht enden wollender Geduld verpflegt und gen\u00e4hrt werden. Mit Verst\u00e4ndnis und Selbstvorw\u00fcrfen begegnet man den Uneinsichtigkeiten seitens der Z\u00f6glinge und sieht eigene mangelnde F\u00fcrsorge als Grund f\u00fcr das immer wieder auftretende Fehlverhalten der Schutzbefohlenen an. Man sucht das Gemeinsame, empfiehlt sich den unartigen Jugendlichen als gro\u00dfz\u00fcgiger, verst\u00e4ndnisvoller Gespr\u00e4chspartner, nimmt R\u00fccksicht auf ihre Empfindlichkeiten. Lernunwilligkeit, Aufm\u00fcpfigkeit wird entschuldigt.<br \/>\nMan l\u00e4sst den Jugendlichen ausschlafen und r\u00e4umt anschlie\u00dfend eilfertig sein Zimmer auf. Um ihn gn\u00e4dig zu stimmen, erh\u00f6ht man alle drei Wochen sein Taschengeld und kauft ihm neue Kleider. Macht er \u00fcber deren Auswahl ein missmutiges Gesicht, tauscht man sie unverz\u00fcglich gegen bessere Kleider und entschuldigt sich f\u00fcr den Fehlgriff. Randaliert der Jugendliche, so versteht man seine Beweggr\u00fcnde und verspricht, diese aus der Welt zu schaffen. Da das eigene schlechte Gewissen plagt, erlaubt man dem Jugendlichen das n\u00e4chste Mal noch etwas heftiger zu randalieren. Er hat ja schlie\u00dflich sonst nichts zu tun. Da das Randalieren ohne Hilfsmittel keinen Spa\u00df macht, besorgt man ihm diese. Ist der Randalierer m\u00fcde von seinen Aktivit\u00e4ten, dann gew\u00e4hrt man ihm Bett und Tisch. W\u00e4re man selber in dessen fr\u00fcher Kindheit nicht so eine schlechte Mutter und so ein schlechter Vater gewesen, wer wei\u00df, sicher w\u00e4re der Jugendliche heute ganz anders. Doch da man so schlecht war und ihn nicht genug geliebt hat, ihm zu wenig Verst\u00e4ndnis entgegengebracht hat, ist das manchmal etwas auff\u00e4llige Verhalten des Jugendlichen nur um so berechtigter. Wir lieben dich, so wie du bist. Und zeig uns nur deine Wut, mein Schatz. Lass dir von uns nichts mehr gefallen. Nie mehr. Halt, warte, du hast dir heute noch gar nicht dein Taschengeld abgeholt.<br \/>\n13.9.2021, W.A.<\/p>\n<p><strong>B\u00fccher von Hamad Abdel Samad m\u00fcssten Pflichtlekt\u00fcre in den Schulen sein,<\/strong><br \/>\neigentlich. Ein ehemaliger Muslim, welcher den Koran noch auswendig lernen musste und dessen Vater Imam war. Ihm kann man schlecht Unkenntnis vom Islam vorwerfen, deshalb ist er f\u00fcr die Muslime so gef\u00e4hrlich, deshalb wird er von ihnen mit dem Tod bedroht, deshalb muss er rund um die Uhr bewacht werden. Ein Buch gen\u00fcgt eigentlich, um zu erkennen, da\u00df man es mit einer faschistischen Ideologie zu tun hat und keinesfalls mit einer Religion. Ich habe drei B\u00fccher von ihm gelesen, mir braucht \u00fcber den Islam keiner mehr was erz\u00e4hlen, ich weiss wie die tic<br \/>\n13.9.2021, R.K.<br \/>\nEnde Kommentare<br \/>\n.<br \/>\n.<br \/>\n<strong>Die Twin Towers \u2013 weit weg und dann immer n\u00e4her<\/strong><br \/>\n\u201eGuck mal, das World Trade Center brennt\u201c, war der Satz, den ich nie vergessen werde. F\u00fcr den Rest des Tages standen wir vor dem Fernseher und verfolgten die Berichterstattung aus den USA. Ich sah live, wie beide T\u00fcrme einst\u00fcrzten und wie Peter Kl\u00f6ppel, damals noch mit dunklen Haaren, mehrere Stunden durchmoderierte. Ich war gerade frisch 13 Jahre alt geworden, und bis dato hatte sich mein Leben nicht ann\u00e4hernd um Politik gedreht.<br \/>\n&#8230;<br \/>\nHeute wei\u00df ich, dass das kurze Jahrzehnt der 1990er zwischen dem Ende des Kalten Krieges und den Anschl\u00e4gen vom 11. September eine Art von Freiheit und gef\u00fchlter Sicherheit bot, die nie wiederkehrte. 9\/11 hat nicht nur die USA ver\u00e4ndert, sondern uns alle.<br \/>\nHeute habe ich Menschen in meinem Freundeskreis, die nur wenige Jahre j\u00fcnger sind als ich, sich aufgrund dessen aber nicht mehr daran erinnern k\u00f6nnen, wo sie waren, als die brennenden T\u00fcrme von New York City die Welt ver\u00e4nderten. 20 Jahre sp\u00e4ter verf\u00fcgen wir \u00fcber eine Generation junger Erwachsener, die nicht mal mehr wei\u00df, wie sich Freiheit vor 2001 anf\u00fchlte und die vielleicht gerade deshalb so wenig f\u00fcr sie \u00fcbrig hat.<br \/>\nSich an 9\/11 erinnern zu k\u00f6nnen, ist ein Privileg und keine B\u00fcrde. Das mag zun\u00e4chst grotesk klingen, aber wenn wir schon nicht \u00e4ndern k\u00f6nnen, was passiert ist, dann erm\u00f6glicht uns das Schicksal, diesen Teil der Geschichte bewusst miterlebt zu haben, zumindest ein tieferes Verst\u00e4ndnis von Freiheit. Ja, 9\/11 ist Teil meiner ganz pers\u00f6nlichen Erinnerungen und nicht nur eines abstrakten kollektiven Ged\u00e4chtnisses.<br \/>\nVielleicht ist meine Freiheitsliebe deshalb gr\u00f6\u00dfer als die der nachfolgenden Generation, die sie nur noch in Teilen kennen und als unersch\u00fctterlichen Ist-Zustand wahrnehmen, den man auch gerne einmal im Namen einer neuen Vorstellung von allumfassender Toleranz verraten kann.<br \/>\n&#8230; Alles vom 11.9.2021 von Anabel Schunke bitte lesen auf<br \/>\n<a href=\"https:\/\/www.achgut.com\/artikel\/duie_twin_towers_weit_weg_und_dann_immer_naeher\">https:\/\/www.achgut.com\/artikel\/duie_twin_towers_weit_weg_und_dann_immer_naeher<\/a><\/p>\n","protected":false},"excerpt":{"rendered":"<p>Am 11. September 2021 j\u00e4hrte sich der Anschlag der Islamisten in den USA zum 20. mal. Dazu Hamed Abdel-Samad in seinem unten wiedergegebenen Nachwort zu 9\/11. \u201eDie meisten sind lieber woke als wachsam, und sie werden daf\u00fcr irgendwann einen hohen &hellip; <a href=\"https:\/\/www.freiburg-schwarzwald.de\/blog\/9-11-20-jahre-weiterhin-terror\/\">Weiterlesen <span class=\"meta-nav\">&rarr;<\/span><\/a><\/p>\n","protected":false},"author":2,"featured_media":0,"comment_status":"open","ping_status":"closed","sticky":false,"template":"","format":"standard","meta":{"footnotes":""},"categories":[210,14,155,13,19],"tags":[520,732,421,667,764],"class_list":["post-94739","post","type-post","status-publish","format-standard","hentry","category-gewalt","category-global","category-integration","category-kultur","category-religion","tag-frieden","tag-gewalt","tag-islam","tag-krieg","tag-woke"],"_links":{"self":[{"href":"https:\/\/www.freiburg-schwarzwald.de\/blog\/wp-json\/wp\/v2\/posts\/94739","targetHints":{"allow":["GET"]}}],"collection":[{"href":"https:\/\/www.freiburg-schwarzwald.de\/blog\/wp-json\/wp\/v2\/posts"}],"about":[{"href":"https:\/\/www.freiburg-schwarzwald.de\/blog\/wp-json\/wp\/v2\/types\/post"}],"author":[{"embeddable":true,"href":"https:\/\/www.freiburg-schwarzwald.de\/blog\/wp-json\/wp\/v2\/users\/2"}],"replies":[{"embeddable":true,"href":"https:\/\/www.freiburg-schwarzwald.de\/blog\/wp-json\/wp\/v2\/comments?post=94739"}],"version-history":[{"count":3,"href":"https:\/\/www.freiburg-schwarzwald.de\/blog\/wp-json\/wp\/v2\/posts\/94739\/revisions"}],"predecessor-version":[{"id":94743,"href":"https:\/\/www.freiburg-schwarzwald.de\/blog\/wp-json\/wp\/v2\/posts\/94739\/revisions\/94743"}],"wp:attachment":[{"href":"https:\/\/www.freiburg-schwarzwald.de\/blog\/wp-json\/wp\/v2\/media?parent=94739"}],"wp:term":[{"taxonomy":"category","embeddable":true,"href":"https:\/\/www.freiburg-schwarzwald.de\/blog\/wp-json\/wp\/v2\/categories?post=94739"},{"taxonomy":"post_tag","embeddable":true,"href":"https:\/\/www.freiburg-schwarzwald.de\/blog\/wp-json\/wp\/v2\/tags?post=94739"}],"curies":[{"name":"wp","href":"https:\/\/api.w.org\/{rel}","templated":true}]}}