{"id":94626,"date":"2021-09-10T18:37:02","date_gmt":"2021-09-10T16:37:02","guid":{"rendered":"https:\/\/www.freiburg-schwarzwald.de\/blog\/?p=94626"},"modified":"2021-09-10T18:56:19","modified_gmt":"2021-09-10T16:56:19","slug":"eine-andere-freiheit","status":"publish","type":"post","link":"https:\/\/www.freiburg-schwarzwald.de\/blog\/eine-andere-freiheit\/","title":{"rendered":"Eine andere Freiheit"},"content":{"rendered":"<p>Der 75-min\u00fctige seit 9.9.21 verf\u00fcgbare Film &#8222;Eine andere Freiheit&#8220; endet mit den Worten &#8222;Wir m\u00fcssen miteinander reden&#8220; <a href=\"https:\/\/www.youtube.com\/watch?v=YeT1eTJYTwk\">https:\/\/www.youtube.com\/watch?v=YeT1eTJYTwk<\/a>. Wie wahr! 874 Comments innerhalb nur eines Tages zeigen das gro\u00dfe Interesse am Film, in dem es um die <a href=\"https:\/\/www.freiburg-schwarzwald.de\/blog\/business\/gesund\/corona-virus\/corona-kinder\/\">Kinder<\/a> geht und deren <a href=\"https:\/\/www.freiburg-schwarzwald.de\/blog\/business\/gesund\/corona-virus\/impfung\/\">Impfung<\/a> gegen das <a href=\"https:\/\/www.freiburg-schwarzwald.de\/blog\/business\/gesund\/corona-virus\/\">Covid19-Virus<\/a>.<!--more--><\/p>\n<p>Gem\u00e4\u00df US-Seuchenschutzbeh\u00f6rde CDC \u00fcberleben 99,998% der Kinder und Jugendlichen unter 18 Jahren das Virus \u2013 auch ohne medikament\u00f6se Behandlung. Diese Zahl bildet die Grundthese des Films, auf dessen Website es hei\u00dft:<br \/>\n<em>&#8222;So viele Menschen haben Angst vor der Erkrankung, so viele Angst vor der Impfung, so viele Angst vor dem Verlust ihrer Freiheit.<br \/>\nUnsere Gesellschaft erlebt eine immer gr\u00f6sser werdende Spaltung. Wie werden wir uns jemals wieder verstehen? <\/em><br \/>\n<em>Wir haben diesen Film gemeinsam mit Jugendlichen, \u00c4rzten, Wissenschaftlern und engagierten Menschen aus Kunst und Kultur gemacht, um die unterschiedlichsten Positionen und wissenschaftliche Informationen in Bezug auf die Impfung f\u00fcr Kinder, Jugendliche und Junge Erwachsenen zu beleuchten. <\/em><br \/>\n<em>In diesem Film geht es um alles: Um unsere Kinder und deren Leben im Hier und Jetzt und in der Zukunft; Diesen Film haben Menschen gemacht, die daf\u00fcr Verantwortung \u00fcbernehmen. <\/em><br \/>\n<em>Wir sind niemandem verpflichtet, keiner Organisation, keinem Auftraggeber, keinen Medien, keiner Partei, nur uns selbst und unserem Gewissen. Hier haben sich Menschen zusammengefunden, die das Thema &#8211; Corona-Impfungen f\u00fcr Kinder und Jugendliche aus unterschiedlichen Perspektiven kritisch beleuchten.&#8220; <\/em><br \/>\n<em><a href=\"http:\/\/www.eine-andere-freiheit.com\/\">http:\/\/www.eine-andere-freiheit.com\/<\/a><\/em><\/p>\n<p>Einige Zitate aus dem Film &#8222;Eine andere <a href=\"https:\/\/www.freiburg-schwarzwald.de\/blog\/engagement\/zukunft\/demokratie\/freiheit\/freiheitsrechte\/\">Freiheit<\/a>&#8222;:<br \/>\nTil Schweiger: \u201eF\u00fcr Kinder ist dieses Virus absolut harmlos, und die Gefahr von so einer Impfung, die man noch nicht erforscht hat, ist ungleich h\u00f6her als der Virus selber. Deswegen halte ich das pers\u00f6nlich f\u00fcr entsetzlich.\u201c<\/p>\n<p>Schauspielerin Nina Proll: \u201eIch habe als Mutter die Verantwortung daf\u00fcr, mein Kind vor Aktionismus der Politik \u2013 um eine Scheinsicherheit zu gew\u00e4hrleisten \u2013 zu sch\u00fctzen. Ich bin nicht bereit, mein Kind f\u00fcr dieses Experiment zur Verf\u00fcgung zu stellen.\u201c<\/p>\n<p>Miriam Stein: \u201eWieso braucht man f\u00fcr eine Impfung, die so effektiv ist und die vor einer so gef\u00e4hrlichen Krankheit sch\u00fctzt, eine solche Werbekampagne?\u201c<br \/>\nProf. Dr. Christian Schubert: \u201eDie Impfung der gestressten und traumatisierten Kinder ist so zynisch, das ist so menschenverachtend.\u201c<\/p>\n<p>Prof. Dr. Ulrike Guerot: \u201eEs sollte jedem selbst \u00fcberlassen sein, welches pers\u00f6nliche Risiko er machen m\u00f6chte. Das muss in einer Demokratie freigestellt werden.\u201c<\/p>\n<p>Dr. Martin Hirte: \u201eMan kann die [psychischen] Sp\u00e4tfolgen gar nicht einsch\u00e4tzen. Man nimmt den Kindern die W\u00fcrde. Die Kindern lernen, den Mund zu halten und die Maske zu tragen. Das kann auch Sp\u00e4tfolgen f\u00fcr unsere Demokratie haben, wenn jeder den Mund h\u00e4lt.&#8220;<br \/>\n.<br \/>\nDietrich Br\u00fcggemann:\u00a0 \u201cDieser Tunnelblick von Leuten (Staats- und NGO-Angestellte, &#8230;), die denken, sie seien die Gesellschaft und Twitter sei die \u00f6ffentliche Meinung, das ist die Ursache dieser Krise.&#8220;<br \/>\nEnde Zitate<br \/>\n.<br \/>\nDer Film <a href=\"https:\/\/www.youtube.com\/watch?v=YeT1eTJYTwk\">https:\/\/www.youtube.com\/watch?v=YeT1eTJYTwk<\/a> endet mit der Aufforderung &#8222;Wir m\u00fcssen miteinander reden!&#8220;. Angesichts der zerst\u00f6rten <a href=\"https:\/\/www.freiburg-schwarzwald.de\/blog\/kultur\/medien\/diskussionskultur\/\">Diskussionskultur<\/a> im <a href=\"https:\/\/www.freiburg-schwarzwald.de\/blog\/global\/deutschland\/spaltung\/\">gespaltenen<\/a> Deutschland und dem Medienecho von <a href=\"https:\/\/www.freiburg-schwarzwald.de\/blog\/kultur\/kunst\/satire\/allesdichtmachen\/\">#allesdichtmachen<\/a> ein berechtigter Appell.<br \/>\n10.9.2021<br \/>\n.<\/p>\n<p>Einige Kommentare:<br \/>\nIch bin so dankbar, dass es in diesem ganzem Chaos noch Menschen gibt die sich ihre Klarheit bewahrt haben und weiterhin immer das GANZE betrachten und nicht BLIND nur einem Ton folgen. Niemals h\u00e4tte ich mir ausmalen k\u00f6nnen, dass wir wieder einmal in einer Situation enden k\u00f6nnten, wo Menschen aufs \u00fcbelste denunziert und ausgegrenzt werden, wo Menschen ein Stempel aufgesetzt wird um sie mundtot zu machen. Es ist alles wie in einem nie endenden schlechten Film.<br \/>\n10.9.2021, S.C.<\/p>\n<p>Wenn man schon ein Mal schlechte Erfahrung mit Impfung gemacht hat, so wie Till Schweiger mit seiner Tochter bei der Schweinegrippe, wird man den gleichen Fehler nicht wiederholen. Respekt f\u00fcr Till Schweigers Teilnahme an diesem Film.<br \/>\n10.9.2021, S.M.<\/p>\n<p>Toll, danke euch f\u00fcr den Mut. Es wird dennoch ein Shitstorm losbrechen. Ich denke viele k\u00f6nnen nimmer zur\u00fcck ohne sich in Sack und Asche zu h\u00fcllen.<br \/>\n10.9.021, Kos<\/p>\n<p>Die Kinder sind so beschissen dran. Erst wurden sie benutzt ein schlechtes Gewissen zu machen, weil die Oma t\u00f6ten, \u201eweil sie kleine Tierchen an den H\u00e4nden haben\u201c\u2026 Nun m\u00fcssen sich die \u00fcber 12 impfen lassen, damit die unter 12 sich nicht anstecken! Langsam reicht es echt mal! Die Politiker sind kinderlos! Merkt man\u2026<br \/>\n10.9.021, M. S-O.<\/p>\n<p>Ein absolut guter Film den JEDER sehen MUSS. Ein bildliches Zeitdokument, dass hoffentlich ganz viele Menschen erreicht und zum nachdenken anregt und unsere lang ausgebliebenen bzw. unterdr\u00fcckten Diskussionen aufflammen l\u00e4sst. Vielen herzlichen Dank an die Akteurinnen und Akteure sowie Filmemacher f\u00fcr den gro\u00dfen Mut, sich in dieser schwierigen Zeit zu \u00e4u\u00dfern und Stellung zu beziehen. Die Geschehnisse der letzten 1 1\/2 Jahre M\u00dcSSEN dringend gestoppt werden. Die Mainstream-Medien sollten endlich moralische Verantwortung zeigen und die Menschen objektiv und vor allem mit einer kritischen Berichterstattung \u00fcber die sehr zweifelhaften Impfstoffe informieren.<br \/>\n10.9.2021, A.V.<\/p>\n<p>&#8230; da kommen die Kinder einfach geimpft von der Schule nach Hause<br \/>\nVielen Dank! Stellt genau meine Einsch\u00e4tzung dar. Sehr ber\u00fchrend, vor allem wenn man Kinder hat. Meine Kinder sind noch unter 12 Jahren. Aber gestern war ich in einem Zoom-Meeting mit einer Rechtsanw\u00e4ltin die zur aktuellen Schulsituation berichtet hat. Es gibt F\u00e4lle da kommen die Kinder einfach geimpft von der Schule nach Hause. Gott wie muss es da den Eltern gehen?<br \/>\n10.9.2021, B.K.<\/p>\n<p>&#8230; nach #allesdichtmachen ist dieser Film<br \/>\nDanke an alle Menschen, die die Idee und den Mut zu diesem Film hatten, nach #allesdichtmachen ist dieser Film noch weniger eine Selbstverst\u00e4ndlichkeit. Ich erinnere mich, dass Nina Proll, Til Schweiger, Eva Herzig, Christine Sommer &amp; Dietrich Br\u00fcggemann bei #allesdichtmachen beteiligt waren, die Teilnahme an dieser Dokumentation zeigt wie Ernst es ihnen war und ist.<br \/>\n10.9.2021, Red<\/p>\n<p>Die Debatte-Absichten gl\u00fcckten \u2013 gestern wurde auf ServusTV (Talk im Turm) heftig gestritten, ob Schweiger eine Meinung haben und \u00e4u\u00dfern darf.<br \/>\n<a href=\"https:\/\/www.servustv.com\/a\/podcast-talk-im-hangar-7\/125416\/\">https:\/\/www.servustv.com\/a\/podcast-talk-im-hangar-7\/125416\/<\/a><br \/>\nPeinlich, dass es nicht mehr selbstverst\u00e4ndlich ist \u2013 wozu haben wir im Ostblock f\u00fcr die Meinungsfreiheit gek\u00e4mpft?<br \/>\n10.9.2021, H.M.<br \/>\nEnde Kommentare<\/p>\n","protected":false},"excerpt":{"rendered":"<p>Der 75-min\u00fctige seit 9.9.21 verf\u00fcgbare Film &#8222;Eine andere Freiheit&#8220; endet mit den Worten &#8222;Wir m\u00fcssen miteinander reden&#8220; https:\/\/www.youtube.com\/watch?v=YeT1eTJYTwk. Wie wahr! 874 Comments innerhalb nur eines Tages zeigen das gro\u00dfe Interesse am Film, in dem es um die Kinder geht und &hellip; <a href=\"https:\/\/www.freiburg-schwarzwald.de\/blog\/eine-andere-freiheit\/\">Weiterlesen <span class=\"meta-nav\">&rarr;<\/span><\/a><\/p>\n","protected":false},"author":2,"featured_media":0,"comment_status":"open","ping_status":"closed","sticky":false,"template":"","format":"standard","meta":{"footnotes":""},"categories":[433,18,181,158,60,61,13,119,80,171],"tags":[700,749,521,682,488,720,348],"class_list":["post-94626","post","type-post","status-publish","format-standard","hentry","category-arzt","category-bildung","category-buergerbeteiligung","category-gesund","category-jugend","category-kinder","category-kultur","category-kunst","category-medien","category-verbraucher","tag-corona","tag-diskussionskultur","tag-family","tag-freiheit","tag-child","tag-medien","tag-medizin"],"_links":{"self":[{"href":"https:\/\/www.freiburg-schwarzwald.de\/blog\/wp-json\/wp\/v2\/posts\/94626","targetHints":{"allow":["GET"]}}],"collection":[{"href":"https:\/\/www.freiburg-schwarzwald.de\/blog\/wp-json\/wp\/v2\/posts"}],"about":[{"href":"https:\/\/www.freiburg-schwarzwald.de\/blog\/wp-json\/wp\/v2\/types\/post"}],"author":[{"embeddable":true,"href":"https:\/\/www.freiburg-schwarzwald.de\/blog\/wp-json\/wp\/v2\/users\/2"}],"replies":[{"embeddable":true,"href":"https:\/\/www.freiburg-schwarzwald.de\/blog\/wp-json\/wp\/v2\/comments?post=94626"}],"version-history":[{"count":4,"href":"https:\/\/www.freiburg-schwarzwald.de\/blog\/wp-json\/wp\/v2\/posts\/94626\/revisions"}],"predecessor-version":[{"id":94641,"href":"https:\/\/www.freiburg-schwarzwald.de\/blog\/wp-json\/wp\/v2\/posts\/94626\/revisions\/94641"}],"wp:attachment":[{"href":"https:\/\/www.freiburg-schwarzwald.de\/blog\/wp-json\/wp\/v2\/media?parent=94626"}],"wp:term":[{"taxonomy":"category","embeddable":true,"href":"https:\/\/www.freiburg-schwarzwald.de\/blog\/wp-json\/wp\/v2\/categories?post=94626"},{"taxonomy":"post_tag","embeddable":true,"href":"https:\/\/www.freiburg-schwarzwald.de\/blog\/wp-json\/wp\/v2\/tags?post=94626"}],"curies":[{"name":"wp","href":"https:\/\/api.w.org\/{rel}","templated":true}]}}