{"id":94610,"date":"2021-09-10T13:41:39","date_gmt":"2021-09-10T11:41:39","guid":{"rendered":"https:\/\/www.freiburg-schwarzwald.de\/blog\/?p=94610"},"modified":"2021-09-10T16:52:53","modified_gmt":"2021-09-10T14:52:53","slug":"luxuskinder-auch-luxuseltern","status":"publish","type":"post","link":"https:\/\/www.freiburg-schwarzwald.de\/blog\/luxuskinder-auch-luxuseltern\/","title":{"rendered":"Luxuskinder &#8211; auch Luxuseltern?"},"content":{"rendered":"<p>Als &#8222;die wohlstandsverwahrlosten Luxuskinder&#8220; beschreibt Carlos A. Gebauer die heutige <a href=\"https:\/\/www.freiburg-schwarzwald.de\/blog\/generation-z-anpassung\/\">Mimimi<\/a>&#8211;<a href=\"https:\/\/www.freiburg-schwarzwald.de\/blog\/selbsthilfe\/familie\/generationen\/\">Generation<\/a>, f\u00fcr die das Diktum &#8222;Erfahrung macht klug&#8220; nicht mehr zu gelten scheint, da alles <a href=\"https:\/\/www.freiburg-schwarzwald.de\/blog\/bei-uns-sind-kinder-nur-objekte\/\">selbstverst\u00e4ndlich<\/a> ist. Aber gilt dieses unhinterfragte &#8222;Bei uns kommt der Strom <a href=\"https:\/\/www.freiburg-schwarzwald.de\/blog\/politikerinnen-nachwuchs\/\">aus der Steckdose<\/a>&#8220; nicht auch f\u00fcr deren Eltern?<br \/>\n<!--more-->Schlie\u00dflich ist <a href=\"https:\/\/www.freiburg-schwarzwald.de\/blog\/wohlstandsverwahrlosung\/\">Wohlstandsverwahrlosung<\/a> nicht an das Lebensalter gekn\u00fcpft. Wie dem auch sei &#8211; es tut gut, einen geistreichen Beitrag zu einem <a href=\"https:\/\/www.freiburg-schwarzwald.de\/blog\/global\/integration\/kompetenz\/\">ernsten<\/a> <a href=\"https:\/\/www.freiburg-schwarzwald.de\/blog\/engagement\/zukunft\/demokratie\/naivitaet\/\">Problem<\/a> zu lesen und danach noch ein L\u00e4cheln im Gesicht zu haben.<br \/>\n10.9.2021<\/p>\n<p>.<\/p>\n<p><strong>Kurze Rede an die wohlstandsverwahrlosten Luxuskinder<\/strong><br \/>\nEine Generation, die nicht mehr wei\u00df, was k\u00f6rperliche Arbeit ist, bek\u00e4mpft den Motor und setzt auf Muskelkraft. Es ist die Generation Zentralheizung, die glaubt, W\u00e4rme komme einfach aus der Wand.<br \/>\nDie Generation, die nie Kohle aus dem Keller in den f\u00fcnften Stock geschleppt hat, um es warm zu haben. Ohne Aufzug.<br \/>\nDie Generation, die nicht einmal mehr den Satz auf den M\u00fclltonnen kennt \u201eKeine hei\u00dfe Asche einf\u00fcllen\u201c.<br \/>\nEine Generation, die jeden erdenklichen Luxus \u2013 von der Waschmaschine \u00fcber den W\u00e4schetrockner bis zur Sp\u00fclmaschine und von der elektrischen Zahnb\u00fcrste \u00fcber den Akkurasierer bis zum Kaffeevollautomaten \u2013 f\u00fcr naturgegeben h\u00e4lt.<br \/>\nEs ist diese Generation, die nun ganze St\u00e4dte zu Fu\u00dfg\u00e4ngerzonen umbauen will, damit die alternde Bev\u00f6lkerung ihre Wasserk\u00e4sten m\u00f6glichst nicht nach Hause transportieren kann, sondern Flasche f\u00fcr Flasche einkaufen muss; so wie sie auch jede einzelne Flasche aus dem M\u00fcll fischt, um das Pfand in Rente zu wechseln.<\/p>\n<p>Die wohlstandsverwahrlosten Luxuskinder, deren Schwei\u00df bislang allenfalls im Fitnessstudio floss. All diese Entschleuniger und Natureinklangsfetischisten, die Work-Life-Balancierer und Latte-Macchiato-Jonglierer werden lernen: Motors\u00e4gen und Elektrobohrer, Fahrst\u00fchle und Lkws, sie alle wurden nicht erfunden, um das Biotop des dreifach gef\u00e4cherten Wildlurchs oder das Habitat der fluoreszierenden Zwerglaus zu st\u00f6ren, sondern um den endlosen Schmerz, die \u00e4chzende Pein und das zerrende Keuchen bei der Bew\u00e4ltigung allt\u00e4glichen Tuns zu reduzieren, um das Leben lebenswerter und die Welt freundlicher zu gestalten.<\/p>\n<p>Ich wage vorauszusehen: Erst wenn Ihr Euer letztes Bettgestell, Eure letzte Schrankwand, Euren letzten Bierkasten und Euren letzten Gartengrill im Nieselregen eines Herbstnebeltages auf dem Lastenfahrrad den Berg hochgezerrt habt, werdet Ihr begreifen, warum Opa froh war, ein Auto zu besitzen.<br \/>\nUnd wenn Ihr dann in einer anschlie\u00dfenden Zwischenphase wieder zwischen Bergen von Pferde\u00e4pfeln \u00fcber die Stra\u00dfen geh\u00fcpft seid, dann kommt der Tag, an dem Ihr Euer Lastenfahrrad in einem gl\u00fccktriefenden Moment zum Sperrm\u00fcll stellt.<br \/>\nSei\u2019s drum: Jede Generation hat das Recht, aus ihrer eigenen Dummheit zu lernen. Schmerzen sind der beste Lehrer.<br \/>\n&#8230; Alles vom 9.9.2021 von Calos A. Gebauer bitte lesen auf<br \/>\n&#8222;eigent\u00fcmlich frei&#8220; <a href=\"https:\/\/ef-magazin.de\/\">https:\/\/ef-magazin.de\/<\/a><\/p>\n<p><em>Carlos Alexander Gebauer, geb. 1964 in D\u00fcsseldorf, ist Rechtsanwalt, Fachanwalt f\u00fcr Medizinrecht und Publizist. Er wurde als Darsteller der seit 2002 ausgestrahlten RTL-Gerichtssendung \u201eDas Strafgericht\u201c einer breiteren \u00d6ffentlichkeit bekannt. Als FDP-Mitglied war er einer der Initiatoren des Mitgliederentscheides gegen den europ\u00e4ischen Stabilit\u00e4tsmechanismus, der Ende 2011 knapp scheiterte. Im Juni 2015 w\u00e4hlte ihn die Friedrich-August-von-Hayek-Gesellschaft zu ihrem Stellvertretenden Vorsitzenden. Seit 2019 ist er stellvertretender Vorsitzender im Zweiten Senat des Anwaltsgerichtshofes NRW. Zuletzt ver\u00f6ffentlichte er das Buch \u201eDie W\u00fcrde des Menschen im Gesundheitssystem\u201c.<\/em><br \/>\n.<br \/>\nEinige Kommentare:<br \/>\n<strong>Jede Generation hat das Recht, aus ihrer eigenen Dummheit zu lernen.<\/strong><br \/>\nSchmerzen sind der beste Lehrer. Schmerzen werden Gretchen Thunberg, Luischen Neubauer , Paulinchen Br\u00fcnger , Carlachen Reemtsma , Carola Rackete, Annalenchen Baerbock und wie sie alle heissen, niemals haben. Ihre Dummheit wird ebenso zum Schmerz der anderen wie ihre Forderungen nach Verzicht und Einschr\u00e4nkungen. W\u00e4hrend also irgendwann die wohlstandsverwahrlosten Luxuskinder aus der Dummheit ihrer \u201cId\u00f6lchen\u201d lernen m\u00fcssen, schlozt Kathi Schulze in Kalifornien bereits ihr zweits Eis aus Plastikeisbecher mit Plastikl\u00f6ffel. Und irgendwo wird eine Politiker:in mit Drang nach oben t\u00f6nen, dass die Sozialisation der Klimabewegten ein politischer Irrtum gewesen sei &#8230;. \u201eeine Zeit des Erwachsenwerdens und der Losl\u00f6sung vom Elternhaus\u201c und als \u201eBeginn des selbstst\u00e4ndigen Denkens und der selbstst\u00e4ndigen Entscheidungen\u201c.<br \/>\n9.9.2021, B.Z.<\/p>\n<p><strong>\u201cSchmerzen sind der beste Lehrer.\u201d &#8211; &#8211; &#8211;<\/strong><br \/>\nDer Schmerz \u00fcber den WK II hielt bis Ende der 80er. Die Scham \u00fcber den SED-Terrorstaat, hielt bis 2005. Im Schnitt alle 25 Jahre verlangts den Deutschen nach ihrer gr\u00f6\u00dften, zeitgeschichtlich \u00fcbergreifenden Konstante. Dem staatlichen Totalzusammenbruch. Dieser hier, seit 9\/15 offen betriebene, wird in diesem Jahrtausend, vielleicht sogar f\u00fcr immer, der letzte bleiben. Die Weltgeschichte ist reich an Beispielen von Hochkulturen, die sich vom Einfall des Islam nie mehr erholen sollten. Weshalb wir islamisiert werden und der Islam in China ausgerottet wird. Aber nur dort. Bei uns erf\u00fcllt er voll und ganz seine Erwartungen: Sicherzustellen, da\u00df sich nie wieder eine b\u00fcrgerliche Gesellschaft wird entwickeln k\u00f6nnen, die Gottkaiser der CCP in Frage zu stellen.<br \/>\n9.9.2021, H.U.<\/p>\n<p><strong>\u201cJede Generation hat das Recht, aus ihrer eigenen Dummheit zu lernen \u201c<\/strong><br \/>\nWenn nur nicht diese Dummheit allen anderen Generationen schwersten Schaden zuf\u00fcgen w\u00fcrde ! Deshalb kann ich diesen \u201csozialisierten\u201d Satz nicht akzeptieren. Die Frage ist, wer ist d\u00fcmmer ? Die junge Generation oder ihre Eltern ? Oder vielleicht die Gro\u00dfeltern, die den schwarzen Sozialismus Merkelscher Pr\u00e4gung f\u00fcr erstrebenswert halten ? Geschichte abgew\u00e4hlt ?<br \/>\n9.9.2021, O.N.<\/p>\n<p><strong>&#8230; t\u00e4gliche Gehirnw\u00e4sche durch Medien und Lehrer<\/strong><br \/>\nNicht, dass mir diese Schranzen leidtun w\u00fcrden, Gott bewahre! Aber eigentlich k\u00f6nnen sie ja nichts daf\u00fcr; sie sind einer t\u00e4glichen Gehirnw\u00e4sche durch Medien und Lehrer ausgesetzt und ihre Eltern sind zu faul oder zu ignorant um sich mit ihnen auseinanderzusetzen. Wer dann noch das Pech hat mit einer geistig umnachteten Oma geschlagen zu sein, die mit ihm in die Schlacht zur Rettung des Klimas und gegen Rechts zieht, der ist wirklich nicht zu beneiden. Nachdem ihnen also in Elternhaus und Schule jeder Ansatz von selbst\u00e4ndigen Denken gr\u00fcndlich ausgetrieben wurde, sind sie zu einem Dasein verdammt, in welchem sie nie mehr die Lebensqualit\u00e4t ihrer Eltern und Gro\u00dfeltern erreichen werden. Ich glaube, dass es in der Geschichte der Menschheit noch niemals eine Generation gab, die so viel f\u00fcr ihre Kinder erreichen wollte und ihnen dabei derma\u00dfen Schaden zuf\u00fcgt. Dass man sie jetzt zum Abspritzen freigibt, rundet das Bild ab.<br \/>\n9.9.201, H.R.<\/p>\n<p><strong>Luxuskinder mit deren sp\u00e4tdekandenter \u201cProblem\u201d-Orientierung<\/strong><br \/>\nHallo Herr Gebauer &gt; Sie haben absolut den Nagel auf den Kopf getroffen mit Ihrer berechtigten Anklage gegen die wohlstandsverwahrlosten Luxuskinder mit deren sp\u00e4tdekandenter \u201cProblem\u201d-Orientierung in Baumh\u00e4usern, h\u00fcpfend auf der Stra\u00dfe oder wo auch immer. Mit solchen Bequemlichkeits-Protagonisten in Politik und freier Wildbahn wird es zwangsl\u00e4ufig sehr \u00fcbel enden f\u00fcr unsere ehemals freie Gesellschaft.<br \/>\nAngesichts der von Ihnen so anschaulich in Erinnerung gebrachten Aufbauleistungen fr\u00fcherer Generationen kam mir spontan in den Sinn, wie ich mir zB mangels jeglicher Unterst\u00fctzung durch die Eltern meine W\u00fcnsche nach dem ersten Moped mit 16, nach meiner ersten E-Bass-Gitarre mit 14 usw. usw. jeweils durch unbeirrte, langwierige und flei\u00dfige \u201cKinderarbeit\u201d (die ja heute zum \u201cVollschutz\u201d f\u00fcr die Verw\u00f6hnten verboten ist) durch Ferienjobs zum Beispiel in der Fabrik und auf dem Bau zusammenverdient habe, w\u00e4hrend andere Altersgenossen in Urlaub waren. Das hat mir aber auch \u00fcberhaupt gar nicht geschadet &#8211; im Gegenteil bin ich bis heute sehr stolz darauf und f\u00fcr mich als Volljurist sind diese Erfahrungen bis zum heutigen Tage ein unverzichtbares Bindeglied zu vielen anderen, teils schwer arbeitenden Gesellschaftskreisen, mit deren Befindlichkeiten ich seither durch eigenes Erleben vertraut bin.<br \/>\n9.9.2021, H.H.<\/p>\n<p><strong>So ist es! Trotzdem habe ich meine Zweifel<\/strong><br \/>\nob diese Generation \u00fcberhaupt noch lernf\u00e4hig sein wird. Man braucht sich einige von denen nur mal anzuschauen. Verw\u00f6hnt, verblendet, verweichlicht. Sie werden irgendwelche Schuldigen suchen, weil sie einfach nicht begreifen k\u00f6nnen das es gr\u00f6\u00dftenteils ihre eigene Schuld ist, das es so gekommen ist. Ohne Auto, ohne Strom (evtl. mit E-Auto, n\u00fctzt dann aber nix), folglich dann auch ohne Computer und Smartphone und ohne Heizung, ist diese Generation im Prinzip erledigt. Nada, nicht lebensf\u00e4hig! Die kriegen ohne Streichholz nicht mal ein Lagerfeuer in Gang. Dann werden sie hoffentlich merken das man mit Parolen kreischen und h\u00fcpfen f\u00fcr\u2019s Klima, statt in die Schule zu gehen, nicht satt wird. Deren Land und Leben wird sich ver\u00e4ndern und ich freue mich schon darauf! Von mir gibt es jedenfalls keine Tipps und keine Hilfe. Immerhin bin ich ja ein b\u00f6ser, alter, wei\u00dfer Mann, ein \u201cSozialsch\u00e4dling\u201d, ohne die toxische Impfbr\u00fche in den Adern.<br \/>\n9-.9.2021, G.K.<\/p>\n<p><strong>Als die Sowjetunion zusammengekracht ist<\/strong><br \/>\nund die ganze Fehlleistung der Sozialisten ans Licht kam, hat man im Westen nicht als Sieger so weitergemacht wie bisher, im Streben immer etwas noch Besseres zu leisten, einfach ohne den St\u00f6rfaktor SU, nein, man wurde \u00fcberheblich, relativierte die eigene St\u00e4rke und das eigene System, und wollte ein Bessermensch werden. Es ist geschafft.<br \/>\n9.9.2021, M.G.<\/p>\n<p><strong>\u201cDie wohlstandsverwahrlosten Luxuskinder\u2026\u201d<\/strong><br \/>\n&#8230;.sitzen leider in den h\u00f6chsten \u00c4mtern! Das sind Schmerzen!<br \/>\nDiese Wohlstandsverwahrlosten werden aber f\u00fcr die Folgen ihres Handelns nicht die Verantwortung \u00fcbernehmen.<br \/>\n9.9.2021, L.K.<\/p>\n<p><strong>Absolut (zu-) treffend! Das Dreigenerationengesetz in Anwendung:<\/strong><br \/>\nDie erste Generation bauts auf, die zweite erh\u00e4lts, die dritte rei\u00dfts ab. Man muss sich wohl damit abfinden, dass es so ist. Allerdings hat im aktuellen Dreigenerationenzyklus die zweite Generation schon einen erheblichen Anteil am Abriss des Systems, da sie der dritten Generation nicht vermittelt (vermitteln wollen), welche Anstrengungen es erfordert hat, das System soweit aufzubauen, dass das Leben so bequem ist, wie es eben ist.<br \/>\n9.9.2021, s.B.<\/p>\n<p><strong>Es ist die Generation, die glaubt, Faseln von Genderwissenschaft<\/strong><br \/>\nw\u00e4re ein eintr\u00e4gliches Zukunftsmodell. Es ist die Generation, die wegen Schuleschw\u00e4nzen am Freitag schon beim Dreisatz Probleme hat, und daher nicht einmal ansatzweise in der Lage ist, bei einem chaotischen Gleichungsmodell die ans Absurde gehenden Grenzen des Klimamodells auch nur zu erahnen. Es ist die Generation, die glaubt, mit Teddyb\u00e4renwerfen am Bahnhof werden Frauensch\u00e4nder und Messerstecher zu Gutmenschen. Es ist die Generation, die glaubt, sich als gesunde Menschen vom Staat in Quarant\u00e4ne stecken zu lassen sei ein Beitrag zur Volksgesundheit.<br \/>\nFr\u00fcher w\u00e4ren viele von diesen Studenten irrwitziger Orchideenf\u00e4chern (bei denen selbst die meisten Repr\u00e4sentanten einer besonders bevormundungsgeilen Partei scheitern) froh, wenn sie einen Job als Taxifahrer bekommen h\u00e4tten. Heute glaubt dieses akademische Pr\u00e4kariat, in diesem Land den Ton angeben zu k\u00f6nnen.<br \/>\n9.9.021, R.B.<\/p>\n<p><strong>Ich halte nichts von den Pauschalverurteilungen junger Menschen,<\/strong><br \/>\nwie oben beschrieben. Es gibt jede Menge junger Menschen, die ihren Platz in der Gesellschaft suchen, die durch Flei\u00df und Einsatz eine Position zum Erwerb ihres Lebensunterhaltes anstreben. Diesen jungen Menschen ist durchaus bewusst, dass all diese beschriebenen Erleichterungen im Leben nicht vom Himmel gefallen sind, dass alles erworben wurde und gesichert werden muss. Es geht um eine ganz bestimmte Klientel von Kindern einer Wohlstandsverwahrlosung der Elterngeneration. Kein Kind ist einfach so ohne Sozialisation.<br \/>\n9.9.2021, W.ScH<\/p>\n<p><strong>Keine Kindheitsgeneration in den zur\u00fcckliegenden<\/strong><br \/>\nwestdeutschen\/gesamtdeutschen 75 Jahren wurde so missbraucht und massenhaft vergewaltigt von \u201cMa\u00dfnahmen\u201d, wie diese aktuelle Kindheit unter 12 \/ 16. Das vollst\u00e4ndige politische System mutierte mittels Corona ab Fr\u00fchling 2020 zum Staatsp\u00e4derasten! Kindersch\u00e4ndung ist aktuell ein erkl\u00e4rtes Staatsziel. Es wird umgesetzt mit all der Brutalit\u00e4t, zu der Ordnungsdienste, angestiftet, berechtigt sind. Die Annalenas \u201cin chrage\u201d &#8211; und man muss sich einmal geben, wie deftig Coronapolitk nach Baerbocks Vorstellung noch zuschlagen soll! &#8211; sind Kindersch\u00e4nder. So etwas wie die Millennials &#8211; Luxuskinder &#8211; kommt nicht wieder nach. 2020\/21 ist Kulturbruch. Die \u201cNachhaltigkeit\u201d hat sich selbst abgeschnitten und kastriert! Gnade diesen Nachgeborenen &#8211; ausgeliefert und vollkommen verloren! Mein Mitleid. Was h\u00e4tte ich Euch denn sonst noch \u00fcbrig.<br \/>\n9.9.2021, H.P.<\/p>\n<p><strong>Meine Eltern wurden in den 1940ern geboren<\/strong><br \/>\nund kennen noch die von vielen Kommentatoren angesprochenen Strapazen. Ich selbst musste noch nach drau\u00dfen, wenn ich auf Toilette wollte (immerhin schon mit Sp\u00fclung)! Ich m\u00f6chte jedoch zu bedenken geben, dass seit der Geburt der Kriegskinder schon \u00fcber 70 Jahre ins Land gezogen sind! Die Jugendlichen von heute sind die Kinder ihrer Kinder. Diese junge Generation ist nicht vom Himmel gefallen, sie ist in Mehrheit das Erbe auch Ihrer Generation, liebe Mitkommentatoren! In den Nachkriegsjahren hat sich das konservative Spektrum, auch das Intellektuelle, Mehrheitlich aus dem Universit\u00e4ren Umfeld zur\u00fcckgezogen. Selbstbest\u00e4tigung der Vordenker und Eliten wurde mehrheitlich im Privaten und in der freien Wirtschaft und nicht im philosophischen Wettstreit mit den aufkommenden der heute als links oder linksradikalen bezeichneten Str\u00f6mungen gesucht. Man versuchte den 68ern mit v\u00e4terlicher Strenge beizukommen, tat aber nichts der jungen Generation einen nachhaltigen, ansprechenden, konservativen Gegenentwurf zu pr\u00e4sentieren. Hierzu h\u00e4tte man sich mit dem Trauma der NS-Zeit auseinandersetzen m\u00fcssen und mit den durch die Nationalsozialisten pervertierten Ideale und Ideen. Weil keine konservativen Denker an den Universit\u00e4ten nachr\u00fcckten, wurde der \u201eMarsch durch die Institutionen\u201c erst m\u00f6glich.<br \/>\n9.9.2021, F.D.<\/p>\n<p><strong>Luxusverwahrloste (ich gehe davon aus, dass sie Gr\u00fcnenw\u00e4hler sind) &#8230;<\/strong><br \/>\nDie d\u00fcstere Zukunft betrifft nicht nur die Wohlstandsbrut, sondern uns ALLE. W\u00e4re sch\u00f6n, wenn nur die jungen M\u00f6chtegernweltretter ihre Lektionen lernen m\u00fcssten. Ich als Frau Mitte 50 habe jedenfalls keinen Bock, dem gr\u00fcnen ideologischen, idiotischen Machwerk mein Lebensniveau zu opfern. Ich soll mir von einer unsympatischen, \u00fcberheblichen Gruppierung namens GR\u00dcNE, die alters- und intelligenzm\u00e4\u00dfig unter mir rangieren, vorschreiben lassen, wie ich zu leben habe? Das mag bei den beschriebenen Luxusverwahrlosten (ich gehe davon aus, dass sie Gr\u00fcnenw\u00e4hler sind) funktionieren, die nicht kapieren, auf WAS sie sich mit ihrer Wahl einlassen. Anscheinend muss es die Handy-Klimah\u00fcpfer-Dumpfbackengeneration auf die harte Tour lernen. Mal sehen, was dann vom arroganten Idealismus noch \u00fcbrig bleibt!!!<br \/>\n9.9.2021, S.M.<\/p>\n<p><strong>Studenten suchen einen warmen Arbeitsplatz im \u00f6ffentlichen Dienst,<\/strong><br \/>\nBeamte w\u00e4hlen gr\u00fcn und Schulkinder schreiben keine Klassenarbeit, sondern demonstrieren f\u00fcr eine Zukunft, die sich selber verbauen. Fr\u00fcher zu Zeiten der RAF und anderer Terrorgruppen war die Gesellschaft Schuld, heute sind es der \u201cKlimawandel\u201d, Eltern, Gro\u00dfeltern und alte wei\u00dfe M\u00e4nner. Unsere \u00c4mter \u201cz\u00fcchten\u201d die Problemf\u00e4lle, die sie eigentlich verhindern sollen, unsere Politiker haben die Sozial\u00e4mter f\u00fcr die ganze Welt ge\u00f6ffnet und f\u00fcr die Arbeit, wo man zupacken muss und dreckig werden kann, holt man \u201cGastarbeiter\u201d. Trotz \u00fcber 6 Millionen arbeitsf\u00e4higer Leistungsempf\u00e4nger fehlen \u00fcberall \u201cFacharbeiter\u201d<br \/>\n9.9.2021, H.J.<\/p>\n<p><strong>Da ich zu der kritisierten Generation geh\u00f6re:<\/strong><br \/>\nWas genau werfen Sie uns nun eigentlich kollektiv vor, und womit belegen Sie das? Ich lese in Ihrem ganzen Artikel nur \u00fcberspitzte Forderungen, die niemand in meinem Bekanntenkreis unterst\u00fctzen w\u00fcrde. Einverstanden, \u00dcbertreibung ist ein legitimes Mittel um auf grunds\u00e4tzlich Falsches aufmerksam zu machen, aber sind Sie sich sicher, dass Sie entsprechend weniger rigorose Forderungen auch noch so klar ablehnen w\u00fcrden? Insgesamt finde ich es schade, dass jemand, der wie Sie bei anderen Themen (z.B. der Missachtung von Grundrechten in der sogenannten Pandemie) so differenziert argumentiert, sich an dieser Stelle so aggressiv, unsachlich und unvers\u00f6hnlich gibt. Und alle Leser, die das guthei\u00dfen, m\u00f6chte ich einladen sich selbst einmal auf eine gewisse Doppelmoral hin zu untersuchen.<br \/>\n9.9.2021, P.S.<\/p>\n<p><strong>Wunderbarer, ironischer Artikel!<\/strong><br \/>\nOb die hier zutreffend beschriebene Generation tats\u00e4chlich in der Lage sein wird aus ihrer aktuellen Dummheit zu lernen, da habe ich massive Zweifel. Diese Generation ist vollkommen intellektuell degeneriert, der wird jedes Umdenken unm\u00f6glich sein! &#8230;<br \/>\nWenn Europa wieder einmal in Tr\u00fcmmern liegt, ist es eh der Hassan, der den Wohlstandskindern sagt, wohin sie die Shisha stellen d\u00fcrfen. Und Mathe brauchen sie dann auch nicht mehr.<br \/>\n9.9.021, K.B.<\/p>\n<p><strong>Blick zur\u00fcck im Zorn auf meine eigene Generation<\/strong><br \/>\nSch\u00f6n, wenn die Achse den legend\u00e4ren Carlos von \u201ceigent\u00fcmlich frei\u201d entdeckt- gleichwohl: In mir provoziert es einen Blick zur\u00fcck im Zorn auf meine eigene Generation. Waren es nicht wir aus der 68er-\u00c4ra, die als langhaarige Vollpfosten die rote Mao-Bibel schwenkten, \u201cStreet fighting men\u201d gr\u00f6lten, verklemmt von den fuck-ins in der \u201ckommune 2\u201d tr\u00e4umten und die gr\u00fcne H\u00f6llenbrut aus der Taufe hoben? Obwohl mit anst\u00e4ndigem R\u00fcstzeug noch an den Universit\u00e4ten ausgebildet, so doch bereits unseren antiautorit\u00e4r verzogenen Blagen erlaubten, Idiotenstudieng\u00e4nge wie Soziopolito und Ged\u00f6ns zu absolvieren, anstatt ihnen sofort den Geldhahn zuzudrehen, sie obendrein mit Enten und K\u00e4fern statt Fahrr\u00e4dern ausstatteten?<br \/>\nSind nicht wir es gewesen, die sich \u201cAtomkraft-nein danke\u201d an die Autos pappten und SPD w\u00e4hlten? Und \u201cklammheimliche Freude\u201d bei den RAF-Morden empfanden? Statt Schopenhauer Leichtmatrosen wie B\u00f6ll oder den uns\u00e4glichen Grass lasen und uns Adornogeschwurbel als der Weisheit letzten Schlu\u00df verkaufen lie\u00dfen? Von nichts kommt nichts. Wie k\u00f6nnen wir uns einbilden, aus der Enkelgeneration als Warmduscher-Schlemihle in 2. Generation w\u00fcrde mehr als lila Brei, der die geringste Leistungsanforderung als Affront auffasst und nach Enteignung schreit? Wir stehen am Vorabend ihrer totalen Machtergreifung. Die Gnade einer fr\u00fchen Geburt wird uns nicht mehr zuteil und wir werden aufs Alter noch Armaggedon zu schmecken kriegen. Recht so.<br \/>\n9.9.2021, H.S.<\/p>\n<p><strong>&#8230; nicht weiterdenken k\u00f6nnen?<\/strong><br \/>\nMan fragt sich, warum insbesondere junge, nicht ungebildete Menschen nicht weiterdenken k\u00f6nnen. Solch ein Verhalten wie hier beschriebe mag ja sogar Spa\u00df machen, wenn man sonst keine weiteren Sorgen hat. Aber irgendwann muss man auch einmal etwas leisten, ein halbes Volk von Nichtsnutzen werden die wenigen Flei\u00dfigen nicht mehr ern\u00e4hren k\u00f6nnen und auch wollen.<br \/>\n9.9.2021, N.B.<\/p>\n<p><strong>Man braucht offenbar Erfahrungen des Mangels<\/strong><br \/>\nMeine ersten zehn Lebensjahre wohnte, nein, hauste meine Familie im Seitenfl\u00fcgel auf tr\u00fcbem Hinterhofterrain in der ruinierten Hauptstadt. Ofenheizung und einfache Verglasung sorgten bei dreiseitigen, unverputzten Au\u00dfenw\u00e4nden in der kalten Jahreszeit f\u00fcr arktische Zimmertemperaturen, so da\u00df mich meine Mutter morgens vor dem Anheizen mit Pudelm\u00fctze und Handschuhen zum \u201cAuftauen\u201d vor einen Heizstrahler setzte. In der K\u00fcche die vorsinflutliche \u201cKochmaschine\u201d, ein Wasserhahn mit gu\u00dfeisernem Abflu\u00df. K\u00f6rperpflege mit Wasser aus der Sch\u00fcssel, Klo, halbe Treppe h\u00f6her im Hausflur, das man sich mit anderen Mietern teilte. Wannenb\u00e4der mit Vater zusammen in der st\u00e4dtischen Badeanstalt. Selbst heute noch wei\u00df ich ein eigenes Badezimmer mit warmem Wasser aus der Wand nebst Zentralheizung zu sch\u00e4tzen. Man braucht offenbar solche Erfahrungen des Mangels.<br \/>\n9.9.2021, D-R-<\/p>\n<p><strong>Wer sich nicht um seine Zukunft k\u00fcmmert<\/strong><br \/>\nund nur auf seinem Patschkastel herumstochert, dem geschieht es ganz recht. Ich kenne das alles noch. Die Sommer ohne K\u00fchlschrank, den Waschkessel im Waschhaus plus 2 bis 3 Waschtage, den Dreck mit der Asche usw. usf. Ich habe auch mit meiner Mutter mit W\u00e4gelchen Pferde\u00e4ppel f\u00fcr den Garten sammeln m\u00fcssen. Fragen Sie nicht, wie ich mich als kleines Kind gesch\u00e4mt habe. Das ist mir noch sehr in Erinnerung. Aber, wie hei\u00dft es doch so sch\u00f6n, wie man sich bettet, so liegt man. Wenn wir von fr\u00fcher erz\u00e4hlen, h\u00f6rt ja keiner mehr hin. Ach die Alten, wem interessiert das schon. Ich habe fr\u00fcher von den \u00e4lteren Menschen in meiner Umgebung, aus deren Erz\u00e4hlungen viel gelernt. Heute achtet man keinerlei Erfahrungen mehr und wenn man mal einen guten Ratschlag geben will, sieht man dem Gesicht schon an, dass es von den J\u00fcngeren niemanden interessiert. Sie wissen alles besser, sie k\u00f6nnen alles besser, also bittesch\u00f6n, dann sollen sie auch daf\u00fcr bluten.<br \/>\n9.9.2021, P.W.<br \/>\nEnde Kommentare<\/p>\n","protected":false},"excerpt":{"rendered":"<p>Als &#8222;die wohlstandsverwahrlosten Luxuskinder&#8220; beschreibt Carlos A. Gebauer die heutige Mimimi&#8211;Generation, f\u00fcr die das Diktum &#8222;Erfahrung macht klug&#8220; nicht mehr zu gelten scheint, da alles selbstverst\u00e4ndlich ist. Aber gilt dieses unhinterfragte &#8222;Bei uns kommt der Strom aus der Steckdose&#8220; nicht &hellip; <a href=\"https:\/\/www.freiburg-schwarzwald.de\/blog\/luxuskinder-auch-luxuseltern\/\">Weiterlesen <span class=\"meta-nav\">&rarr;<\/span><\/a><\/p>\n","protected":false},"author":2,"featured_media":0,"comment_status":"open","ping_status":"closed","sticky":false,"template":"","format":"standard","meta":{"footnotes":""},"categories":[18,58,60,13,95],"tags":[382,409,521,170,488,515,388],"class_list":["post-94610","post","type-post","status-publish","format-standard","hentry","category-bildung","category-familie","category-jugend","category-kultur","category-schulen","tag-arbeit-working","tag-armut","tag-family","tag-generationenvertrag","tag-child","tag-konsum","tag-social"],"_links":{"self":[{"href":"https:\/\/www.freiburg-schwarzwald.de\/blog\/wp-json\/wp\/v2\/posts\/94610","targetHints":{"allow":["GET"]}}],"collection":[{"href":"https:\/\/www.freiburg-schwarzwald.de\/blog\/wp-json\/wp\/v2\/posts"}],"about":[{"href":"https:\/\/www.freiburg-schwarzwald.de\/blog\/wp-json\/wp\/v2\/types\/post"}],"author":[{"embeddable":true,"href":"https:\/\/www.freiburg-schwarzwald.de\/blog\/wp-json\/wp\/v2\/users\/2"}],"replies":[{"embeddable":true,"href":"https:\/\/www.freiburg-schwarzwald.de\/blog\/wp-json\/wp\/v2\/comments?post=94610"}],"version-history":[{"count":4,"href":"https:\/\/www.freiburg-schwarzwald.de\/blog\/wp-json\/wp\/v2\/posts\/94610\/revisions"}],"predecessor-version":[{"id":94614,"href":"https:\/\/www.freiburg-schwarzwald.de\/blog\/wp-json\/wp\/v2\/posts\/94610\/revisions\/94614"}],"wp:attachment":[{"href":"https:\/\/www.freiburg-schwarzwald.de\/blog\/wp-json\/wp\/v2\/media?parent=94610"}],"wp:term":[{"taxonomy":"category","embeddable":true,"href":"https:\/\/www.freiburg-schwarzwald.de\/blog\/wp-json\/wp\/v2\/categories?post=94610"},{"taxonomy":"post_tag","embeddable":true,"href":"https:\/\/www.freiburg-schwarzwald.de\/blog\/wp-json\/wp\/v2\/tags?post=94610"}],"curies":[{"name":"wp","href":"https:\/\/api.w.org\/{rel}","templated":true}]}}