{"id":94543,"date":"2021-09-07T15:54:00","date_gmt":"2021-09-07T13:54:00","guid":{"rendered":"https:\/\/www.freiburg-schwarzwald.de\/blog\/?p=94543"},"modified":"2021-09-07T16:01:20","modified_gmt":"2021-09-07T14:01:20","slug":"eigenverantwortung-fuer-alle","status":"publish","type":"post","link":"https:\/\/www.freiburg-schwarzwald.de\/blog\/eigenverantwortung-fuer-alle\/","title":{"rendered":"Eigenverantwortung f\u00fcr Alle"},"content":{"rendered":"<p>In einer <a href=\"https:\/\/www.freiburg-schwarzwald.de\/blog\/demokratie-skepsis-der-jugend\/\">Demokratie<\/a> m\u00fcssen alle <a href=\"https:\/\/www.freiburg-schwarzwald.de\/blog\/engagement\/buerger\/\">B\u00fcrger<\/a> <a href=\"https:\/\/www.freiburg-schwarzwald.de\/blog\/engagement\/verantwortung\/\">Eigenverantwortung<\/a> \u00fcbernehmen &#8211; &#8222;L\u00e4nger hier Lebende&#8220; (Merkel) wie <a href=\"https:\/\/www.freiburg-schwarzwald.de\/blog\/global\/migration\/migration2020\/\">Migranten<\/a>. <em>&#8222;Die schlimmste <a href=\"https:\/\/www.freiburg-schwarzwald.de\/blog\/kultur\/medien\/diskriminierung\/\">Diskriminierung<\/a>, die man einem Menschen antun kann, ist ihm die Verantwortung f\u00fcr sich und sein Leben abzusprechen. Genau dies tut die deutsche Migrationspolitik seit sp\u00e4testens 2015&#8243;<\/em> &#8211; <!--more-->so der deutsch-libanesische Regisseur und Journalist <a href=\"https:\/\/www.freiburg-schwarzwald.de\/blog\/religion\/islam\/karim\/\">Imad Karim<\/a> (62) in seinem neuen Film &#8222;<a href=\"https:\/\/www.freiburg-schwarzwald.de\/blog\/kultur\/kulturverlust\/dekadenz\/\">Dekadenz<\/a> &#8211; <a href=\"https:\/\/www.freiburg-schwarzwald.de\/blog\/dekadenz-film-von-imad-karim\/\">jubelnd in den Untergang<\/a>&#8222;.\u00a0 .<\/p>\n<p><a href=\"https:\/\/www.freiburg-schwarzwald.de\/blog\/integration-als-holschuld\/\">&#8222;Integration ist eine Holschuld&#8220;<\/a>, das hei\u00dft, ein Migrant mu\u00df bereit und willens sein, sich in die hiesige Zivilgesellschaft einzubringen. Sehr viele Fl\u00fcchtlinge haben dies geschafft und sind als m\u00fcndige B\u00fcrger zu recht <a href=\"https:\/\/www.freiburg-schwarzwald.de\/blog\/engagement\/zukunft\/demokratie\/nationalstolz\/\">stolz<\/a> darauf.<br \/>\nWenn aber z.B. MdB \u00d6zcan Mutlu (Gr\u00fcne) als angebliches Vers\u00e4umnis der Integrations-politik feststellt <em>\u201eWir haben es nicht geschafft, ihre neue Heimat zu werden\u201c<\/em>, weshalb viele hier lebenden Migranten in Distanz zu Deutschland verharren bzw. in <a href=\"https:\/\/www.freiburg-schwarzwald.de\/blog\/global\/integration\/parallelgesellschaft\/\">Parallelgesellschaften<\/a> leben, dann geht er von einer Integration als Bringschuld einer Aufnahmegesellschaft aus, die Einkommen, Wohnung, Arbeit, Versorgung, &#8230; zu erbringen hat. Diese Integration ist &#8211; vor allem seit dem Jahr 2015 &#8211; <a href=\"https:\/\/www.freiburg-schwarzwald.de\/blog\/global\/integration\/integration-gescheitert\/\">gescheitert<\/a>, da sie den vollversorgten Migranten ohne Eigenverantwortung in Unm\u00fcndigkeit bel\u00e4\u00dft.<br \/>\n.<br \/>\nDie Eigenverantwortlichkeit gilt nicht nur f\u00fcr Migranten als zuk\u00fcnftige <a href=\"https:\/\/www.freiburg-schwarzwald.de\/blog\/tibi-laicite-citoyennete-in-eu\/\">Citoyens<\/a>, sondern f\u00fcr alle B\u00fcrger der Gesellschaft. Anders formuliert: Nicht nur &#8222;Integration ist eine Holschuld&#8220;, sondern allgemeiner auch <a href=\"https:\/\/www.freiburg-schwarzwald.de\/blog\/wissen-ist-eine-holschuld\/\">&#8222;Wissen ist eine Holschuld&#8220;<\/a>.<br \/>\nMit diesem Diktum forderte bereits <a href=\"https:\/\/www.freiburg-schwarzwald.de\/blog\/kultur\/aufklaerung\/kant\/\">Immanuel Kant<\/a> (1724 \u2013 1804) in der zeit der <a href=\"https:\/\/www.freiburg-schwarzwald.de\/blog\/kultur\/aufklaerung\/\">Aufkl\u00e4rung<\/a> die Menschen auf, sich auf Grips und Vernunft zu besinnen und sich selbst schlau zu machen. Jeder kann und soll sich das Wissen holen, um damit sein Tun zu beurteilen und eigenverantwortlich zu entscheiden.<br \/>\nJeder <a href=\"https:\/\/www.freiburg-schwarzwald.de\/blog\/buerger-wird-fuer-dumm-verkauft\/\">m\u00fcndige B\u00fcrger<\/a> ist in der Lage, sich das Wissen zu holen, um sich eine eigene Meinung bilden zu k\u00f6nnen und um zu verstehen, was hier passiert. Niemand kann sp\u00e4ter sagen, er habe nichts gewu\u00dft.<br \/>\n.<\/p>\n<p><em>\u201eIn der internationalen Politik geht es nie um Demokratie oder Menschenrechte. Es geht um die Interessen von Staaten. Merken Sie sich das, egal, was man Ihnen im Geschichtsunterricht erz\u00e4hlt.\u201c<\/em> Nicht ohne Grund z\u00e4hlt dieses Statement von Egon Bahr, dem au\u00dfenpolitischer Vordenker der Regierung von Willy Brandt, zu den meistzitierten des &#8218;Vaters der deutschen Nachkriegs-Ostpolitik&#8216;. Das Statement gilt auch heutzutage noch, nur wagt es kaum ein Politiker auszusprechen, da es nichts anderes bedeutet als &#8222;Nationalstaat first&#8220;. China, USA, Indien, Ru\u00dfland, Brasilien, aber nicht nur die gro\u00dfen Staaten verfolgen zun\u00e4chst einmal ihre eigenen Interessen.<br \/>\n&#8230; Alles vom 4.12.2021 von Egon Bahr im Gespr\u00e4ch mit Sch\u00fclern im Rahmen der \u201eWilly-Brandt-Lesewoche\u201c im Friedrich-Ebert-Haus Heidelberg bitte lesen auf <a href=\"https:\/\/www.rnz.de\/nachrichten\/heidelberg_artikel,-Heidelberg-Egon-Bahr-schockt-die-Schueler-Es-kann-Krieg-geben-_arid,18921.html\">https:\/\/www.rnz.de\/nachrichten\/heidelberg_artikel,-Heidelberg-Egon-Bahr-schockt-die-Schueler-Es-kann-Krieg-geben-_arid,18921.html<\/a><\/p>\n<p>1) Demokratie hei\u00dft w\u00f6rtlich &#8222;Herrschaft des Volkes&#8220;. Demokratie oberhalb eines <a href=\"https:\/\/www.freiburg-schwarzwald.de\/blog\/global\/deutschland\/nationalstaat\/\">nationalen<\/a> Territoriums ist nicht m\u00f6glich, da kein B\u00fcrger dieses \u00fcberblicken bzw. sich damit identifizieren k\u00f6nnte.<br \/>\n2) Demokratie ohne Eingrenzung auf eine Nation ist nicht \u00fcberlebensf\u00e4hig. Es gibt weltweit keine supra-nationale Demokratie, die \u00fcber einen l\u00e4ngeren Zeitraum Bestand hatte. Oder kennen Sie eine?<br \/>\n3) Demokratie braucht m\u00fcndige B\u00fcrger, die bereit sind, Eigenverantwortung zu tragen und ihre freiheitlich-demokratische Grundordnung zu <a href=\"https:\/\/www.freiburg-schwarzwald.de\/blog\/engagement\/zukunft\/demokratie\/demokratie-verteidigen\/\">verteidigen<\/a>.<br \/>\nAus diesem Grunde existiert der Staat Israel.<br \/>\nAus diesem Grunde konnte der Umsturz in <a href=\"https:\/\/www.freiburg-schwarzwald.de\/blog\/global\/afghanistan\/\">Afghanistan<\/a> stattfinden, da weder die &#8211; ausschlie\u00dflich in den St\u00e4dten wohnhaften &#8211; Demokratieanh\u00e4nger noch die Armee zur Verteidigung bereit waren.<br \/>\nUnd Deutschland, nachdem <a href=\"https:\/\/www.freiburg-schwarzwald.de\/blog\/engagement\/zukunft\/demokratie\/demokratie-export\/\">Demokratie-Export<\/a> ins Ausland und <a href=\"https:\/\/www.freiburg-schwarzwald.de\/blog\/engagement\/zukunft\/demokratie\/nation\/nation-building\/\">Nation-Building<\/a> im Ausland nach 16 Jahren Merkel so erb\u00e4rmlich gescheitert sind? Sind die B\u00fcrger bereit, ihre eigene, nun \u00fcber 70 Jahre w\u00e4hrende Demokratie bzw. <a href=\"https:\/\/www.freiburg-schwarzwald.de\/blog\/engagement\/zukunft\/demokratie\/freiheit\/freiheitsrechte\/\">Freiheit<\/a> zu verteidigen? Wo durch st\u00e4ndiges <a href=\"https:\/\/www.freiburg-schwarzwald.de\/blog\/engagement\/zukunft\/demokratie\/nudging\/\">Nudging<\/a> und jahrelange Wohlstandsverw\u00f6hnung die Selbstverantwortung eher geschwuinden ist. Bewegen wir uns auf eine <a href=\"https:\/\/www.freiburg-schwarzwald.de\/blog\/engagement\/zukunft\/demokratie\/post-demokratie\/\">Post-Demokratie<\/a> zu?<br \/>\n7.9.2021<\/p>\n","protected":false},"excerpt":{"rendered":"<p>In einer Demokratie m\u00fcssen alle B\u00fcrger Eigenverantwortung \u00fcbernehmen &#8211; &#8222;L\u00e4nger hier Lebende&#8220; (Merkel) wie Migranten. &#8222;Die schlimmste Diskriminierung, die man einem Menschen antun kann, ist ihm die Verantwortung f\u00fcr sich und sein Leben abzusprechen. Genau dies tut die deutsche Migrationspolitik &hellip; <a href=\"https:\/\/www.freiburg-schwarzwald.de\/blog\/eigenverantwortung-fuer-alle\/\">Weiterlesen <span class=\"meta-nav\">&rarr;<\/span><\/a><\/p>\n","protected":false},"author":2,"featured_media":0,"comment_status":"open","ping_status":"closed","sticky":false,"template":"","format":"standard","meta":{"footnotes":""},"categories":[18,355,36,400,155],"tags":[766,633,682,631,773],"class_list":["post-94543","post","type-post","status-publish","format-standard","hentry","category-bildung","category-buergerinitiativen","category-engagement","category-freiwillig","category-integration","tag-buerger","tag-demokratie","tag-freiheit","tag-staat","tag-verantwortung"],"_links":{"self":[{"href":"https:\/\/www.freiburg-schwarzwald.de\/blog\/wp-json\/wp\/v2\/posts\/94543","targetHints":{"allow":["GET"]}}],"collection":[{"href":"https:\/\/www.freiburg-schwarzwald.de\/blog\/wp-json\/wp\/v2\/posts"}],"about":[{"href":"https:\/\/www.freiburg-schwarzwald.de\/blog\/wp-json\/wp\/v2\/types\/post"}],"author":[{"embeddable":true,"href":"https:\/\/www.freiburg-schwarzwald.de\/blog\/wp-json\/wp\/v2\/users\/2"}],"replies":[{"embeddable":true,"href":"https:\/\/www.freiburg-schwarzwald.de\/blog\/wp-json\/wp\/v2\/comments?post=94543"}],"version-history":[{"count":3,"href":"https:\/\/www.freiburg-schwarzwald.de\/blog\/wp-json\/wp\/v2\/posts\/94543\/revisions"}],"predecessor-version":[{"id":94546,"href":"https:\/\/www.freiburg-schwarzwald.de\/blog\/wp-json\/wp\/v2\/posts\/94543\/revisions\/94546"}],"wp:attachment":[{"href":"https:\/\/www.freiburg-schwarzwald.de\/blog\/wp-json\/wp\/v2\/media?parent=94543"}],"wp:term":[{"taxonomy":"category","embeddable":true,"href":"https:\/\/www.freiburg-schwarzwald.de\/blog\/wp-json\/wp\/v2\/categories?post=94543"},{"taxonomy":"post_tag","embeddable":true,"href":"https:\/\/www.freiburg-schwarzwald.de\/blog\/wp-json\/wp\/v2\/tags?post=94543"}],"curies":[{"name":"wp","href":"https:\/\/api.w.org\/{rel}","templated":true}]}}