{"id":94474,"date":"2021-09-05T14:18:48","date_gmt":"2021-09-05T12:18:48","guid":{"rendered":"https:\/\/www.freiburg-schwarzwald.de\/blog\/?p=94474"},"modified":"2021-09-05T14:18:48","modified_gmt":"2021-09-05T12:18:48","slug":"nation-building-in-rks-und-afg","status":"publish","type":"post","link":"https:\/\/www.freiburg-schwarzwald.de\/blog\/nation-building-in-rks-und-afg\/","title":{"rendered":"Nation building in RKS und AFG"},"content":{"rendered":"<p>Der Humor, so finster wie die Nacht schwarz\u2026 schreibt TV Spielfilm \u00fcber &#8222;Kill Me Today, Tomorrow I\u2019m Sick&#8220;, der heute um 23.35 im ARD-Programm gezeigt wird. &#8230; Worum geht es? Um <a href=\"https:\/\/www.freiburg-schwarzwald.de\/blog\/engagement\/zukunft\/demokratie\/nation\/nation-building\/\">\u201eNation building\u201c<\/a> in einem vom Krieg zerr\u00fctteten Land, um die Wiederherstellung der \u201eZivilgesellschaft\u201c mit Hilfe internationaler Experten, <!--more-->um <a href=\"https:\/\/www.freiburg-schwarzwald.de\/blog\/vereine\/ngo\/\">NGO<\/a>s, Korruption, Liebe und Kabale, Sex &amp; Drugs. Lauter wahre Geschichten, die zu einer Erz\u00e4hlung verschmolzen wurden.<br \/>\n.<br \/>\nAls der Film gedreht wurde, konnte keiner von uns ahnen, dass sich die Geschichte bald wiederholen sollte. In <a href=\"https:\/\/www.freiburg-schwarzwald.de\/blog\/global\/afghanistan\/\">Afghanistan (AFG)<\/a>, am Hindukusch, mit anderen Protagonisten, aber nach einem \u00e4hnlichen Drehbuch. Wie im <a href=\"https:\/\/www.freiburg-schwarzwald.de\/blog\/global\/kosovo\/\">Kosovo (RKS)<\/a> im Herbst des Jahres 1999 ging es auch in und um Kabul herum vor allem darum, eine \u201eZivilgesellschaft\u201c zu retten, die mit Hilfe internationaler Experten etabliert worden war, ein Geb\u00e4ude ohne Fundamente, stabil wie ein Kartenhaus.<\/p>\n<p>Im Kosovo, einem De-facto-Protektorat der EU, scheint die Konstruktion zu halten. In Kabul ist sie kollabiert. \u201eKill me today&#8230;\u201c antwortet auf Fragen, die jetzt gestellt werden m\u00fcssen. Auf Wiedersehen, heute Abend im Ersten um 23:35 Uhr.<br \/>\n&#8230; Alles vom 5.9.2021 von Henryk M. Broder bitte lesen auf<br \/>\n<a href=\"https:\/\/www.achgut.com\/artikel\/der_humor_so_finster_wie_die_nacht_schwarz\">https:\/\/www.achgut.com\/artikel\/der_humor_so_finster_wie_die_nacht_schwarz<\/a><br \/>\n.<br \/>\nEinige Kommentare:<br \/>\n<strong>Wohlstandsverwahrloste Existenzen an der Spitze von \u201cPolitik\u201d und Journaille<\/strong><br \/>\nIm Kosovo und auch in der T\u00fcrkei sind B\u00fcrgergesellschaften zumindest einigerma\u00dfen vorhanden. In Afghanistan gibt es so etwas nicht, da ist die Herrschaft eine \u00fcber den eigenen Clans und gegen die anderen Clans, auch, ohne dass westliche Ahnungslose sich einmischen und sich dabei weigern, auf Warnungen zu h\u00f6ren. H. Schmidt und P. Scholl-Latour waren die bekanntesten Deutschen, die fr\u00fch gewarnt haben. Es muss weitere Warner in anderen westlichen L\u00e4ndern und besonders in ihren Geheimdiensten gegeben haben. Sie alle wurden nicht geh\u00f6rt, obwohl Unterschiede leicht erkennbar sind. Wenn in der T\u00fcrkei ein schweres Erdbeben stattfindet, kommen sofort Hilfskr\u00e4fte, darunter Fachleute f\u00fcr solche F\u00e4lle, und retten in den n\u00e4chsten Tagen etliche Tausend Versch\u00fcttete. \u00dcber alles weitere kann man sp\u00e4ter reden. Wenn eine \u00e4hnliche Naturkatastrophe in Afghanistan oder einem \u00e4hnlichen Land stattfindet, muss erst klargestellt werden, wer welchen Clanchef mit Geld und weiteren Vorteilen besticht.<br \/>\nWie will jemand einen modernen Nationalstaat in einem Land errichten, dem jede Voraussetzung daf\u00fcr fehlt? Das geht nicht, fertig. Aber gr\u00fcne und \u00e4hnliche Politiker, die D und Europa immer offener zerst\u00f6ren wollen, begeistern sich jetzt f\u00fcr die Aufnahme von zigtausend bis Millionen afghanischer Stammeskrieger, f\u00fcr die D und der gesamte europ\u00e4ische Kulturkreis fremd, ver\u00e4chtlich und gerade noch als Ausbeutungsobjekte nutzbar sind.<br \/>\nOpfer importierter Gewalt zum Schweigen zu bringen, Kritiker f\u00fcr \u201crechts\u201d zu erkl\u00e4ren und weitere nicht-integrierbare Einwanderer nach D und Westeuropa zu bringen, ist dann \u201cMenschlichkeit\u201d und eine \u201cPolitik gegen Fremdenfeindlichkeit\u201d. Diese \u201cPolitik\u201d ist nur in B\u00fcrgergesellschaften m\u00f6glich und geht von wohlstandsverwahrlosten Gossenexistenzen an der Spitze von \u201cPolitik\u201d und Journaille aus, denen diese B\u00fcrgergesellschaften nicht cool genug sind.<br \/>\n5.9.2021, G.M.<\/p>\n<p><strong>Von anderen Kalifaten \u00e4hnlichen Glaubens kommt keine Hilfe<\/strong><br \/>\nIn Afghanistan gibt es keine \u2018Zivilgesellschaft\u2019 und auch kein \u2018Bundesamt f\u00fcr Migration und Fl\u00fcchtlinge\u2019. Bald aber ein Bundesamt f\u00fcr Wiederaufbauhilfe, Soforthilfe, Entwicklungshilfe und sonstige Hilfen aus dem Westen, vor allem der EU und Deutschlands. Von anderen Kalifaten \u00e4hnlichen Glaubens kommt keine Hilfe. \u201cHelp me today, &#8230;.\u201d Stoff f\u00fcr einen weiteren Film. Und f\u00fcr Sie, lieber Herr Broder, f\u00e4llt diesmal eine gr\u00f6\u00dfere Rolle ab: Als Taliban-Unterh\u00e4ndler f\u00fcr den Westen.<br \/>\n5.9.2021, M.H.<br \/>\n.<br \/>\n<strong>ARD-Programmplaner<\/strong><br \/>\nDer Sendetermin um 23:45 Uhr stellt sicher, dass die arbeitende Bev\u00f6lkerung keine Gefahr l\u00e4uft von schwarzem Humor infiziert zu werden. Ein starkes St\u00fcck der Programmplaner. Sie funktionieren wie gew\u00fcnscht!<br \/>\n5.9.2021, H-J.K.<br \/>\nEnde Kommentare<br \/>\n.<br \/>\n.<br \/>\n<strong>Video: Kill me today, tomorrow I&#8217;m sick<\/strong><br \/>\n05.09.21 | 127:10 Min. | Verf\u00fcgbar bis 05.12.2021 Spielfilm Deutschland 2018<br \/>\n+++ Kosovo 1999. Die NATO hat Serbien bombardiert. Die Kosovo-Albaner feiern &#8222;ihren Sieg&#8220; \u00fcber die &#8222;serbischen Unterdr\u00fccker&#8220;. Die Internationale Gemeinschaft schickt Abgesandte, um das Land zu demokratisieren. Anna ist eine von ihnen.<br \/>\n+++ Mit Karin Hanczewski, Carlo Ljubek, Viktor Bashmakov, Eray Egilmez, Joachim Steinh\u00f6fel, Sigi Zimmerschied, David Zimmerschied u. a. |<br \/>\n&#8230; Alles vom 5.9.2021 bitte lesen auf<br \/>\n<a href=\"https:\/\/www.daserste.de\/unterhaltung\/film\/filme-im-ersten\/videos\/kill-me-today-tomorrow-im-sick-video-100.html\">https:\/\/www.daserste.de\/unterhaltung\/film\/filme-im-ersten\/videos\/kill-me-today-tomorrow-im-sick-video-100.html<\/a><\/p>\n","protected":false},"excerpt":{"rendered":"<p>Der Humor, so finster wie die Nacht schwarz\u2026 schreibt TV Spielfilm \u00fcber &#8222;Kill Me Today, Tomorrow I\u2019m Sick&#8220;, der heute um 23.35 im ARD-Programm gezeigt wird. &#8230; Worum geht es? Um \u201eNation building\u201c in einem vom Krieg zerr\u00fctteten Land, um &hellip; <a href=\"https:\/\/www.freiburg-schwarzwald.de\/blog\/nation-building-in-rks-und-afg\/\">Weiterlesen <span class=\"meta-nav\">&rarr;<\/span><\/a><\/p>\n","protected":false},"author":2,"featured_media":0,"comment_status":"open","ping_status":"closed","sticky":false,"template":"","format":"standard","meta":{"footnotes":""},"categories":[18,195,14,155,13],"tags":[633,489,341,594,682,577,667],"class_list":["post-94474","post","type-post","status-publish","format-standard","hentry","category-bildung","category-eu","category-global","category-integration","category-kultur","tag-demokratie","tag-european-union","tag-export","tag-film","tag-freiheit","tag-hilfe-2","tag-krieg"],"_links":{"self":[{"href":"https:\/\/www.freiburg-schwarzwald.de\/blog\/wp-json\/wp\/v2\/posts\/94474","targetHints":{"allow":["GET"]}}],"collection":[{"href":"https:\/\/www.freiburg-schwarzwald.de\/blog\/wp-json\/wp\/v2\/posts"}],"about":[{"href":"https:\/\/www.freiburg-schwarzwald.de\/blog\/wp-json\/wp\/v2\/types\/post"}],"author":[{"embeddable":true,"href":"https:\/\/www.freiburg-schwarzwald.de\/blog\/wp-json\/wp\/v2\/users\/2"}],"replies":[{"embeddable":true,"href":"https:\/\/www.freiburg-schwarzwald.de\/blog\/wp-json\/wp\/v2\/comments?post=94474"}],"version-history":[{"count":1,"href":"https:\/\/www.freiburg-schwarzwald.de\/blog\/wp-json\/wp\/v2\/posts\/94474\/revisions"}],"predecessor-version":[{"id":94475,"href":"https:\/\/www.freiburg-schwarzwald.de\/blog\/wp-json\/wp\/v2\/posts\/94474\/revisions\/94475"}],"wp:attachment":[{"href":"https:\/\/www.freiburg-schwarzwald.de\/blog\/wp-json\/wp\/v2\/media?parent=94474"}],"wp:term":[{"taxonomy":"category","embeddable":true,"href":"https:\/\/www.freiburg-schwarzwald.de\/blog\/wp-json\/wp\/v2\/categories?post=94474"},{"taxonomy":"post_tag","embeddable":true,"href":"https:\/\/www.freiburg-schwarzwald.de\/blog\/wp-json\/wp\/v2\/tags?post=94474"}],"curies":[{"name":"wp","href":"https:\/\/api.w.org\/{rel}","templated":true}]}}