{"id":94411,"date":"2021-04-28T18:32:06","date_gmt":"2021-04-28T16:32:06","guid":{"rendered":"https:\/\/www.freiburg-schwarzwald.de\/blog\/?p=94411"},"modified":"2021-09-03T21:03:54","modified_gmt":"2021-09-03T19:03:54","slug":"dekadenz-film-von-imad-karim","status":"publish","type":"post","link":"https:\/\/www.freiburg-schwarzwald.de\/blog\/dekadenz-film-von-imad-karim\/","title":{"rendered":"Dekadenz: Film von Imad Karim"},"content":{"rendered":"<p>Der Film &#8222;<a href=\"https:\/\/www.freiburg-schwarzwald.de\/blog\/kultur\/kulturverlust\/dekadenz\/\">Dekadenz<\/a> \u2013 Jubelnd in den Untergang&#8220; bewegt. Der 62-j\u00e4hrige libanesisch-deutsche Filmjournalist <a href=\"https:\/\/www.freiburg-schwarzwald.de\/blog\/religion\/islam\/karim\/\">Imad Karim<\/a> lebt und arbeitet seit 1977 in Deutschland. 1966 begonnen, dann wegen Geldmangel gestoppt und erst 2021 fertiggestellt, wurde der 32-min\u00fctige Film bislang \u00fcber 400.000 mal angesehen.<\/p>\n<p><!--more--><br \/>\n<a href=\"https:\/\/www.youtube.com\/watch?v=onkgPTPnNPc\">https:\/\/www.youtube.com\/watch?v=onkgPTPnNPc<\/a><\/p>\n<p>Imad Karim \u00e4u\u00dfert sich zu seinen Film &#8222;Dekadenz&#8220; so<br \/>\nWarum dieser Film?<br \/>\n&#8222;Als ein in die Freiheit eingewanderter Filmemacher kann ich den Prozess des ideologischen Irrsinns, des verheerenden Untergangs und des Selbsthasses im Westen nicht aufhalten, aber ich kann ihn wenigstens dokumentieren.\u201c<br \/>\nDer Ist-Zustand:<br \/>\n\u201eIm linken Freizeitpark kann jeder sein, was er m\u00f6chte.\u201c<br \/>\nDie Zukunftsperspektive:<br \/>\n\u201eNoch herrscht eine heile Welt im Park. Alle scheinen sich nach dem gro\u00dfen Ziel, dem \u00d6kosozialismus, zu sehnen. Doch wie jeder Sozialismus wird auch dieser scheitern. Und der linke Freizeitpark wird pleitegehen. Dann gibt es endlich wahre Gerechtigkeit. Denn dann sind wir endlich alle gleich. Gleich arm, gleich hungrig, und alle gleicherma\u00dfen verzweifelt. Dann geht es wieder darum, worum es im echten Leben immer geht: ums \u00dcberleben.\u201c<br \/>\n28.4.2021<\/p>\n<p><em>Imad Karim<\/em><br \/>\n<em>ist ein libanesisch-deutscher Regisseur, Drehbuchautor, Fernsehjournalist und Filmautor. Seit 1977 lebt er in Deutschland. Seine Filme wurden von zahlreichen deutschen Sendern ausgestrahlt. Er ist Tr\u00e4ger verschiedener Fernsehpreise. Seit 2001 arbeitet er als freier Fernsehautor f\u00fcr deutsche und internationale Medien.<\/em><\/p>\n<p><strong>Dekadenz \u2013 Jubelnd in den Untergang: Ein Film von Imad Karim<\/strong><br \/>\n&#8222;Dekadenz \u2013 Jubelnd in den Untergang&#8220; beschreibt den heutigen absurden Zustand Europas und speziell Deutschlands, er ist ein kurzweiliger Streifzug durch die Zeitgeschichte des Nachkriegsdeutschlands, beginnend vom \u201elangen Marsch der Sozialisten durch die Institutionen\u201c, den Warnungen FJ Strau\u00df, von der deutschen Einheit, der nach Links ger\u00fcckten Republik bis hin zum schleichenden Verlust der Werte der Aufkl\u00e4rung, der Vernah\u00f6stlichung des Alltags und der Entfremdung der Menschen im eigenen (Deutsch)Land.<br \/>\n<a href=\"https:\/\/www.youtube.com\/watch?v=onkgPTPnNPc\">https:\/\/www.youtube.com\/watch?v=onkgPTPnNPc<\/a><br \/>\nIch hatte bereits 2016 mit den Dreharbeiten begonnen und musste diese 2017 aufgrund der intensiven Drehkosten abbrechen. Ende 2020 habe ich beschlossen, mit den Dreharbeiten fortzufahren, nach dem ich den wunderbaren Essay <a href=\"https:\/\/www.freiburg-schwarzwald.de\/blog\/selbsthilfe\/soziales\/wohlstand\/freizeitpark\/\">\u201eLinker Ideologie-Fun-Park vor der Pleite\u201c<\/a> des \u00f6sterreichischen Autors Werner Reichel gelesen habe. Werner Reichel stellte mir seinen Text freundlicherweise, kollegial und unentgeltlich zur Verf\u00fcgung und so ist der Film heute am 25.04.2021 fertig geworden.<br \/>\n<a href=\"https:\/\/www.youtube.com\/watch?v=onkgPTPnNPc\">https:\/\/www.youtube.com\/watch?v=onkgPTPnNPc<\/a><br \/>\n.<br \/>\nMeine Arbeit ist auf Ihre Unterst\u00fctzung angewiesen:<br \/>\n<a href=\"https:\/\/paypal.me\/fernsehautor\">https:\/\/paypal.me\/fernsehautor<\/a> oder durch direkte \u00dcberweisung:<br \/>\nImad Karim IBAN: DE22 6707 0024 0023 8840 02 BIC: DEUTDEDBMAN<br \/>\n&#8230; Alles vom 25.4.2021 bitte lesen auf<br \/>\n<a href=\"http:\/\/www.imad-karim.de\/\">http:\/\/www.imad-karim.de\/<\/a><\/p>\n","protected":false},"excerpt":{"rendered":"<p>Der Film &#8222;Dekadenz \u2013 Jubelnd in den Untergang&#8220; bewegt. Der 62-j\u00e4hrige libanesisch-deutsche Filmjournalist Imad Karim lebt und arbeitet seit 1977 in Deutschland. 1966 begonnen, dann wegen Geldmangel gestoppt und erst 2021 fertiggestellt, wurde der 32-min\u00fctige Film bislang \u00fcber 400.000 mal &hellip; <a href=\"https:\/\/www.freiburg-schwarzwald.de\/blog\/dekadenz-film-von-imad-karim\/\">Weiterlesen <span class=\"meta-nav\">&rarr;<\/span><\/a><\/p>\n","protected":false},"author":2,"featured_media":0,"comment_status":"open","ping_status":"closed","sticky":false,"template":"","format":"standard","meta":{"footnotes":""},"categories":[1],"tags":[],"class_list":["post-94411","post","type-post","status-publish","format-standard","hentry","category-allgemein"],"_links":{"self":[{"href":"https:\/\/www.freiburg-schwarzwald.de\/blog\/wp-json\/wp\/v2\/posts\/94411","targetHints":{"allow":["GET"]}}],"collection":[{"href":"https:\/\/www.freiburg-schwarzwald.de\/blog\/wp-json\/wp\/v2\/posts"}],"about":[{"href":"https:\/\/www.freiburg-schwarzwald.de\/blog\/wp-json\/wp\/v2\/types\/post"}],"author":[{"embeddable":true,"href":"https:\/\/www.freiburg-schwarzwald.de\/blog\/wp-json\/wp\/v2\/users\/2"}],"replies":[{"embeddable":true,"href":"https:\/\/www.freiburg-schwarzwald.de\/blog\/wp-json\/wp\/v2\/comments?post=94411"}],"version-history":[{"count":4,"href":"https:\/\/www.freiburg-schwarzwald.de\/blog\/wp-json\/wp\/v2\/posts\/94411\/revisions"}],"predecessor-version":[{"id":94436,"href":"https:\/\/www.freiburg-schwarzwald.de\/blog\/wp-json\/wp\/v2\/posts\/94411\/revisions\/94436"}],"wp:attachment":[{"href":"https:\/\/www.freiburg-schwarzwald.de\/blog\/wp-json\/wp\/v2\/media?parent=94411"}],"wp:term":[{"taxonomy":"category","embeddable":true,"href":"https:\/\/www.freiburg-schwarzwald.de\/blog\/wp-json\/wp\/v2\/categories?post=94411"},{"taxonomy":"post_tag","embeddable":true,"href":"https:\/\/www.freiburg-schwarzwald.de\/blog\/wp-json\/wp\/v2\/tags?post=94411"}],"curies":[{"name":"wp","href":"https:\/\/api.w.org\/{rel}","templated":true}]}}