{"id":9423,"date":"2012-08-17T14:56:55","date_gmt":"2012-08-17T12:56:55","guid":{"rendered":"https:\/\/www.freiburg-schwarzwald.de\/blog\/?p=9423"},"modified":"2012-08-17T14:57:05","modified_gmt":"2012-08-17T12:57:05","slug":"facebook-party-in-zaehringen-ice-bahn-25-min-gesperrt","status":"publish","type":"post","link":"https:\/\/www.freiburg-schwarzwald.de\/blog\/facebook-party-in-zaehringen-ice-bahn-25-min-gesperrt\/","title":{"rendered":"Facebook-Party in Zaehringen &#8211; ICE-Bahn 25 min gesperrt"},"content":{"rendered":"<p>Die Eltern waren im Urlaub, da gerieten zwei 15 Jahre alte Zwillingsbr\u00fcder in Partylaune. Sie luden \u00fcber <a title=\"Social-Networking\" href=\"https:\/\/www.freiburg-schwarzwald.de\/blog\/kultur\/internet\/social-networking\/\">Facebook<\/a> zu einer Feier nach Freiburg &#8211; aus Versehen \u00f6ffentlich. So kamen laut Polizei statt der geladenen 30 bis 40 G\u00e4ste am Donnerstagabend rund 350 Menschen. Die Beamten mussten demnach mit einem Gro\u00dfaufgebot ausr\u00fccken, um Hunderte betrunkene Jugendliche in ihre Schranken zu weisen. Diese warfen Flaschen und Dosen auf die Stra\u00dfe, besch\u00e4digten M\u00f6bel im Haus der Gastgeber und Autos, br\u00fcllten herum und beleidigten Beamte, als diese die Veranstaltung aufl\u00f6sen wollten.\u00a0<!--more-->Das Ausma\u00df der Sch\u00e4den ist noch nicht ermittelt. Da die Jugendlichen\u00a0auf den Gleisanlagen der ICE-Strecke nach Basel herumliefen, musste der Bahnverkehr f\u00fcr 25 Minuten unterbrochen werden. &#8222;Das ist &#8217;ne Menge Arbeit, die wir jetzt wieder haben, weil irgendwer zu bl\u00f6d ist, ein <a title=\"Social-Networking\" href=\"https:\/\/www.freiburg-schwarzwald.de\/blog\/kultur\/internet\/social-networking\/\">soziales Netzwerk<\/a>\u00a0zu bedienen&#8220;, sagte ein Polizeisprecher. &#8230; Alles vom 17.8.2012 lesen auf<br \/>\n<a href=\"https:\/\/www.spiegel.de\/panorama\/justiz\/facebook-party-in-freiburg-eskaliert-bahnstrecke-gesperrt-a-850597.html\">https:\/\/www.spiegel.de\/panorama\/justiz\/facebook-party-in-freiburg-eskaliert-bahnstrecke-gesperrt-a-850597.html<\/a><\/p>\n","protected":false},"excerpt":{"rendered":"<p>Die Eltern waren im Urlaub, da gerieten zwei 15 Jahre alte Zwillingsbr\u00fcder in Partylaune. Sie luden \u00fcber Facebook zu einer Feier nach Freiburg &#8211; aus Versehen \u00f6ffentlich. So kamen laut Polizei statt der geladenen 30 bis 40 G\u00e4ste am Donnerstagabend &hellip; <a href=\"https:\/\/www.freiburg-schwarzwald.de\/blog\/facebook-party-in-zaehringen-ice-bahn-25-min-gesperrt\/\">Weiterlesen <span class=\"meta-nav\">&rarr;<\/span><\/a><\/p>\n","protected":false},"author":4,"featured_media":0,"comment_status":"closed","ping_status":"closed","sticky":false,"template":"","format":"standard","meta":{"footnotes":""},"categories":[162,60],"tags":[82,218],"class_list":["post-9423","post","type-post","status-publish","format-standard","hentry","category-internet","category-jugend","tag-facebook","tag-party"],"_links":{"self":[{"href":"https:\/\/www.freiburg-schwarzwald.de\/blog\/wp-json\/wp\/v2\/posts\/9423","targetHints":{"allow":["GET"]}}],"collection":[{"href":"https:\/\/www.freiburg-schwarzwald.de\/blog\/wp-json\/wp\/v2\/posts"}],"about":[{"href":"https:\/\/www.freiburg-schwarzwald.de\/blog\/wp-json\/wp\/v2\/types\/post"}],"author":[{"embeddable":true,"href":"https:\/\/www.freiburg-schwarzwald.de\/blog\/wp-json\/wp\/v2\/users\/4"}],"replies":[{"embeddable":true,"href":"https:\/\/www.freiburg-schwarzwald.de\/blog\/wp-json\/wp\/v2\/comments?post=9423"}],"version-history":[{"count":0,"href":"https:\/\/www.freiburg-schwarzwald.de\/blog\/wp-json\/wp\/v2\/posts\/9423\/revisions"}],"wp:attachment":[{"href":"https:\/\/www.freiburg-schwarzwald.de\/blog\/wp-json\/wp\/v2\/media?parent=9423"}],"wp:term":[{"taxonomy":"category","embeddable":true,"href":"https:\/\/www.freiburg-schwarzwald.de\/blog\/wp-json\/wp\/v2\/categories?post=9423"},{"taxonomy":"post_tag","embeddable":true,"href":"https:\/\/www.freiburg-schwarzwald.de\/blog\/wp-json\/wp\/v2\/tags?post=9423"}],"curies":[{"name":"wp","href":"https:\/\/api.w.org\/{rel}","templated":true}]}}