{"id":93975,"date":"2021-08-20T16:54:57","date_gmt":"2021-08-20T14:54:57","guid":{"rendered":"https:\/\/www.freiburg-schwarzwald.de\/blog\/?p=93975"},"modified":"2021-08-22T07:33:54","modified_gmt":"2021-08-22T05:33:54","slug":"migranten-als-waffe-einsetzen","status":"publish","type":"post","link":"https:\/\/www.freiburg-schwarzwald.de\/blog\/migranten-als-waffe-einsetzen\/","title":{"rendered":"Migranten als Waffe einsetzen"},"content":{"rendered":"<p>&#8222;Migranten als Waffe&#8220; melden die <a href=\"https:\/\/www.freiburg-schwarzwald.de\/blog\/kultur\/medien\/mainstream\/\">Medien<\/a> (s.u.), seit die <a href=\"https:\/\/www.freiburg-schwarzwald.de\/blog\/global\/eu\/eu-aussenpolitik\/\">EU<\/a> in offiziellen Verlautbarungen <a href=\"https:\/\/www.freiburg-schwarzwald.de\/blog\/global\/osteuropa\/\">Belarus<\/a> vorwirft, <a href=\"https:\/\/www.freiburg-schwarzwald.de\/blog\/global\/migration\/migration-maenner\/\">Migranten<\/a> als <a href=\"https:\/\/www.freiburg-schwarzwald.de\/blog\/global\/waffen\/\">Waffe<\/a> einzusetzen: <a href=\"https:\/\/www.freiburg-schwarzwald.de\/blog\/engagement\/zukunft\/demokratie\/diktatur\/\">Diktator<\/a> Lukaschenko l\u00e4\u00dft &#8211; ohne zu fragen &#8211; vor allem <a href=\"https:\/\/www.freiburg-schwarzwald.de\/blog\/global\/irak\/\">Iraker<\/a> und <a href=\"https:\/\/www.freiburg-schwarzwald.de\/blog\/global\/afrika\/afrika-migration\/\">Afrikaner<\/a> \u00fcber die 680 km lange <a href=\"https:\/\/www.freiburg-schwarzwald.de\/blog\/global\/eu\/grenzen\/\">EU-Aussengrenze<\/a> nach Litauen ausreisen, um sich so gegen die von der EU verh\u00e4ngten Sanktionen zu r\u00e4chen.<!--more--> .<br \/>\nDie EU bezeichnet also Migranten &#8222;als Waffe&#8220;. Laut Innenministerkonferenz wie auch EU-Kommission wird diese &#8222;Waffe&#8220; im Jahr 2021 gegen das <a href=\"https:\/\/www.freiburg-schwarzwald.de\/blog\/global\/eu\/visegrad\/\">litauische Volk<\/a> als EU-Mitglied eingesetzt.<br \/>\nGem\u00e4\u00df dieser Logik hat auch <a href=\"https:\/\/www.freiburg-schwarzwald.de\/blog\/global\/deutschland\/merkel-deutschland\/\">Angela Merkel<\/a> im <a href=\"https:\/\/www.freiburg-schwarzwald.de\/blog\/global\/eu\/budapest-dublin2015\/\">Jahr 2015<\/a> diese &#8222;Migranten als Waffe&#8220; eingesetzt, als sie &#8211; ohne zu fragen &#8211; 2 Mio Fl\u00fcchtlinge <a href=\"https:\/\/www.freiburg-schwarzwald.de\/blog\/global\/integration\/willkommenskultur\/\">ins Land lie\u00df<\/a>. Als &#8222;Waffe&#8220; gegen das deutsche <a href=\"https:\/\/www.freiburg-schwarzwald.de\/blog\/engagement\/zukunft\/demokratie\/volk\/\">Volk<\/a> , das mit der <a href=\"https:\/\/www.freiburg-schwarzwald.de\/blog\/global\/integration\/integration-islam\/\">Integration<\/a> bis heute <a href=\"https:\/\/www.freiburg-schwarzwald.de\/blog\/global\/integration\/integration-gescheitert\/\">gescheitert<\/a> ist. Als &#8222;Waffe&#8220; gegen die EU-Mitgliedsstaaten, die die Bundeskanzlerin auf diese Weise zur \u00dcbernahme der deutschen Politik der <a href=\"https:\/\/www.freiburg-schwarzwald.de\/blog\/global\/migration\/kontrollierte-grenzen\/\">unkontrollierten Grenzen<\/a> und damit der Aufopferung ihrer eigenen <a href=\"https:\/\/www.freiburg-schwarzwald.de\/blog\/engagement\/zukunft\/demokratie\/nation\/\">nationalen Integrit\u00e4t<\/a> zwingen wollte.<br \/>\n20.8.2021<\/p>\n<p><strong>Lukaschenko setzt Migranten als Waffe ein<\/strong><br \/>\nSeit Wochen kommen Migranten \u00fcberwiegend aus dem Irak \u00fcber Belarus nach Litauen. Lukaschenko beteiligt sich an der Menschenschlepperei, indem er die Migranten zun\u00e4chst als \u201eTouristen\u201c einl\u00e4dt, um sie nach Litauen weiterzuschicken. Gegen diese Art der hybriden Kriegsf\u00fchrung m\u00fcssen die europ\u00e4ischen Partner gewappnet sein \u2013 und dem kleinen EU-Mitgliedsland Litauen notfalls Fl\u00fcchtlinge abnehmen.<br \/>\n&#8230; Alles vom 6.8.2021 bitte lesen auf<br \/>\n<a href=\"https:\/\/www.tagesspiegel.de\/politik\/lukaschenko-setzt-migranten-als-waffe-ein-die-aufnahme-von-fluechtlingen-darf-kein-tabu-sein\/27490654.html\">https:\/\/www.tagesspiegel.de\/politik\/lukaschenko-setzt-migranten-als-waffe-ein-die-aufnahme-von-fluechtlingen-darf-kein-tabu-sein\/27490654.html<\/a><br \/>\n.<\/p>\n<p><strong>Belarus setzt Migranten als Waffe ein<\/strong><br \/>\n<strong>Antworten auf einen &#8222;aggressiven Akt&#8220; &#8211; EU ber\u00e4t<\/strong><br \/>\nBelarus setze Migranten als Waffe ein &#8211; so der Vorwurf der EU angesichts der vielen illegalen Grenz\u00fcbertritte nach Litauen. Heute tagen deshalb die Innenminister. &#8230;<br \/>\nSeit Juli haben die Fl\u00fcchtlingszahlen an der fast 680 Kilometer langen EU-Au\u00dfengrenze zwischen Litauen zu Belarus stark zugenommen. &#8230;<br \/>\nDer Fl\u00fcchtlingsstreit mit Belarus sei eine sehr ernsthafte Sicherheitsbedrohung f\u00fcr die EU, sagt Innenkommissarin Ylva Johansson. Minsk setze die Migranten als Waffe ein, um sich gegen die von Br\u00fcssel verh\u00e4ngten Sanktionen zu r\u00e4chen.<br \/>\n&#8230; Alles vom 18.8.2021 bitte lesen auf<br \/>\n<a href=\"https:\/\/www.tagesschau.de\/ausland\/europa\/eu-innenminister-belarus-fluechtlinge-101.html\">https:\/\/www.tagesschau.de\/ausland\/europa\/eu-innenminister-belarus-fluechtlinge-101.html<\/a><br \/>\n&#8211;<\/p>\n<p><strong>Merkel viel effizienter als Lukaschenko<\/strong><br \/>\nWei\u00dfru\u00dfland setzt Fl\u00fcchtlinge skrupellos als \u201eWaffe\u201c gegen die EU ein, indem es diese (wenige Tausend) \u00fcber die Grenze nach Litauen ziehen l\u00e4\u00dft, hei\u00dft es.<br \/>\nDas hei\u00dft doch: Diejenigen, die uns so sehr bereicherten, wie vor Jahren t\u00e4glich in Politik und Medien behauptet worden war, gelten nun EU-offiziell als Waffe!<br \/>\nDann h\u00e4tte ja, logisch zur\u00fcckgedacht, Angela Merkel in Deutschland seit 2015 noch skrupelloser Millionen fremder Menschen als Waffe gegen das deutsche Volk eingesetzt, angesichts der ungeheuren Menge sogar als Volksvernichtungswaffe!<br \/>\n20.8.2021, H. St., Leserbriefe, JF 34\/21, Seite 23<\/p>\n<p>.<\/p>\n<p><strong>Grenzschutz ohne EU &#8211; Litauen r\u00fcstet sich<\/strong><br \/>\n<strong>Die hybride Gefahr ist nicht gebannt<\/strong><br \/>\n<em>EU-Hilfe soll&#8217;s nur f\u00fcr&#8217;s \u00bbManagement\u00ab der illegalen Migration, nicht zur Abwehr geben. Nun soll ein neuer Zaun her, Asylregeln sollen versch\u00e4rft werden.<\/em><br \/>\n&#8230;.<br \/>\nWie es aussieht, wird Litauen seine Grenzen am Ende alleine sch\u00fctzen m\u00fcssen. Von der EU-Kommission gab es zwar warme Worte und einige Frontex-Beamte als Aufpasser, teils auch in Hubschraubern, aber keinen Beitrag zur Finanzierung eines Grenzzauns an der EU-Au\u00dfengrenze. Die litauische Entt\u00e4uschung dar\u00fcber bezeugt auch eine Meldung des nationalen Rundfunks LRT. Der Kommissionssprecher f\u00fcr Innere Angelegenheiten, Adalbert Jahnz, betont, dass die EU keine Grenzz\u00e4une finanziert.<br \/>\n&#8230;.<br \/>\nDie meisten der Migranten seien illegal angekommen und vermutlich nicht politisch verfolgt. Nach Wei\u00dfrussland k\u00f6nne man sie aber nicht \u00bbzur\u00fcckschieben\u00ab: \u00bbDeshalb f\u00fchrt der weitere Weg in Richtung EU.\u00ab F\u00fcr Podolay liegt es auf der Hand, dass bald mehr Migranten an der Grenze ankommen werden, wenn nicht an der litauischen, dann an der lettischen oder polnischen. Und wenn nicht aus dem Irak, dann sicher bald aus Afghanistan.<br \/>\nDie Litauer hegen eine instinktive Abwehr gegen \u00fcberm\u00e4chtige Nachbarn und f\u00fchlen sich wohl auch daher dem westlichen B\u00fcndnis so stark verbunden wie kaum ein anderes Land. Auch die Mitgliedschaft in der EU nehme man sehr ernst. Auf die sprunghafte Zunahme der irregul\u00e4ren Migration aus Wei\u00dfrussland reagierte das Land deshalb schon einigerma\u00dfen erschrocken. &#8230;.<br \/>\n\u00bbEs ist ein kleines Land mit drei Millionen Einwohnern, f\u00fcr die ist das schon wichtig, dass da Ordnung an der Grenze ist.\u00ab<br \/>\n&#8230; Alles vom 21.8.2021 bitte lesen auf<br \/>\n<a href=\"https:\/\/www.tichyseinblick.de\/kolumnen\/aus-aller-welt\/grenzschutz-eu-litauen\/\">https:\/\/www.tichyseinblick.de\/kolumnen\/aus-aller-welt\/grenzschutz-eu-litauen\/<\/a><\/p>\n<p>Kommentare:<br \/>\n<strong>Die Asylpolitik der Bundesrepublik ist in Relikt der 50er Jahre,<\/strong><br \/>\ndie Mobilit\u00e4t, Kommunikation, Social Media etc\u2026 der 2000er Jahre nicht auf dem Schirm hatte. Folge ist ein Ausufern der \u201eAsyloptimierung\u201c und Flucht in die g\u00fcnstigsten Sozialsysteme einiger williger Staaten statt Selbstverteidigung und Engagement in den Herkunftsl\u00e4ndern. Die schiere Anzahl von \u201eFluchtbereiten\u201c und der krasse kulturelle Gegensatz ist weder mit Werten noch mit der Leistungsf\u00e4higkeit der aufnehmenden Staaten vereinbar.<br \/>\nSoziale Barmherzigkeit um jeden Preis bedeutet \u00fcber kurz oder lang die Abschaffung des Sozialstaates sowie \u00dcberforderung der eigenen Bev\u00f6lkerung. Der Bev\u00f6lkerungswandel f\u00fchrt zunehmend zu Parallelgesellschaften und absehbar zu politischen Unruhen.<br \/>\n21,.8.2021, E.F., AO<\/p>\n<p><strong>\u201eUnd dann kommen wahrscheinlich sehr viele. Und das ist die Gefahr.\u201c<\/strong><br \/>\nNicht nur das ist die Gefahr, sondern vor allem der Umstand, dass es hierzulande weder jetzt noch nach der Bundestags\u201cwahl\u201c politisch Verantwortliche geben wird, die etwas gegen die illegale Migration und den Schutz unserer Grenzen tun werden.<br \/>\n21.8.2021, H.C.<br \/>\nEnde Kommentare<\/p>\n","protected":false},"excerpt":{"rendered":"<p>&#8222;Migranten als Waffe&#8220; melden die Medien (s.u.), seit die EU in offiziellen Verlautbarungen Belarus vorwirft, Migranten als Waffe einzusetzen: Diktator Lukaschenko l\u00e4\u00dft &#8211; ohne zu fragen &#8211; vor allem Iraker und Afrikaner \u00fcber die 680 km lange EU-Aussengrenze nach Litauen &hellip; <a href=\"https:\/\/www.freiburg-schwarzwald.de\/blog\/migranten-als-waffe-einsetzen\/\">Weiterlesen <span class=\"meta-nav\">&rarr;<\/span><\/a><\/p>\n","protected":false},"author":2,"featured_media":0,"comment_status":"open","ping_status":"closed","sticky":false,"template":"","format":"standard","meta":{"footnotes":""},"categories":[14,155,13,80],"tags":[489,372,485,622,525,631],"class_list":["post-93975","post","type-post","status-publish","format-standard","hentry","category-global","category-integration","category-kultur","category-medien","tag-european-union","tag-euro","tag-refugee","tag-migration","tag-politik","tag-staat"],"_links":{"self":[{"href":"https:\/\/www.freiburg-schwarzwald.de\/blog\/wp-json\/wp\/v2\/posts\/93975","targetHints":{"allow":["GET"]}}],"collection":[{"href":"https:\/\/www.freiburg-schwarzwald.de\/blog\/wp-json\/wp\/v2\/posts"}],"about":[{"href":"https:\/\/www.freiburg-schwarzwald.de\/blog\/wp-json\/wp\/v2\/types\/post"}],"author":[{"embeddable":true,"href":"https:\/\/www.freiburg-schwarzwald.de\/blog\/wp-json\/wp\/v2\/users\/2"}],"replies":[{"embeddable":true,"href":"https:\/\/www.freiburg-schwarzwald.de\/blog\/wp-json\/wp\/v2\/comments?post=93975"}],"version-history":[{"count":5,"href":"https:\/\/www.freiburg-schwarzwald.de\/blog\/wp-json\/wp\/v2\/posts\/93975\/revisions"}],"predecessor-version":[{"id":93988,"href":"https:\/\/www.freiburg-schwarzwald.de\/blog\/wp-json\/wp\/v2\/posts\/93975\/revisions\/93988"}],"wp:attachment":[{"href":"https:\/\/www.freiburg-schwarzwald.de\/blog\/wp-json\/wp\/v2\/media?parent=93975"}],"wp:term":[{"taxonomy":"category","embeddable":true,"href":"https:\/\/www.freiburg-schwarzwald.de\/blog\/wp-json\/wp\/v2\/categories?post=93975"},{"taxonomy":"post_tag","embeddable":true,"href":"https:\/\/www.freiburg-schwarzwald.de\/blog\/wp-json\/wp\/v2\/tags?post=93975"}],"curies":[{"name":"wp","href":"https:\/\/api.w.org\/{rel}","templated":true}]}}