{"id":9372,"date":"2012-08-16T16:11:33","date_gmt":"2012-08-16T14:11:33","guid":{"rendered":"https:\/\/www.freiburg-schwarzwald.de\/blog\/?p=9372"},"modified":"2012-08-16T16:11:33","modified_gmt":"2012-08-16T14:11:33","slug":"s-laedeli-in-waltershofen-postfiliale-und-mehr","status":"publish","type":"post","link":"https:\/\/www.freiburg-schwarzwald.de\/blog\/s-laedeli-in-waltershofen-postfiliale-und-mehr\/","title":{"rendered":"S Laedeli in Waltershofen &#8211; Postfiliale und mehr"},"content":{"rendered":"<p>Vor einem Dreivierteljahr wurde in der Waltershofener Steinriedhalle die br\u00f6ckelnde Nahversorgung diskutiert. Im Juli 2011 hatte die B\u00e4ckerei Stiefvater mit kleinem Lebensmittelangebot geschlossen. Seither sieht es in Waltershofen mau aus, was die nahe Versorgung mit Lebensmitteln angeht. Sabrina Lenz (32) schafft jetzt Abhilfe: Sie er\u00f6ffnet ihr <a title=\"Laden\" href=\"https:\/\/www.freiburg-schwarzwald.de\/blog\/business\/handel\/laden\/\">Gesch\u00e4ft<\/a> &#8222;S\u2019 L\u00e4deli&#8220;, wo es &#8222;von allem ein bisschen&#8220; geben soll, wie sie sagt.<!--more--> In ihrem kleinen Gesch\u00e4ft an der Klosterstra\u00dfe betreibt Sabrina Lenz auch eine Postfiliale, die sie am Montag (13. August) er\u00f6ffnet hat. Auf die Lebensmittel m\u00fcssen die Waltershofener noch drei Wochen warten &#8230;&#8230;\u00a0<br \/>\nAlles vom 16.8.2012 auf <a href=\"https:\/\/www.badische-zeitung.de\/freiburg-tuniberg\/von-allem-ein-bisschen\">https:\/\/www.badische-zeitung.de\/freiburg-tuniberg\/von-allem-ein-bisschen<\/a><\/p>\n<div>&#8222;S\u2019 L\u00e4deli&#8220;, Sabrina Lenz<br \/>\nPostfiliale, Laden f\u00fcr Dies und Das<br \/>\nmontags bis freitags von 8.30 bis 12 Uhr, samstags bis 13 Uhr, mittwochs und freitags von 15 bis 18 Uhr<br \/>\nKlosterstrasse , Waltershofen<\/div>\n","protected":false},"excerpt":{"rendered":"<p>Vor einem Dreivierteljahr wurde in der Waltershofener Steinriedhalle die br\u00f6ckelnde Nahversorgung diskutiert. Im Juli 2011 hatte die B\u00e4ckerei Stiefvater mit kleinem Lebensmittelangebot geschlossen. Seither sieht es in Waltershofen mau aus, was die nahe Versorgung mit Lebensmitteln angeht. Sabrina Lenz (32) &hellip; <a href=\"https:\/\/www.freiburg-schwarzwald.de\/blog\/s-laedeli-in-waltershofen-postfiliale-und-mehr\/\">Weiterlesen <span class=\"meta-nav\">&rarr;<\/span><\/a><\/p>\n","protected":false},"author":4,"featured_media":0,"comment_status":"closed","ping_status":"closed","sticky":false,"template":"","format":"standard","meta":{"footnotes":""},"categories":[23],"tags":[383],"class_list":["post-9372","post","type-post","status-publish","format-standard","hentry","category-handel","tag-laden"],"_links":{"self":[{"href":"https:\/\/www.freiburg-schwarzwald.de\/blog\/wp-json\/wp\/v2\/posts\/9372","targetHints":{"allow":["GET"]}}],"collection":[{"href":"https:\/\/www.freiburg-schwarzwald.de\/blog\/wp-json\/wp\/v2\/posts"}],"about":[{"href":"https:\/\/www.freiburg-schwarzwald.de\/blog\/wp-json\/wp\/v2\/types\/post"}],"author":[{"embeddable":true,"href":"https:\/\/www.freiburg-schwarzwald.de\/blog\/wp-json\/wp\/v2\/users\/4"}],"replies":[{"embeddable":true,"href":"https:\/\/www.freiburg-schwarzwald.de\/blog\/wp-json\/wp\/v2\/comments?post=9372"}],"version-history":[{"count":0,"href":"https:\/\/www.freiburg-schwarzwald.de\/blog\/wp-json\/wp\/v2\/posts\/9372\/revisions"}],"wp:attachment":[{"href":"https:\/\/www.freiburg-schwarzwald.de\/blog\/wp-json\/wp\/v2\/media?parent=9372"}],"wp:term":[{"taxonomy":"category","embeddable":true,"href":"https:\/\/www.freiburg-schwarzwald.de\/blog\/wp-json\/wp\/v2\/categories?post=9372"},{"taxonomy":"post_tag","embeddable":true,"href":"https:\/\/www.freiburg-schwarzwald.de\/blog\/wp-json\/wp\/v2\/tags?post=9372"}],"curies":[{"name":"wp","href":"https:\/\/api.w.org\/{rel}","templated":true}]}}