{"id":93464,"date":"2021-08-10T09:23:26","date_gmt":"2021-08-10T07:23:26","guid":{"rendered":"https:\/\/www.freiburg-schwarzwald.de\/blog\/?p=93464"},"modified":"2021-08-10T09:27:02","modified_gmt":"2021-08-10T07:27:02","slug":"bei-uns-sind-kinder-nur-objekte","status":"publish","type":"post","link":"https:\/\/www.freiburg-schwarzwald.de\/blog\/bei-uns-sind-kinder-nur-objekte\/","title":{"rendered":"Bei uns sind Kinder nur Objekte"},"content":{"rendered":"<p>Seit der <a href=\"https:\/\/www.freiburg-schwarzwald.de\/blog\/kultur\/aufklaerung\/\">Aufkl\u00e4rung<\/a> wird von <a href=\"https:\/\/www.freiburg-schwarzwald.de\/blog\/bildung\/wissenschaft\/\">Wissenschaft<\/a> und Technik gefordert, m\u00f6glichst jedes Problem zu l\u00f6sen. Dieser Machbarkeitswahn herrscht auch in der <a href=\"https:\/\/www.freiburg-schwarzwald.de\/blog\/business\/gesund\/corona-virus\/\">Coronakrise<\/a>: Corona besiegen, das Covid19-Virus t\u00f6ten, absoluten <a href=\"https:\/\/www.freiburg-schwarzwald.de\/blog\/business\/gesund\/lebensschutz\/\">Gesundheitsschutz<\/a> gew\u00e4hren. Solange die Mehrheit der <a href=\"https:\/\/www.freiburg-schwarzwald.de\/blog\/engagement\/zukunft\/demokratie\/volk\/\">Bev\u00f6lkerung<\/a> die Machbarkeit bejahtf<!--more-->und <a href=\"https:\/\/www.freiburg-schwarzwald.de\/blog\/business\/gesund\/corona-virus\/lockdown-endlos\/\">Lockdowns<\/a>, <a href=\"https:\/\/www.freiburg-schwarzwald.de\/blog\/business\/gesund\/corona-virus\/maske\/\">Masken<\/a> und <a href=\"https:\/\/www.freiburg-schwarzwald.de\/blog\/business\/gesund\/corona-virus\/impfung\/\">Impfung<\/a> fordert, kommen Politiker dieser Forderung nach (sie wollen ja gew\u00e4hlt werden). Und die Medien machen eifrig mit (sie wollen je gelesen werden).<br \/>\n.<br \/>\nNun wird der Machbarkeitswahn von immer mehr Menschen angezweifelt: Lockdown relativ wirkungslos (Beispiel <a href=\"https:\/\/www.freiburg-schwarzwald.de\/blog\/global\/schweden\/\">Schweden<\/a>). Auch Geimpfte stecken andere an (Beispiel <a href=\"https:\/\/www.freiburg-schwarzwald.de\/blog\/global\/israel\/israel2020\/\">Israel<\/a>: Infektionszunahme trotzt h\u00f6chster Impfquote). Die Bev\u00f6lkerung spaltet sich. Am meisten davon betroffen sind die <a href=\"https:\/\/www.freiburg-schwarzwald.de\/blog\/kinder-als-corona-leidtragende\/\">Kinder<\/a>. Warum? Die Antwort gibt der Hirnforscher Prof Gerald H\u00fcther bereits im Titel <strong><em>&#8222;Bei uns sind Kinder nur Objekte&#8220;<\/em><\/strong> seines Interviews mit Milena Preradociv (s.u.) an. <a href=\"https:\/\/www.youtube.com\/watch?v=ZvqFEoIZ3-E\">https:\/\/www.youtube.com\/watch?v=ZvqFEoIZ3-E<\/a><br \/>\nAus diesem sehenswerten Video einige Stichworte:<\/p>\n<p><em>&#8222;Kinder werden zu Objekten aller Bildungsma\u00dfnahmen gemacht&#8220;<\/em>. Bis zum 3. Lebensjahr lernt ein Kind alles selbst. Aus Lust, vom &#8222;Bed\u00fcrfnis nach Lernen&#8220; geleitet. Danach wird es belehrt, also Objekt, und die Lust ist weg. <a href=\"https:\/\/www.freiburg-schwarzwald.de\/blog\/business\/gesund\/corona-virus\/corona-kinder\/\">Kinder<\/a> am Tag der Einschulung &#8211; Begeisterung. Und zwei Jahre danach &#8211; alles weg.<br \/>\nKinder sind viel lebendiger als wir Erwachsene, Kinder haben viel mehr Bed\u00fcrfnisse &#8211; nach Bewegung, nach Freiheit, nach frischer Luft drau\u00dfen, nach Autonomie usw.. &#8211; um daraus dann zu lernen. Nun werden diese kindlichen Bed\u00fcrfnisse durch Corona-Ma\u00dfnahmen abrupt unterbunden &#8211; begleitet mit Drohung und <a href=\"https:\/\/www.freiburg-schwarzwald.de\/blog\/angst-gegen-kinder-wie-buerger\/\">Angstmache<\/a>: Das <a href=\"https:\/\/www.freiburg-schwarzwald.de\/blog\/business\/gesund\/corona-virus\/corona-strategiepapier\/\">staatliche Corona-Strategiepapier<\/a> vom Fr\u00fchjahr 2020 &#8222;Wenn Du nicht dies und jenes tust, dann stirbt deine Oma am Erstickungstod&#8220; ver\u00e4ngstigt Kinder mit ungeheuerlicher Brutalit\u00e4t.<br \/>\nIm Hirn entsteht dadurch eine Unruhe, eine Inkoh\u00e4renz mit der Folge, da\u00df die Bed\u00fcrfnisse verlernt bzw. abgestellt werden. Kinder unterdr\u00fccken die Bed\u00fcrfnisse so lange, bis sie nicht mehr da sind. Nach 6 Monaten drinnen will der Bub nicht mehr raus. Die Oma, die die Enkelin abholt, wird nicht mehr umarmt.<\/p>\n<p>Zur Impfung von Kindern prangert Prof H\u00fcther an:<br \/>\n1) Mutter daf\u00fcr, Vater dagegen, das Kind mu\u00df sich entscheiden. &#8222;Was f\u00fcr eine grausame staatliche Ma\u00dfnahme&#8220;.<br \/>\n2) &#8222;Ich kenne keine Gesellschaft, die ihre Kinder wissentlich benutzt, um sich selbst zu sch\u00fctzen&#8220;.<br \/>\nNachdem sich herausgestellt hat, da\u00df die gro\u00dfen Impfziele nicht zu erreichen sind (auch Geimpfte k\u00f6nnen andere anstecken), nehmen Unsicherheit und Angst der Impfbef\u00fcrworter zu, wodurch sie mit noch mehr Aggressivit\u00e4t gegen Impfgegner vorgehen und die Impfpflicht durchsetzen &#8211; nun auch bei <a href=\"https:\/\/www.freiburg-schwarzwald.de\/blog\/kinder-leiden-am-meisten\/\">Kindern<\/a>.<\/p>\n<p>Das Homeschooling hat deutlich gemacht, da\u00df die Schule f\u00fcr viele K\u00ednder der letzte Ort ist, wo sie noch soziale Kontakte erfahren und ihre Bed\u00fcrfnisse ausleben k\u00f6nnen. Kinder m\u00fcssen Erfahrungen machen, um lebenskompetent zu werden.<br \/>\nDeshalb die Forderung von Prof H\u00fcther: Schulen \u00f6ffnen, ohne Einschr\u00e4nkungen. &#8222;Lust am Leben&#8220; bringt &#8222;Freude am Lernen&#8220; zur\u00fcck.<br \/>\nDas betreute Leben erzeugt <a href=\"https:\/\/www.freiburg-schwarzwald.de\/blog\/global\/integration\/kompetenz\/\">Inkompetenz<\/a> all\u00fcberall. Gerade bei Kindern. Einer ungewohnten Situation begegnet der Mensch zun\u00e4chst mit Angst und der Frage &#8222;Habe ich etwas \u00e4hnliches schon mal erlebt? Welche Erfahrungen habe ich damals damit gemacht?&#8220; Ein \u00fcberbetreutes Kind kann sie diese Fragen mangels Erfahrungen nicht stellen, d.h. die Angst kann regieren.<br \/>\nDie Dienstleistungsgesellschaft bietet zu jedem Problem (K\u00fcchenabflu\u00df verstopft. Fahrradfahren anstrengend) einen Dienstleister (Rohr frei &#8211; w\u00e4hle 7 mal die drei. E-Bike f\u00fcr 6-J\u00e4hrige). Sie produziert verw\u00f6hnte Kinder.<\/p>\n<p><a href=\"https:\/\/www.freiburg-schwarzwald.de\/blog\/business\/gesund\/corona-virus\/corona-angst\/\">Angst vor Corona<\/a>? Nein, sonst w\u00fcrden die Politiker nicht beim Abschalten der TV-Kamera die Masken abnehmen und dicht beieinander munter plaudern.<br \/>\nDas ist die Angst der Kind gebliebenen Erwachsenen, endlich erwachsen zu werden und selbst eigenverantwortlich aktiv zu leben, statt im Wohlf\u00fchlrundumversorgungsstaat in vermeintlicher Risikolosigkeit betreut zu werden.<br \/>\nDas ist die Angst vor dem Eingest\u00e4ndnis, da\u00df der Machbarkeitswahn beim Covid9-Virus kl\u00e4glich gescheitert ist mit der Konsequenz, sich mit dem Virus arrangieren und mit dem Risiko leben zu m\u00fcssen.<br \/>\nDas Verabschieden des Machbarkeitswahns ist ein langsamer, zeitraubender Proze\u00df. Der Abbau der Spaltung der Gesellschaft und die \u00fcberf\u00e4llige Vers\u00f6hnung der beiden Corona-Parteien wird nicht so rasch erfolgen. Was aber rasch umgesetzt werden mu\u00df: Die Kinder aus dem Ma\u00dfnahmen-Hickhack heraushalten und einen <a href=\"https:\/\/www.freiburg-schwarzwald.de\/blog\/schulen-und-kitas-wieder-oeffnen\/\">ganz normalen Schulbetrieb<\/a> herstellen.<br \/>\n10.8.2021<\/p>\n<p>.<\/p>\n<p><strong>\u201eBei uns sind Kinder nur Objekte\u201c \u2013 Video mit Prof. Dr. Gerald H\u00fcther<\/strong><br \/>\nWie wird sich unser Leben im Zuge der Corona-Krise ver\u00e4ndern? Was ist das neue Normal? Was macht das mit uns als soziale Wesen? Der bekannte Hirnforscher Prof. Dr. Gerald H\u00fcther sieht eine Zeitenwende auf uns zukommen. Ein Gespr\u00e4ch \u00fcber die \u201ecoronare Wende\u201c, Angstbew\u00e4ltigung, Kinder als reine \u201eObjekte\u201c und \u201ebetreutes Leben\u201c<br \/>\n5.8.2021<br \/>\n<a href=\"https:\/\/punkt-preradovic.com\/bei-uns-sind-kinder-nur-objekte-mit-prof-dr-gerald-huether\/\">https:\/\/punkt-preradovic.com\/bei-uns-sind-kinder-nur-objekte-mit-prof-dr-gerald-huether\/<\/a><br \/>\n<a href=\"https:\/\/www.youtube.com\/watch?v=ZvqFEoIZ3-E\">https:\/\/www.youtube.com\/watch?v=ZvqFEoIZ3-E<\/a><br \/>\n.<br \/>\nAus 362 comments<br \/>\n<strong>Aus Angst: Aggression gegen Andersdenkende<\/strong><br \/>\nMinute 35:45 Die Angst ist der Grund f\u00fcr das Anfeinden der Andersdenkenden, eine Angst-Bew\u00e4ltigungsstrategie, welche zur Spaltung der Gesellschaft f\u00fchrt. Ein Ausweg k\u00f6nnte sein sich gemeinsam \u00fcber das Leben zu freuen, liebevoll zu sich selbst und zu den Anderen zu sein, sich gegenseitig zu st\u00e4rken und vieles mehr. In diesem Sinne: Danke, dass ihr alle hier seid!<br \/>\n5.8.2021, F.K.<br \/>\nIch habe es heute wieder gemerkt,als ich meinen dreij\u00e4hrigen Enkel aus der Kita abgeholt habe. Ich darf ja nur mit Maske rein(mal sehen wie lange noch) und er kann einfach nicht auf mich zukommen. Er sieht mich mit gro\u00dfem Augen an und ich sp\u00fcre fast eine Abneigung gegen mich. Verlassen wir dann das Geb\u00e4ude wird er locker und plappert ohne Ende. Dann l\u00e4uft er mir auch in die Arme und will kuscheln. Mir tut das so weh,weil ich glaube,er freut sich nicht,wenn ich ihn abhole. Aber das ist totaler Quatsch,er sieht einfach nur nicht,ob ich mich freue ihn zu sehen. Ist die sch&#8230; Maske runter,kann er meine Mimik sehen und er reagiert auf jeden Blick und jede Gestik.<br \/>\nIch habe eine stink Wut auf dieses C bzw. auf diese Politkasper, die mit diesem C etwas ganz anderes vorhaben!<br \/>\n5.8.2021, G.B.<\/p>\n<p><strong>Es gibt in diesen Tagen ganz wenige Leuchtt\u00fcrme<\/strong><br \/>\nklugen, erfahrenen und empathischen Denkens. Herr H\u00fcther ist einer dieser Leuchtt\u00fcrme. Um seinen Ausf\u00fchrungen aber folgen und sie letztlich begreifen zu k\u00f6nnen, dazu bedarf es der grundlegenden F\u00e4higkeit und des Mutes, sich selbst und sein Leben in Frage zu stellen und Ver\u00e4nderungen als Lebensweg zu akzeptieren. In einer Gesellschaft, die letztlich auf Verdr\u00e4ngung aufgebaut ist und in der jeder seelische und k\u00f6rperliche Schmerz palliativ vernichtet wird, kann kein Dialog mit K\u00f6rper und Seele stattfinden. In dieser Gesellschaft wird einem Glauben gemacht, Gesundheit l\u00e4sst sich schlucken und spritzen &#8230; Liebe Frau Preradovic, lieber Herr H\u00fcther, haben sie vielen Dank f\u00fcr das \u00e4u\u00dferst anregende, menschliche Zwiegespr\u00e4ch! In solchen Auseinadersetzungen liegt die wahre Zukunft!<br \/>\n5.8.2021, Krz<\/p>\n<p><strong>Ich bin eine Oma,<\/strong><br \/>\nnicht geimpft, nicht getestet, nicht genesen, sondern gesund, wor\u00fcber ich t\u00e4glich sehr dankbar bin. Meine Enkel sind ohne eine einzige Ausnahme immer zu mir gekommen, um zu spielen, zu kuscheln und vieles mehr. Wer in mein Haus kommt, bestimme ich selbst. Ich kann andere Gro\u00dfeltern sehr ermutigen, dar\u00fcber nachzudenken. Alles Gute!<br \/>\n5.8.2021, G.W.<br \/>\nEnde Kommentare<br \/>\n.<br \/>\n<strong>Was die Angst vor Corona mit unseren Kindern macht und wie wir sie besser davor sch\u00fctzen k\u00f6nnen<\/strong><br \/>\n<strong>Interview mit dem Hirnforscher Prof Gerald H\u00fcther<\/strong><br \/>\nAngst ist in der aktuellen Corona-Pandemie omnipr\u00e4sent, besonders bei Kindern. Zwar sind viele Erwachsene stolz, dass die meisten Kinder bei den Ma\u00dfnahmen so gut mitmachen, Verantwortung zeigen, eben die Gro\u00dfeltern nicht besuchen, kaum Freunde treffen, Masken tragen usw. Doch dabei unterdr\u00fccken sie ihre lebenswichtigen Bed\u00fcrfnisse nach Verbundenheit und Autonomie.<br \/>\nWas passiert dabei im Hirn der Kinder? Was geht verloren? Welche Folgen hat das? Wie kommen wir da wieder raus? Gerald H\u00fcther analysiert, was derzeit mit und bei unseren Kindern passiert und stellt L\u00f6sungsm\u00f6glichkeiten vor, wie wir ihnen helfen k\u00f6nnen, dass sie wieder zu mehr Lebendigkeit kommen, jetzt und auch in der Zukunft. Dieses neurobiologische Gespr\u00e4ch macht Mut und kann Eltern, p\u00e4dagogischen Fachkr\u00e4ften und vlt. auch Politikern helfen, einen anderen, kindgerechteren Umgang mit der aktuellen, von gro\u00dfer Angst dominierten Situation zu finden.<br \/>\n1.12.2021, <a href=\"https:\/\/www.youtube.com\/watch?v=w-2yyjPRv9g\">https:\/\/www.youtube.com\/watch?v=w-2yyjPRv9g<\/a><br \/>\n.<br \/>\nEinige Kommentare<br \/>\n<strong>&#8222;Das bleibt unter uns&#8220;: DDR &#8211; heute<\/strong><br \/>\nVor l\u00e4ngerer Zeit sprach ich relativ offen zu meinem ca. 10 j\u00e4hrigen Kind, das was wir gerade besprochen haben bleibt bei uns. In der Schule h\u00e4lst du dich bitte bei solchen Diskussionen raus. Dann dachte ich, das haben doch deine Eltern damals (DDR) zu dir gesagt. Mir fr\u00f6stelte und ich dachte , aha wir sind wieder angekommen. Der Kreis schlie\u00dft sich. Bitter.<br \/>\n1.12.2020, V.S., YO<\/p>\n<p><strong>&#8230;es geht um die Installation einer vorbehaltlosen Gehorsamkeit<\/strong><br \/>\nf\u00fcr die k\u00fcnftigen Generationen und, auch deren Kinder- und Kindeskinder. Selbiges habe ich selbst im Sozialismus erlebt. Es ist traurig wie man die Effekte begutachten kann die amerikanische Agenturen in Deutschland bei den 30 J\u00e4hrigen von morgen schon installieren\/ bereits installiert haben. Dankbar werden diese armen Generationen ihren n\u00e4chsten Denunzieren und sich h\u00f6rig in jede Ansage f\u00fcgen. &#8222;The Village&#8220; l\u00e4sst gr\u00fc\u00dfen.<br \/>\n1.12.2020, An.N.<\/p>\n<p><strong>Vielen Dank an Prof. H\u00fcther f\u00fcr seinen unerm\u00fcdlichen Einsatz<\/strong><br \/>\nf\u00fcr die (psychische) Gesundheit der Kinder. Die Verantwortung von Eltern und Lehrern gegen\u00fcber den Kindern ist nicht unerheblich. In diesem Zusammenhang m\u00f6chte ich auf die sehr zukunftsweisende und perspektivreiche Video-Konferenz &#8222;Der Schutz vor der Angst durch wirkliche Verantwortung &#8211; die neue Kultur&#8220; verweisen: <a href=\"https:\/\/www.youtube.com\/watch?v=KOyb8bkuPqI\">https:\/\/www.youtube.com\/watch?v=KOyb8bkuPqI<\/a><br \/>\n1.12.2020, M.L.<br \/>\nEnde Kommentare<br \/>\n.<\/p>\n<p><strong>Lieblosigkeit macht krank &#8211; Gerald H\u00fcther im Gespr\u00e4ch<\/strong><br \/>\nMit dem Neurobiologen Gerald H\u00fcther spreche ich \u00fcber Machbarkeitswahn und Kontrolldenken, die Unterdr\u00fcckung von vitalen Bed\u00fcrfnissen und fixe Ideen sowie den Einfluss der Angst auf unser Denken und F\u00fchlen, den Ausweg aus der Lebensfeindlichkeit und \u00fcber eine Einladung zum liebevollen Umgang mit sich selbst. Um diese neue Initiative geht es auch hier: <a href=\"https:\/\/www.liebevoll.jetzt\">https:\/\/www.liebevoll.jetzt<\/a><br \/>\n13.2.2021<br \/>\n<a href=\"https:\/\/www.youtube.com\/watch?v=fScdoLRAaiQ\">https:\/\/www.youtube.com\/watch?v=fScdoLRAaiQ<\/a><\/p>\n","protected":false},"excerpt":{"rendered":"<p>Seit der Aufkl\u00e4rung wird von Wissenschaft und Technik gefordert, m\u00f6glichst jedes Problem zu l\u00f6sen. Dieser Machbarkeitswahn herrscht auch in der Coronakrise: Corona besiegen, das Covid19-Virus t\u00f6ten, absoluten Gesundheitsschutz gew\u00e4hren. Solange die Mehrheit der Bev\u00f6lkerung die Machbarkeit bejahtf<\/p>\n","protected":false},"author":2,"featured_media":0,"comment_status":"open","ping_status":"closed","sticky":false,"template":"","format":"standard","meta":{"footnotes":""},"categories":[18,181,36,158,60,61,93,12,64,95],"tags":[700,521,682,568,721],"class_list":["post-93464","post","type-post","status-publish","format-standard","hentry","category-bildung","category-buergerbeteiligung","category-engagement","category-gesund","category-jugend","category-kinder","category-kindergarten","category-natur","category-psyche","category-schulen","tag-corona","tag-family","tag-freiheit","tag-jugend-2","tag-kindergarten"],"_links":{"self":[{"href":"https:\/\/www.freiburg-schwarzwald.de\/blog\/wp-json\/wp\/v2\/posts\/93464","targetHints":{"allow":["GET"]}}],"collection":[{"href":"https:\/\/www.freiburg-schwarzwald.de\/blog\/wp-json\/wp\/v2\/posts"}],"about":[{"href":"https:\/\/www.freiburg-schwarzwald.de\/blog\/wp-json\/wp\/v2\/types\/post"}],"author":[{"embeddable":true,"href":"https:\/\/www.freiburg-schwarzwald.de\/blog\/wp-json\/wp\/v2\/users\/2"}],"replies":[{"embeddable":true,"href":"https:\/\/www.freiburg-schwarzwald.de\/blog\/wp-json\/wp\/v2\/comments?post=93464"}],"version-history":[{"count":3,"href":"https:\/\/www.freiburg-schwarzwald.de\/blog\/wp-json\/wp\/v2\/posts\/93464\/revisions"}],"predecessor-version":[{"id":93467,"href":"https:\/\/www.freiburg-schwarzwald.de\/blog\/wp-json\/wp\/v2\/posts\/93464\/revisions\/93467"}],"wp:attachment":[{"href":"https:\/\/www.freiburg-schwarzwald.de\/blog\/wp-json\/wp\/v2\/media?parent=93464"}],"wp:term":[{"taxonomy":"category","embeddable":true,"href":"https:\/\/www.freiburg-schwarzwald.de\/blog\/wp-json\/wp\/v2\/categories?post=93464"},{"taxonomy":"post_tag","embeddable":true,"href":"https:\/\/www.freiburg-schwarzwald.de\/blog\/wp-json\/wp\/v2\/tags?post=93464"}],"curies":[{"name":"wp","href":"https:\/\/api.w.org\/{rel}","templated":true}]}}