{"id":9338,"date":"2012-08-15T17:22:54","date_gmt":"2012-08-15T15:22:54","guid":{"rendered":"https:\/\/www.freiburg-schwarzwald.de\/blog\/?p=9338"},"modified":"2012-08-15T17:26:24","modified_gmt":"2012-08-15T15:26:24","slug":"twike-als-mittler-zwischen-freiburg-und-agadir","status":"publish","type":"post","link":"https:\/\/www.freiburg-schwarzwald.de\/blog\/twike-als-mittler-zwischen-freiburg-und-agadir\/","title":{"rendered":"Twike als Mittler zwischen Freiburg und Agadir"},"content":{"rendered":"<p>&#8222;Steigen Sie ein. Die <a title=\"Energie\" href=\"https:\/\/www.freiburg-schwarzwald.de\/blog\/energie\/\">Energiewende<\/a> hat drei R\u00e4der, Platz f\u00fcr zwei Personen und wiegt etwa 260 kg. Unser Beitrag f\u00fcr eine bessere Welt f\u00e4hrt 85 km\/h und braucht umgerechnet 0,5 Liter Sprit auf 100 km. Umgerechnet deswegen, weil das TWIKE als <a title=\"Strom\" href=\"https:\/\/www.freiburg-schwarzwald.de\/blog\/energie\/strom\/\">Elektrofahrzeug<\/a> ganz <a title=\"Nachhaltigkeit\" href=\"https:\/\/www.freiburg-schwarzwald.de\/blog\/natur\/klima\/nachhaltigkeit\/\">auf fossile Brennstoffe verzichtet<\/a>. Der gr\u00fcne Saft aus der Steckdose energetisiert das TWIKE pro Minute um einen weiteren km. Reichweite ist ebenfalls kein Problem, Akkus gibt es in vielen Gr\u00f6\u00dfen und mit Reichweiten bis \u00fcber 200 km. Wer TWIKE f\u00e4hrt, ist anders. Sportlicher zum Beispiel. Denn er kann mit eigener Muskelkraft den Antrieb unterst\u00fctzen.&#8220;<!--more--><\/p>\n<p>So begeistert sich die\u00a0Freiburger Geografin Silvia Brutschin, die mit ihrem dreir\u00e4drigen Elektromobil Twike bei der E-Miglia mitf\u00e4hrt, der internationalen Rallye f\u00fcr Elektromobile, die in vier Tagen\u00a0von M\u00fcnchen durch die Alpen \u00fcber S\u00fcdtirol nach St.Moritz f\u00fchrt &#8211;\u00a0 800 km elektroleise und\u00a0emissionsfrei. Das Desertec-Projekt (Fotovoltaik-Strom in den W\u00fcsten Nordafrikas erzeugen und \u00fcber gigantische Leitungen in die Industriemetropolen Europa\u00a0 transportieren) brachte sie auf die Idee, mit dem Twike zu reisen udn so f\u00fcr die Elektromobilit\u00e4t zu werben.<br \/>\n<a href=\"https:\/\/www.e-miglia.com\">www.e-miglia.com<\/a> ,<br \/>\nBlog von Silvia Brutschin <a href=\"https:\/\/www.twikingfuture.com\">www.twikingfuture.com<\/a>\u00a0<\/p>\n<p><strong>Green City Freiburg mit Marokkos Energiemodellstadt Agadir?<\/strong><br \/>\nDurch ihre Twike-Fahrten hat Silvia Brutschin inzwischen Kontakt zum Energieminister Marokkos und zu vielen anderen Politikern bekommen. Sie wird zu internationalen Konferenzen wie der Menarec, der Middle East North Africa Renewable Conference, eingeladen. &#8222;Mein gro\u00dfer Wunsch ist, dass ich einen Kontakt zwischen der Green City Freiburg und meiner marokkanischen Zweitheimatstadt Agadir herstellen kann. Agadir soll n\u00e4mlich Modellstadt f\u00fcr erneuerbare Energie werden.&#8220; &#8230;. Alles vom 15.8.2012 bitte lesen auf<br \/>\n<a href=\"https:\/\/www.badische-zeitung.de\/freiburg\/von-der-wueste-in-die-alpen-hauptsache-elektrisch--63131633.html\">https:\/\/www.badische-zeitung.de\/freiburg\/von-der-wueste-in-die-alpen-hauptsache-elektrisch&#8211;63131633.html<\/a><\/p>\n<p><a href=\"https:\/\/www.freiburg-schwarzwald.de\/twike\">https:\/\/www.freiburg-schwarzwald.de\/twike<\/a><\/p>\n","protected":false},"excerpt":{"rendered":"<p>&#8222;Steigen Sie ein. Die Energiewende hat drei R\u00e4der, Platz f\u00fcr zwei Personen und wiegt etwa 260 kg. Unser Beitrag f\u00fcr eine bessere Welt f\u00e4hrt 85 km\/h und braucht umgerechnet 0,5 Liter Sprit auf 100 km. Umgerechnet deswegen, weil das TWIKE &hellip; <a href=\"https:\/\/www.freiburg-schwarzwald.de\/blog\/twike-als-mittler-zwischen-freiburg-und-agadir\/\">Weiterlesen <span class=\"meta-nav\">&rarr;<\/span><\/a><\/p>\n","protected":false},"author":4,"featured_media":0,"comment_status":"closed","ping_status":"closed","sticky":false,"template":"","format":"standard","meta":{"footnotes":""},"categories":[134,14,132,7],"tags":[151,115,381],"class_list":["post-9338","post","type-post","status-publish","format-standard","hentry","category-e-bike","category-global","category-strom","category-tourismus","tag-erneuerbare-energien","tag-pedelec","tag-twike"],"_links":{"self":[{"href":"https:\/\/www.freiburg-schwarzwald.de\/blog\/wp-json\/wp\/v2\/posts\/9338","targetHints":{"allow":["GET"]}}],"collection":[{"href":"https:\/\/www.freiburg-schwarzwald.de\/blog\/wp-json\/wp\/v2\/posts"}],"about":[{"href":"https:\/\/www.freiburg-schwarzwald.de\/blog\/wp-json\/wp\/v2\/types\/post"}],"author":[{"embeddable":true,"href":"https:\/\/www.freiburg-schwarzwald.de\/blog\/wp-json\/wp\/v2\/users\/4"}],"replies":[{"embeddable":true,"href":"https:\/\/www.freiburg-schwarzwald.de\/blog\/wp-json\/wp\/v2\/comments?post=9338"}],"version-history":[{"count":0,"href":"https:\/\/www.freiburg-schwarzwald.de\/blog\/wp-json\/wp\/v2\/posts\/9338\/revisions"}],"wp:attachment":[{"href":"https:\/\/www.freiburg-schwarzwald.de\/blog\/wp-json\/wp\/v2\/media?parent=9338"}],"wp:term":[{"taxonomy":"category","embeddable":true,"href":"https:\/\/www.freiburg-schwarzwald.de\/blog\/wp-json\/wp\/v2\/categories?post=9338"},{"taxonomy":"post_tag","embeddable":true,"href":"https:\/\/www.freiburg-schwarzwald.de\/blog\/wp-json\/wp\/v2\/tags?post=9338"}],"curies":[{"name":"wp","href":"https:\/\/api.w.org\/{rel}","templated":true}]}}