{"id":9328,"date":"2012-08-15T16:29:16","date_gmt":"2012-08-15T14:29:16","guid":{"rendered":"https:\/\/www.freiburg-schwarzwald.de\/blog\/?p=9328"},"modified":"2012-08-15T16:29:16","modified_gmt":"2012-08-15T14:29:16","slug":"herdern-rundweg-55-km-eichhalde-krottenweiher-ladstatt-hebsack","status":"publish","type":"post","link":"https:\/\/www.freiburg-schwarzwald.de\/blog\/herdern-rundweg-55-km-eichhalde-krottenweiher-ladstatt-hebsack\/","title":{"rendered":"Herdern-Rundweg 5,5 km &#8211; Eichhalde, Krottenweiher, Ladstatt, Hebsack"},"content":{"rendered":"<p>Vier Hinweistafeln und 17 Wegschilder informieren den <a title=\"Wandern\" href=\"https:\/\/www.freiburg-schwarzwald.de\/blog\/sport\/wandern\/\">Wanderer<\/a> auf dem 5,5 km lange Rundweg \u00fcber <a title=\"Hebsack\" href=\"https:\/\/www.freiburg-schwarzwald.de\/blog\/regio\/freiburg\/hebsack\/\">Herderns<\/a> H\u00f6hen. Vom Kirchplatz f\u00fchrt der Weg \u00fcber die Hebsackstra\u00dfe auf Sonn- und Eichhalde und danach durch den Herdermer Wald bis zum Krottenweiher. Von dort geht es weiter bergauf bis fast auf die Ladstatt. \u00dcber die oberen Hebsackwiesen und vorbei am dortigen Grillplatz geht es dann wieder abw\u00e4rts auf die Eichhalde. Durch den alten Hohlweg, vorbei am Licht-Luft- und Sportbad, wird dann wieder der Kirchplatz erreicht. Sowohl am Endpunkt (Weinberg und Schwanen) wie auch in der Mitte (Panoramahotel Mercure) kann man eine Ruhepause einlegen.<!--more-->Im Zuge der Erarbeitung des Stadtteilentwicklungskonzeptes f\u00fcr Herdern (<a title=\"FreiburgImWandel\" href=\"https:\/\/www.freiburg-schwarzwald.de\/blog\/engagement\/buergerinitiativen\/freiburgimwandel\/\">STEK<\/a>) durch den B\u00fcrgerverein ist auch die Idee entstanden, auf den H\u00f6hen \u00fcber dem Stadtteil einen Kultur- und Landschaftsrundweg einzurichten. Dieser Wanderweg sollte einige der landschaftlichen Sch\u00f6nheiten, aber auch geschichts- und bev\u00f6lkerungsrelevante Standorte aufzeigen. Es bildete sich schnell ein kleiner Arbeitskreis mit Rolf Dehn, Norbert G\u00f6bel, Kerstin Langosch, Thomas Littek, Ulrike Neideck, Hans Sigmund und Michael Wirsching, der dieses Vorhaben vorantrieb. Mehrmals wurde die Strecke begangen und in vielen Sitzungen wurden die Details er\u00f6rtert und ausgearbeitet.<br \/>\nNun ist die 5,5 Kilometer lange Wegstrecke mit Hilfe des Forstamtes und der Stiftungsverwaltung realisiert. Zus\u00e4tzlich half das Garten- und Tiefbaumt (GuT) der Stadt beim Anbringen der Hinweisschilder, die von verschiedenen Sponsoren gestiftet wurden. Au\u00dferdem wurde ein Flyer aufgelegt, der in Herdermer Gesch\u00e4ften ausliegt und detaillierte Erl\u00e4uterungen gibt. Die Rundstrecke \u2013 bei der einige Abk\u00fcrzungen m\u00f6glich sind \u2013 beginnt und endet am Herdermer Kirchplatz, der mit der Buslinie 27 erreichbar ist. An vier Punkten \u2013 am Kirchplatz, Hebsackgut, am einzig verbliebenen Rebgel\u00e4nde sowie am Panoramahotel Mercure \u2013 sind gr\u00f6\u00dfere Hinweistafeln angebracht. Dar\u00fcber hinaus gibt es an der Strecke zwei Routenpl\u00e4ne. An weiteren 17 Punkten findet man nummerierte Hinweisschilder, die im Flyer die jeweiligen Standorte n\u00e4her beschreiben.<br \/>\n15.8.2012<\/p>\n<p>F\u00fchrung am Mittwoch, 15. August, 17 Uhr, Treffpunkt am Kirchplatz, im Rahmen des Sommerprogramms des CDU-Ortsverbands Herdern. Die Veranstaltung ist kostenlos und ohne Anmeldung. Infos\u00a0Tel\u00a00761\/3876620 oder <a title=\"\" href=\"https:\/\/www.cdu-freiburg.de\/\" target=\"_blank\">https:\/\/www.cdu-freiburg.de<\/a><\/p>\n","protected":false},"excerpt":{"rendered":"<p>Vier Hinweistafeln und 17 Wegschilder informieren den Wanderer auf dem 5,5 km lange Rundweg \u00fcber Herderns H\u00f6hen. Vom Kirchplatz f\u00fchrt der Weg \u00fcber die Hebsackstra\u00dfe auf Sonn- und Eichhalde und danach durch den Herdermer Wald bis zum Krottenweiher. Von dort &hellip; <a href=\"https:\/\/www.freiburg-schwarzwald.de\/blog\/herdern-rundweg-55-km-eichhalde-krottenweiher-ladstatt-hebsack\/\">Weiterlesen <span class=\"meta-nav\">&rarr;<\/span><\/a><\/p>\n","protected":false},"author":4,"featured_media":0,"comment_status":"closed","ping_status":"closed","sticky":false,"template":"","format":"standard","meta":{"footnotes":""},"categories":[54,49,122],"tags":[380],"class_list":["post-9328","post","type-post","status-publish","format-standard","hentry","category-ehrenamt","category-freiburg","category-wandern","tag-wanderweg"],"_links":{"self":[{"href":"https:\/\/www.freiburg-schwarzwald.de\/blog\/wp-json\/wp\/v2\/posts\/9328","targetHints":{"allow":["GET"]}}],"collection":[{"href":"https:\/\/www.freiburg-schwarzwald.de\/blog\/wp-json\/wp\/v2\/posts"}],"about":[{"href":"https:\/\/www.freiburg-schwarzwald.de\/blog\/wp-json\/wp\/v2\/types\/post"}],"author":[{"embeddable":true,"href":"https:\/\/www.freiburg-schwarzwald.de\/blog\/wp-json\/wp\/v2\/users\/4"}],"replies":[{"embeddable":true,"href":"https:\/\/www.freiburg-schwarzwald.de\/blog\/wp-json\/wp\/v2\/comments?post=9328"}],"version-history":[{"count":0,"href":"https:\/\/www.freiburg-schwarzwald.de\/blog\/wp-json\/wp\/v2\/posts\/9328\/revisions"}],"wp:attachment":[{"href":"https:\/\/www.freiburg-schwarzwald.de\/blog\/wp-json\/wp\/v2\/media?parent=9328"}],"wp:term":[{"taxonomy":"category","embeddable":true,"href":"https:\/\/www.freiburg-schwarzwald.de\/blog\/wp-json\/wp\/v2\/categories?post=9328"},{"taxonomy":"post_tag","embeddable":true,"href":"https:\/\/www.freiburg-schwarzwald.de\/blog\/wp-json\/wp\/v2\/tags?post=9328"}],"curies":[{"name":"wp","href":"https:\/\/api.w.org\/{rel}","templated":true}]}}