{"id":93127,"date":"2021-07-31T20:12:56","date_gmt":"2021-07-31T18:12:56","guid":{"rendered":"https:\/\/www.freiburg-schwarzwald.de\/blog\/?p=93127"},"modified":"2021-08-04T18:53:09","modified_gmt":"2021-08-04T16:53:09","slug":"corona-versoehnung-statt-angst","status":"publish","type":"post","link":"https:\/\/www.freiburg-schwarzwald.de\/blog\/corona-versoehnung-statt-angst\/","title":{"rendered":"Corona: Vers\u00f6hnung statt Angst"},"content":{"rendered":"<p><a href=\"https:\/\/www.freiburg-schwarzwald.de\/blog\/business\/gesund\/corona-virus\/lockdown-endlos\/\">Lockdown<\/a>-basierte <a href=\"https:\/\/www.freiburg-schwarzwald.de\/blog\/business\/gesund\/corona-virus\/\">Coronapolitik<\/a> und den <a href=\"https:\/\/www.freiburg-schwarzwald.de\/blog\/business\/gesund\/corona-virus\/corona-angst\/\">Angstmache<\/a>-Kampagnen gro\u00dfer Medien hat die Gesellschaft <a href=\"https:\/\/www.freiburg-schwarzwald.de\/blog\/global\/deutschland\/spaltung\/\">gespalten<\/a>. Eine <a href=\"https:\/\/www.freiburg-schwarzwald.de\/blog\/business\/gesund\/corona-virus\/corona-versoehnung\/\">Auss\u00f6hnung<\/a> hin zum &#8222;<a href=\"https:\/\/www.freiburg-schwarzwald.de\/blog\/global\/deutschland\/consent-of-the-governed\/\">Consent of the Governed<\/a>&#8220; wird zur zentralen Aufgabe. Die deutsch-\u00f6sterreichische Initiative \u201eCorona-Auss\u00f6hnung\u201c hat einen Vorschlag zum gesellschaftlichen Kompromi\u00df vorgelegt (s.u.).<!--more--><\/p>\n<p>Die Wissenschaftler und Fachleute aus unterschiedlichen Disziplinen mahnen, da\u00df der Bev\u00f6lkerung das st\u00e4ndige Angst- und Panikmachen in der Pandemie genommen werden werden mu\u00df, um die Spaltung der Gesellschaft zu \u00fcberwinden. Statt die <a href=\"https:\/\/www.freiburg-schwarzwald.de\/blog\/buerger-wird-fuer-dumm-verkauft\/\">B\u00fcrger<\/a> von oben herab durch Zwangsma\u00dfnahmen und Angstmache zu verunsichern, mu\u00df auf Vertrauen, <a href=\"https:\/\/www.freiburg-schwarzwald.de\/blog\/engagement\/verantwortung\/\">Eigenverantwortung<\/a> und <a href=\"https:\/\/www.freiburg-schwarzwald.de\/blog\/global\/integration\/kompetenz\/\">Kompetenz<\/a> gesetzt werden.<\/p>\n<p>Wie schwer eine zur Auss\u00f6hnung erforderliche offene Diskussion zwischen den beiden Lagern ist, zeigt sich schon daran, dass der doch sachliche, vorsichtige und kompromi\u00dfbereite Vorschlag umgehend von den Medien bzw. vom ARD-Faktencheck angegriffen und abqualifiziert wurde:<br \/>\n<a href=\"https:\/\/www.tagesschau.de\/faktenfinder\/corona-ausssoehnung-101.html\">https:\/\/www.tagesschau.de\/faktenfinder\/corona-ausssoehnung-101.html<\/a><br \/>\nWorauf die Autoren des Coronavers\u00f6hnungs-Papiers unter der \u00dcberschrift &#8222;Faktenfinder oder Faktenerfinder?<br \/>\n<a href=\"https:\/\/coronaaussoehnung.org\/wp-content\/uploads\/2021\/07\/Covid-19-ins-Verhaeltnis-setzen_Erwiderung_Rohwedder_12-Juli-2021_01.pdf\">https:\/\/coronaaussoehnung.org\/wp-content\/uploads\/2021\/07\/Covid-19-ins-Verhaeltnis-setzen_Erwiderung_Rohwedder_12-Juli-2021_01.pdf<\/a><br \/>\ngeantwortet haben.<br \/>\n.<br \/>\nIn seiner Philippika <a href=\"https:\/\/www.freiburg-schwarzwald.de\/blog\/demo-csd-ja-querdenker-nein\/\">&#8222;Die gewollte Spaltung unserer Gesellschaft&#8220;<\/a> vom 29.7.2021 konstatiert Peter Hahne schon fast resignierend:<br \/>\n&#8222;Es ist also alles so gewollt: die abgrundtiefe und die nie mehr zu heilende Spaltung unserer Gesellschaft. Sie geht mitten durch D\u00f6rfer und Kieze, durch Vereine und Gemeinden, durch Ehen und Familien. Die ARD brachte unl\u00e4ngst (zu nachtschlafender Zeit nat\u00fcrlich) eine Reportage aus einem brandenburgischen Dorf. Dort herrscht bitterste Feindschaft, wo einmal Zusammenhalt und Solidarit\u00e4t Trumpf waren&#8220;.<br \/>\nSo darf es nicht weitergehen. <em><strong>Vers\u00f6hnung nach Corona ist DIE Aufgabe.<\/strong><\/em><br \/>\n31.7.2021<br \/>\n.<\/p>\n<p><strong>16 Autor*innen f\u00fcr Kurskorrektur in der Corona-Politik<\/strong><br \/>\n<strong>\u2013 \u201eCovid-19 ins Verh\u00e4ltnis setzen&#8220;<\/strong><br \/>\nKonkret geht der Text auf elf \u201eUnverh\u00e4ltnism\u00e4\u00dfigkeiten\u201c ein und benennt 16 \u201eUngereimtheiten\u201c in der Kommunikation zur Pandemie. Diese verst\u00f6ren die Menschen, l\u00f6sen weitere \u00c4ngste aus und gef\u00e4hrden die k\u00f6rperliche und psychische Gesundheit. Die Autor*innen listen 27 Kollateralsch\u00e4den der Zwangsma\u00dfnahmen an Leib und Leben auf und raten dazu, diesen genauso viel Aufmerksamkeit zu schenken wie den Sch\u00e4den an Gesundheit und Leben, die SARS-CoV-2 verursacht.<br \/>\n&#8230;<br \/>\nAm Schluss werden zehn Empfehlungen ausgesprochen, um eine Kurskorrektur in der Corona-Politik einzuleiten. So m\u00fcsse statt auf Angst vielmehr auf Vertrauen, Eigenverantwortung und die St\u00e4rkung der Gesundheitskompetenz der B\u00fcrger*innen gesetzt werden. Anstelle einheitlicher Zwangsma\u00dfnahmen f\u00fcr alle, sollten Subsidiarit\u00e4t, b\u00fcrgerschaftliche Selbstorganisation, individuelle Bew\u00e4ltigungsstrategien und das soziale Miteinander, also eine Diversifizierung der L\u00f6sungsans\u00e4tze unterst\u00fctzt werden.<br \/>\n15.7.2021<br \/>\n<a href=\"https:\/\/coronaaussoehnung.org\/wp-content\/uploads\/2021\/07\/Presseinformation_2021-07-07n_Website.pdf\">https:\/\/coronaaussoehnung.org\/wp-content\/uploads\/2021\/07\/Presseinformation_2021-07-07n_Website.pdf<\/a><br \/>\n<a href=\"https:\/\/coronaaussoehnung.org\/wp-content\/uploads\/2021\/07\/Corona_ins_Verhaeltnis_setzen_Update_15-Juli-2021.pdf\">https:\/\/coronaaussoehnung.org\/wp-content\/uploads\/2021\/07\/Corona_ins_Verhaeltnis_setzen_Update_15-Juli-2021.pdf<\/a><\/p>\n<p>.<br \/>\n<strong>Corona: Verdammt zur Vers\u00f6hnung<\/strong><br \/>\nAuch wenn es in vielen Medien anders dargestellt wird: Die Spaltung wird eindeutig vonseiten der Lockdown-Verteidiger vorangetrieben. Lockdown-Verteidiger sind viel verletzender und aggressiver als die Kritiker der Corona-Politik, die sich in einem gro\u00dfen Akt der Heuchelei und der Pauschalisierung als Schwurbler, Nazis, Covidioten, Verr\u00fcckte und Staatsfeinde beschimpfen lassen m\u00fcssen. Die Autoren des Papiers (siehe\u00a0 oben: Corona-Auss\u00f6hnung) \u00fcben darum zun\u00e4chst auch deutliche Kritik an der Diskussionskultur:<br \/>\n<em>\u201eBereits fr\u00fch wurde deutlich, dass vor allem Kritiker*innen der Regierungsma\u00dfnahmen bef\u00fcrchten mussten, f\u00fcr ihre Haltung ausgegrenzt zu werden. Verst\u00e4rkt wurde diese Dynamik durch das bewusste Sch\u00fcren von Angst. Das dadurch geschaffene Klima der Unsicherheit und Ver\u00e4ngstigung habe die offene und respektvolle demokratische Debattenkultur gef\u00e4hrdet.\u201c<br \/>\n<\/em><br \/>\nTrotzdem sollten sich auch die Kritiker der destruktiven Corona-Politik meiner Meinung nach nun auf kommunikative Kompromisse einlassen, wenn dies die Chance bieten sollte, die von Politik und Medien ausgehobenen Gr\u00e4ben zwischen den B\u00fcrgern zu \u00fcberbr\u00fccken. Es muss auch betont werden, dass sich meiner Meinung nach viele B\u00fcrger \u201eunschuldig\u201c in der Position der Lockdown-Verteidiger befinden: Sie wurden von Angst-Agitatoren aus Medien und Politik in diese Position gedr\u00e4ngt.<br \/>\n&#8230; Alles vom 23.7.2021 von Tobias Riegel bitte lesen auf<br \/>\n<a href=\"https:\/\/www.nachdenkseiten.de\/?p=74560\">https:\/\/www.nachdenkseiten.de\/?p=74560<\/a><br \/>\n.<\/p>\n<p><strong>John Ioannidis: Abrechnung und Wille zur Vers\u00f6hnung<\/strong><br \/>\nVorgestern nun hat der \u00f6sterreichische Sender Servus TV ein 63 Minuten langes Interview mit <a href=\"https:\/\/www.freiburg-schwarzwald.de\/blog\/corona-prof-ioannidis-hat-recht\/\">John Ioannidis<\/a> ausgestrahlt, in deutscher Simultan\u00fcbersetzung.<br \/>\n<a href=\"https:\/\/www.servustv.com\/aktuelles\/v\/aa-282xgxt991w11\/\">https:\/\/www.servustv.com\/aktuelles\/v\/aa-282xgxt991w11\/<\/a><br \/>\nDer Stanford-Professor wird angek\u00fcndigt als der f\u00fchrende Epidemiologe, und das ist er f\u00fcr mich ohne Zweifel. Vor allem, weil ich ihn auch als unbestechlich einsch\u00e4tze. Solche Charaktereigenschaften sind essenziell, wenn man wissenschaftliche Meinungen sucht, die in einer unsicheren Situation Orientierung leisten k\u00f6nnen. So war es ein Beitrag von ihm, zusammen mit einem Statement des deutschen Netzwerks Evidenzbasierte Medizin, der die Ahnung f\u00fcr mich zur Gewissheit werden lie\u00df, dass die Corona-Ma\u00dfnahmen mehr Schaden anrichten werden, als es das Virus je k\u00f6nnen wird. Dies erst gab mir die Sicherheit, die Kritik im Umgang mit der Pandemie auch \u00f6ffentlich zu \u00e4u\u00dfern, als fast alle noch im Panikmodus waren, aus dem viele leider nicht mehr herausfinden.<\/p>\n<p>In diesem Fernsehinterview l\u00e4uft auch Servus TV zur H\u00f6chstform auf, und der Moderator Michael Fleischhacker ist ausgezeichnet vorbereitet. Er stellt die entscheidenden Fragen. Gleichzeitig gibt man John Ioannidis ausreichend Raum f\u00fcr gut \u00fcberlegte Antworten.<\/p>\n<p>Ein w\u00fcrdiger Rahmen, den die deutsche Medienlandschaft derzeit nicht zu leisten vermag, weil sogar die Wissenschaftsredaktionen der gro\u00dfen Zeitungen nicht mehr den Unterschied sehen zwischen wissenschaftlichem Diskurs und autorit\u00e4rem Aktionismus, den Ioannidis im Interview beschreibt. So geben sich Zeitungen von der S\u00fcddeutschen bis hin zur Welt die Bl\u00f6\u00dfe, Ioannidis Attribute wie \u201eschillernd\u201c oder \u201eumstritten\u201c anzuh\u00e4ngen \u2013 und machen sich damit doch nur selbst l\u00e4cherlich. So wird Wissenschaft zu einem Instrument der Politik, und wenn Wissenschaftler sich verf\u00fchren lassen, Wahrheiten zu verk\u00fcndigen und den Zweifel zu ignorieren, dann kann das nur schiefgehen, wie wir alle derzeit leidvoll erleben.<br \/>\n&#8230;<br \/>\n<em><strong>Das eigentlich Beeindruckende in diesem Interview ist jedoch etwas anderes: seine Bereitschaft zur Vers\u00f6hnung und Verst\u00e4ndigung.<\/strong><\/em> Das ist es, was wir bald brauchen werden, wenn die immense Unwucht von angerichtetem Schaden einerseits und dem unfassbaren Ma\u00df an autorit\u00e4rer \u00dcberheblichkeit der Verursacher andererseits unsere Gesellschaft ins Schlingern bringen kann. Wenn der angestaute Zorn sich Bahn bricht, braucht es glaubw\u00fcrdige Menschen wie ihn, die statt nach Rache nach Verst\u00e4ndigung streben, damit wir als gesamte Gesellschaft aus den Fehlern lernen. Jedoch: Keine Sorge, das bedeutet nicht, dass die Fehleranalyse Unangenehmes unter den Tisch fallen lassen wird, sondern sie wird klar und deutlich aufzeigen, wie das Desaster entstehen konnte. F\u00fcr beides steht Ioannidis: Klarheit und Menschenfreundlichkeit. Besser kann man Wissenschaft nicht repr\u00e4sentieren.<br \/>\n&#8230; Alles vom 3.7.2021 von Gunter Frank bitte lesen auf<br \/>\n<a href=\"https:\/\/www.achgut.com\/artikel\/john_ioannidis_bei_servus_tv_abrechnung_und_wille_zur_versoehnung\">https:\/\/www.achgut.com\/artikel\/john_ioannidis_bei_servus_tv_abrechnung_und_wille_zur_versoehnung<\/a><\/p>\n<p><a href=\"https:\/\/www.freiburg-schwarzwald.de\/blog\/corona-prof-ioannidis-hat-recht\/\">Prof Ioannidis hat Recht<\/a> (7.7.2021)<\/p>\n","protected":false},"excerpt":{"rendered":"<p>Lockdown-basierte Coronapolitik und den Angstmache-Kampagnen gro\u00dfer Medien hat die Gesellschaft gespalten. Eine Auss\u00f6hnung hin zum &#8222;Consent of the Governed&#8220; wird zur zentralen Aufgabe. Die deutsch-\u00f6sterreichische Initiative \u201eCorona-Auss\u00f6hnung\u201c hat einen Vorschlag zum gesellschaftlichen Kompromi\u00df vorgelegt (s.u.).<\/p>\n","protected":false},"author":2,"featured_media":0,"comment_status":"open","ping_status":"closed","sticky":false,"template":"","format":"standard","meta":{"footnotes":""},"categories":[433,18,158,162,13,80,171,172],"tags":[709,700,520,720,762],"class_list":["post-93127","post","type-post","status-publish","format-standard","hentry","category-arzt","category-bildung","category-gesund","category-internet","category-kultur","category-medien","category-verbraucher","category-zukunft","tag-angst","tag-corona","tag-frieden","tag-medien","tag-wissen"],"_links":{"self":[{"href":"https:\/\/www.freiburg-schwarzwald.de\/blog\/wp-json\/wp\/v2\/posts\/93127","targetHints":{"allow":["GET"]}}],"collection":[{"href":"https:\/\/www.freiburg-schwarzwald.de\/blog\/wp-json\/wp\/v2\/posts"}],"about":[{"href":"https:\/\/www.freiburg-schwarzwald.de\/blog\/wp-json\/wp\/v2\/types\/post"}],"author":[{"embeddable":true,"href":"https:\/\/www.freiburg-schwarzwald.de\/blog\/wp-json\/wp\/v2\/users\/2"}],"replies":[{"embeddable":true,"href":"https:\/\/www.freiburg-schwarzwald.de\/blog\/wp-json\/wp\/v2\/comments?post=93127"}],"version-history":[{"count":5,"href":"https:\/\/www.freiburg-schwarzwald.de\/blog\/wp-json\/wp\/v2\/posts\/93127\/revisions"}],"predecessor-version":[{"id":93289,"href":"https:\/\/www.freiburg-schwarzwald.de\/blog\/wp-json\/wp\/v2\/posts\/93127\/revisions\/93289"}],"wp:attachment":[{"href":"https:\/\/www.freiburg-schwarzwald.de\/blog\/wp-json\/wp\/v2\/media?parent=93127"}],"wp:term":[{"taxonomy":"category","embeddable":true,"href":"https:\/\/www.freiburg-schwarzwald.de\/blog\/wp-json\/wp\/v2\/categories?post=93127"},{"taxonomy":"post_tag","embeddable":true,"href":"https:\/\/www.freiburg-schwarzwald.de\/blog\/wp-json\/wp\/v2\/tags?post=93127"}],"curies":[{"name":"wp","href":"https:\/\/api.w.org\/{rel}","templated":true}]}}