{"id":93115,"date":"2021-07-30T21:09:14","date_gmt":"2021-07-30T19:09:14","guid":{"rendered":"https:\/\/www.freiburg-schwarzwald.de\/blog\/?p=93115"},"modified":"2021-07-30T21:12:23","modified_gmt":"2021-07-30T19:12:23","slug":"wehret-den-anfaengen-zu-spaet","status":"publish","type":"post","link":"https:\/\/www.freiburg-schwarzwald.de\/blog\/wehret-den-anfaengen-zu-spaet\/","title":{"rendered":"Wehret den Anf\u00e4ngen &#8211; zu sp\u00e4t?"},"content":{"rendered":"<p>Wehret den Anf\u00e4ngen? Diesem Diktum stimmen wohl alle zu. Auch, da\u00df die <a href=\"https:\/\/www.freiburg-schwarzwald.de\/blog\/kultur\/kulturkampf\/\">Anf\u00e4nge<\/a> des Zerfalls der <a href=\"https:\/\/www.freiburg-schwarzwald.de\/blog\/freiheit-in-deutschland\/\">freiheitlich<\/a>&#8211;<a href=\"https:\/\/www.freiburg-schwarzwald.de\/blog\/engagement\/zukunft\/demokratie\/demokratie-nation\/\">demokratischen<\/a> <a href=\"https:\/\/www.freiburg-schwarzwald.de\/blog\/freiheitliche-grundordnung\/\">Grundordnung<\/a> schon lange zur\u00fcckliegen. Aber solange die <a href=\"https:\/\/www.freiburg-schwarzwald.de\/blog\/selbsthilfe\/soziales\/wohlstandsverlust\/\">finanziellen Einbu\u00dfen<\/a> nicht empfindlich sp\u00fcrbar sind, <a href=\"https:\/\/www.freiburg-schwarzwald.de\/blog\/engagement\/zukunft\/demokratie\/widerstand\/\">wehrt<\/a> sich auch eine <a href=\"https:\/\/www.freiburg-schwarzwald.de\/blog\/global\/deutschland\/schweigen\/\">schweigende Mehrheit<\/a> (Elisabeth Noelle-Neumann) nicht.<br \/>\n<!--more-->Dabei interessiert kaum, ob diese <a href=\"https:\/\/www.freiburg-schwarzwald.de\/blog\/global\/finanzsystem\/\">Finanzen<\/a> vom Staat \u00fcber <a href=\"https:\/\/www.freiburg-schwarzwald.de\/blog\/global\/finanzsystem\/schulden\/\">Schulden<\/a> bzw. auf <a href=\"https:\/\/www.freiburg-schwarzwald.de\/blog\/750-mrd-neu-eu-schuldenunion\/\">Pump<\/a> besorgt worden sind. Ja, die Anf\u00e4nge haben aber die meisten ignoriert. Wir haben uns bereits weit entfernt von der urspr\u00fcnglichen Herrschaft des <a href=\"https:\/\/www.freiburg-schwarzwald.de\/blog\/engagement\/zukunft\/demokratie\/wahlvolk\/\">Volkes<\/a>, genannt Demokratie. Und <a href=\"https:\/\/www.freiburg-schwarzwald.de\/blog\/widerstand2020-de-freiheit\/\">wehren<\/a> uns nicht.<br \/>\n31.7.2021<br \/>\n.<br \/>\n<strong>Peter Hahne: Die Ausgrenzung Andersdenkender<\/strong><br \/>\n<em>&#8230; Merkel\/S\u00f6der kommen ihrem Ziel immer n\u00e4her: die Ausgrenzung aller, die es auch nur im Entferntesten wagen aufzumucken.<\/em><br \/>\n&#8211; Die <a href=\"https:\/\/www.freiburg-schwarzwald.de\/blog\/global\/eu\/budapest-dublin2015\/\">offenen Grenzen 2015<\/a>: gegen die Mehrheit des Volkes eiskalt durchgedr\u00fcckt.<br \/>\n&#8211; Die fortschreitende Islamisierung, gerade erst eindrucksvoll von <a href=\"https:\/\/www.freiburg-schwarzwald.de\/blog\/femizide-in-wuerzburg-und-wien\/\">\u00d6sterreichs Kanzler Kurz<\/a> gebrandmarkt, wird eiskalt fortgesetzt.<br \/>\n&#8211; Einer der wenigen echten Kenner, der in Israel geborene Pal\u00e4stinenser <a href=\"https:\/\/www.freiburg-schwarzwald.de\/blog\/religion\/islam\/mansour\/\">Ahmad Mansour<\/a>, sagte erst vor einigen Tagen, es k\u00f6nne nicht sein, dass berechtigte Islamkritik sofort in die rechte Ecke gestellt und stigmatisiert werde.<br \/>\n&#8211; Oder das Beispiel dieses pseudoelit\u00e4ren Gender-Gagas. Drei Viertel der Bev\u00f6lkerung sind nach Umfragen dagegen, und doch wird dieser Unsinn in Verwaltungs-, Kirchen- und Mediensprache durchgesetzt. Gnadenlos gegen das Volk. Die Politik schweigt, ja f\u00f6rdert.<\/p>\n<p>L\u00e4cherlich, dass die Union aus panischer Angst vor sinkenden Prozentpunkten jetzt pl\u00f6tzlich das bek\u00e4mpfen will, was sie in ihren Hochburgen l\u00e4ngst f\u00f6rdert und duldet. Eine elende <a href=\"https:\/\/www.freiburg-schwarzwald.de\/blog\/global\/deutschland\/spaltung\/\">Spaltung der Gesellschaft<\/a>! Wissentlich und willentlich. Anders kann man das nicht mehr sehen.<br \/>\n&#8211; Islamische Messerstecher kommen in die Psychiatrie, Massenvergewaltiger (zun\u00e4chst) auf freien Fu\u00df.<br \/>\n&#8211; Aber jemand, der die GEZ-Geb\u00fchren (neudeutsch: Demokratieabgabe) verweigert, sitzt hinter Gittern.<br \/>\n.<br \/>\nGnadenlose Spaltung der Gesellschaft. Auf allen Gebieten.<br \/>\n&#8211; Impfgegner werden stigmatisiert,<br \/>\n&#8211; Kritiker der uns\u00e4glichen und unverh\u00e4ltnism\u00e4\u00dfigen Corona-Ma\u00dfnahmen werden zu Covidioten und Coronaleugnern erkl\u00e4rt, ohne dass ein Bundespr\u00e4sident oder eine Kanzlerin einspringen.<br \/>\n.<br \/>\n\u00dcbrigens waren auf deren <a href=\"https:\/\/www.freiburg-schwarzwald.de\/blog\/demo-csd-ja-querdenker-nein\/\">Demos<\/a> mehr Regenbogenfahnen zu sehen als angebliche Reichskriegsflaggen! Es ist also alles so gewollt: die abgrundtiefe und die nie mehr zu heilende<a href=\"https:\/\/www.freiburg-schwarzwald.de\/blog\/global\/deutschland\/spaltung\/\"> Spaltung unserer<\/a> Gesellschaft.<br \/>\n\u2026 Alles vom 29.7.2021 von Peter Hahne bitte lesen auf <a href=\"https:\/\/www.tichyseinblick.de\/meinungen\/die-gewollte-spaltung-unserer-gesellschaft\/\">https:\/\/www.tichyseinblick.de\/meinungen\/die-gewollte-spaltung-unserer-gesellschaft\/<\/a><\/p>\n<p>&nbsp;<\/p>\n","protected":false},"excerpt":{"rendered":"<p>Wehret den Anf\u00e4ngen? Diesem Diktum stimmen wohl alle zu. Auch, da\u00df die Anf\u00e4nge des Zerfalls der freiheitlich&#8211;demokratischen Grundordnung schon lange zur\u00fcckliegen. Aber solange die finanziellen Einbu\u00dfen nicht empfindlich sp\u00fcrbar sind, wehrt sich auch eine schweigende Mehrheit (Elisabeth Noelle-Neumann) nicht.<\/p>\n","protected":false},"author":2,"featured_media":0,"comment_status":"open","ping_status":"closed","sticky":false,"template":"","format":"standard","meta":{"footnotes":""},"categories":[36,186,171,172],"tags":[766,633,664,745],"class_list":["post-93115","post","type-post","status-publish","format-standard","hentry","category-engagement","category-finanzsystem","category-verbraucher","category-zukunft","tag-buerger","tag-demokratie","tag-finanz","tag-wirtschaft"],"_links":{"self":[{"href":"https:\/\/www.freiburg-schwarzwald.de\/blog\/wp-json\/wp\/v2\/posts\/93115","targetHints":{"allow":["GET"]}}],"collection":[{"href":"https:\/\/www.freiburg-schwarzwald.de\/blog\/wp-json\/wp\/v2\/posts"}],"about":[{"href":"https:\/\/www.freiburg-schwarzwald.de\/blog\/wp-json\/wp\/v2\/types\/post"}],"author":[{"embeddable":true,"href":"https:\/\/www.freiburg-schwarzwald.de\/blog\/wp-json\/wp\/v2\/users\/2"}],"replies":[{"embeddable":true,"href":"https:\/\/www.freiburg-schwarzwald.de\/blog\/wp-json\/wp\/v2\/comments?post=93115"}],"version-history":[{"count":3,"href":"https:\/\/www.freiburg-schwarzwald.de\/blog\/wp-json\/wp\/v2\/posts\/93115\/revisions"}],"predecessor-version":[{"id":93118,"href":"https:\/\/www.freiburg-schwarzwald.de\/blog\/wp-json\/wp\/v2\/posts\/93115\/revisions\/93118"}],"wp:attachment":[{"href":"https:\/\/www.freiburg-schwarzwald.de\/blog\/wp-json\/wp\/v2\/media?parent=93115"}],"wp:term":[{"taxonomy":"category","embeddable":true,"href":"https:\/\/www.freiburg-schwarzwald.de\/blog\/wp-json\/wp\/v2\/categories?post=93115"},{"taxonomy":"post_tag","embeddable":true,"href":"https:\/\/www.freiburg-schwarzwald.de\/blog\/wp-json\/wp\/v2\/tags?post=93115"}],"curies":[{"name":"wp","href":"https:\/\/api.w.org\/{rel}","templated":true}]}}