{"id":9293,"date":"2012-08-15T14:25:17","date_gmt":"2012-08-15T12:25:17","guid":{"rendered":"https:\/\/www.freiburg-schwarzwald.de\/blog\/?p=9293"},"modified":"2012-09-30T08:22:37","modified_gmt":"2012-09-30T06:22:37","slug":"fuechsle-tag-am-stadion-sc-freiburg-12-8-2012-jungfussballer","status":"publish","type":"post","link":"https:\/\/www.freiburg-schwarzwald.de\/blog\/fuechsle-tag-am-stadion-sc-freiburg-12-8-2012-jungfussballer\/","title":{"rendered":"Fuechsle-Tag am Stadion SC Freiburg 12.8.2012 &#8211; Jungfussballer"},"content":{"rendered":"<p>\u00dcber\u00a010 000 Fans jubelten, als der <a title=\"SCfreiburg\" href=\"https:\/\/www.freiburg-schwarzwald.de\/blog\/sport\/sportvereine\/scfreiburg\/\">SC Freiburg<\/a>\u00a0zur Saisoner\u00f6ffnung den spanischen Erstligisten Betis Sevilla mit 1:0 besiegte \u2013 darunter\u00a0besonders viele Kinder. Und dies hatte seinen Grund: Schon von 12 Uhr konnten die Kids auf dem Trainingsplatz des SC beweisen, wie geschickt sie mit dem Fussball umgehen.\u00a0Der F\u00fcchsleclub hate zum Saisonauftakt 2012\/13 einen Trainings-Parcours aufgebaut und viele Attraktionen bereitgestellt, bei sch\u00f6nstem Sommerwetter gabs einen riesigen Andrang von <a title=\"Kindersport\" href=\"https:\/\/www.freiburg-schwarzwald.de\/blog\/sport\/sportlern\/kindersport\/\">jungen Kickern und Kickerinen <\/a>mit ihren Eltern und Freunden.<!--more--><\/p>\n<div id='gallery-1' class='gallery galleryid-9293 gallery-columns-3 gallery-size-thumbnail'><dl class='gallery-item'>\n\t\t\t<dt class='gallery-icon portrait'>\n\t\t\t\t<a href='https:\/\/www.freiburg-schwarzwald.de\/blog\/fuechsle-tag-am-stadion-sc-freiburg-12-8-2012-jungfussballer\/fuechsleclub-sc1-120812\/'><img loading=\"lazy\" decoding=\"async\" width=\"144\" height=\"180\" src=\"https:\/\/www.freiburg-schwarzwald.de\/blog\/wp-content\/uploads\/2012\/08\/fuechsleclub-sc1-120812-144x180.jpg\" class=\"attachment-thumbnail size-thumbnail\" alt=\"\" aria-describedby=\"gallery-1-9294\" srcset=\"https:\/\/www.freiburg-schwarzwald.de\/blog\/wp-content\/uploads\/2012\/08\/fuechsleclub-sc1-120812-144x180.jpg 144w, https:\/\/www.freiburg-schwarzwald.de\/blog\/wp-content\/uploads\/2012\/08\/fuechsleclub-sc1-120812.jpg 510w\" sizes=\"auto, (max-width: 144px) 100vw, 144px\" \/><\/a>\n\t\t\t<\/dt>\n\t\t\t\t<dd class='wp-caption-text gallery-caption' id='gallery-1-9294'>\n\t\t\t\tFuechsle-Tag beim SC Freiburg am 12.8.2012 &#8211; F\u00fcchsle\n\t\t\t\t<\/dd><\/dl><dl class='gallery-item'>\n\t\t\t<dt class='gallery-icon landscape'>\n\t\t\t\t<a href='https:\/\/www.freiburg-schwarzwald.de\/blog\/fuechsle-tag-am-stadion-sc-freiburg-12-8-2012-jungfussballer\/fuechsleclub-sc2-120812\/'><img loading=\"lazy\" decoding=\"async\" width=\"180\" height=\"135\" src=\"https:\/\/www.freiburg-schwarzwald.de\/blog\/wp-content\/uploads\/2012\/08\/fuechsleclub-sc2-120812-180x135.jpg\" class=\"attachment-thumbnail size-thumbnail\" alt=\"\" aria-describedby=\"gallery-1-9295\" srcset=\"https:\/\/www.freiburg-schwarzwald.de\/blog\/wp-content\/uploads\/2012\/08\/fuechsleclub-sc2-120812-180x135.jpg 180w, https:\/\/www.freiburg-schwarzwald.de\/blog\/wp-content\/uploads\/2012\/08\/fuechsleclub-sc2-120812.jpg 640w\" sizes=\"auto, (max-width: 180px) 100vw, 180px\" \/><\/a>\n\t\t\t<\/dt>\n\t\t\t\t<dd class='wp-caption-text gallery-caption' id='gallery-1-9295'>\n\t\t\t\tFuechsle-Tag beim SC Freiburg am 12.8.2012\n\t\t\t\t<\/dd><\/dl><dl class='gallery-item'>\n\t\t\t<dt class='gallery-icon landscape'>\n\t\t\t\t<a href='https:\/\/www.freiburg-schwarzwald.de\/blog\/fuechsle-tag-am-stadion-sc-freiburg-12-8-2012-jungfussballer\/fuechsleclub-sc3-120812\/'><img loading=\"lazy\" decoding=\"async\" width=\"180\" height=\"141\" src=\"https:\/\/www.freiburg-schwarzwald.de\/blog\/wp-content\/uploads\/2012\/08\/fuechsleclub-sc3-120812-180x141.jpg\" class=\"attachment-thumbnail size-thumbnail\" alt=\"\" aria-describedby=\"gallery-1-9296\" srcset=\"https:\/\/www.freiburg-schwarzwald.de\/blog\/wp-content\/uploads\/2012\/08\/fuechsleclub-sc3-120812-180x141.jpg 180w, https:\/\/www.freiburg-schwarzwald.de\/blog\/wp-content\/uploads\/2012\/08\/fuechsleclub-sc3-120812.jpg 638w\" sizes=\"auto, (max-width: 180px) 100vw, 180px\" \/><\/a>\n\t\t\t<\/dt>\n\t\t\t\t<dd class='wp-caption-text gallery-caption' id='gallery-1-9296'>\n\t\t\t\tFuechsle-Tag beim SC Freiburg am 12.8.2012 &#8211; Blick nach Osten\n\t\t\t\t<\/dd><\/dl><br style=\"clear: both\" \/><dl class='gallery-item'>\n\t\t\t<dt class='gallery-icon portrait'>\n\t\t\t\t<a href='https:\/\/www.freiburg-schwarzwald.de\/blog\/fuechsle-tag-am-stadion-sc-freiburg-12-8-2012-jungfussballer\/fuechsleclub-sc4-120812\/'><img loading=\"lazy\" decoding=\"async\" width=\"139\" height=\"180\" src=\"https:\/\/www.freiburg-schwarzwald.de\/blog\/wp-content\/uploads\/2012\/08\/fuechsleclub-sc4-120812-139x180.jpg\" class=\"attachment-thumbnail size-thumbnail\" alt=\"\" aria-describedby=\"gallery-1-9297\" srcset=\"https:\/\/www.freiburg-schwarzwald.de\/blog\/wp-content\/uploads\/2012\/08\/fuechsleclub-sc4-120812-139x180.jpg 139w, https:\/\/www.freiburg-schwarzwald.de\/blog\/wp-content\/uploads\/2012\/08\/fuechsleclub-sc4-120812.jpg 495w\" sizes=\"auto, (max-width: 139px) 100vw, 139px\" \/><\/a>\n\t\t\t<\/dt>\n\t\t\t\t<dd class='wp-caption-text gallery-caption' id='gallery-1-9297'>\n\t\t\t\tFuechsle-Tag beim SC Freiburg am 12.8.2012 &#8211; fr\u00fch \u00fcbt sich &#8230;.\n\t\t\t\t<\/dd><\/dl><dl class='gallery-item'>\n\t\t\t<dt class='gallery-icon landscape'>\n\t\t\t\t<a href='https:\/\/www.freiburg-schwarzwald.de\/blog\/fuechsle-tag-am-stadion-sc-freiburg-12-8-2012-jungfussballer\/fuechsleclub-sc5-120812\/'><img loading=\"lazy\" decoding=\"async\" width=\"180\" height=\"136\" src=\"https:\/\/www.freiburg-schwarzwald.de\/blog\/wp-content\/uploads\/2012\/08\/fuechsleclub-sc5-120812-180x136.jpg\" class=\"attachment-thumbnail size-thumbnail\" alt=\"\" aria-describedby=\"gallery-1-9298\" srcset=\"https:\/\/www.freiburg-schwarzwald.de\/blog\/wp-content\/uploads\/2012\/08\/fuechsleclub-sc5-120812-180x136.jpg 180w, https:\/\/www.freiburg-schwarzwald.de\/blog\/wp-content\/uploads\/2012\/08\/fuechsleclub-sc5-120812.jpg 637w\" sizes=\"auto, (max-width: 180px) 100vw, 180px\" \/><\/a>\n\t\t\t<\/dt>\n\t\t\t\t<dd class='wp-caption-text gallery-caption' id='gallery-1-9298'>\n\t\t\t\tFuechsle-Tag beim SC Freiburg am 12.8.2012\n\t\t\t\t<\/dd><\/dl><dl class='gallery-item'>\n\t\t\t<dt class='gallery-icon landscape'>\n\t\t\t\t<a href='https:\/\/www.freiburg-schwarzwald.de\/blog\/fuechsle-tag-am-stadion-sc-freiburg-12-8-2012-jungfussballer\/fuechsleclub-sc6-120812\/'><img loading=\"lazy\" decoding=\"async\" width=\"180\" height=\"135\" src=\"https:\/\/www.freiburg-schwarzwald.de\/blog\/wp-content\/uploads\/2012\/08\/fuechsleclub-sc6-120812-180x135.jpg\" class=\"attachment-thumbnail size-thumbnail\" alt=\"\" aria-describedby=\"gallery-1-9299\" srcset=\"https:\/\/www.freiburg-schwarzwald.de\/blog\/wp-content\/uploads\/2012\/08\/fuechsleclub-sc6-120812-180x135.jpg 180w, https:\/\/www.freiburg-schwarzwald.de\/blog\/wp-content\/uploads\/2012\/08\/fuechsleclub-sc6-120812.jpg 640w\" sizes=\"auto, (max-width: 180px) 100vw, 180px\" \/><\/a>\n\t\t\t<\/dt>\n\t\t\t\t<dd class='wp-caption-text gallery-caption' id='gallery-1-9299'>\n\t\t\t\tFuechsle-Tag beim SC Freiburg am 12.8.2012 &#8211; Blick zum Stadion um 16 Uhr\n\t\t\t\t<\/dd><\/dl><br style=\"clear: both\" \/>\n\t\t<\/div>\n\n<p><strong>F\u00fcchslecamps f\u00fcr Kinder vom F\u00fcchsleclub<\/strong><br \/>\nDer SC k\u00fcmmert sich um den Nachwuchs \u2013 um junge Fu\u00dfballer, aber auch um junge Fans. Daf\u00fcr gibt es den F\u00fcchsleclub. Der wurde erst vor einem Jahr gegr\u00fcndet und hat mittlerweile die Zahl von 1000 Mitgliedern \u00fcbersprungen. Und es gibt die F\u00fcchslecamps. Diese Woche etwa tobte eine Rasselbande von 60 Jungen und M\u00e4dchen \u00fcber den Sportplatz des FC St. Georgen, bei einem von den insgesamt 18 F\u00fcchslecamps, die Tobias Rauber von der Freiburger Fu\u00dfballschule und sein Team dieses Jahr veranstalten. &#8230;.<br \/>\nAlles vom 11.8.2012 von Joachim R\u00f6derer bitte lesen auf<br \/>\n<a href=\"https:\/\/www.badische-zeitung.de\/freiburg\/sc-freiburg-fuer-kinder-der-club-der-1000-fuechsle--63064571.html\">https:\/\/www.badische-zeitung.de\/freiburg\/sc-freiburg-fuer-kinder-der-club-der-1000-fuechsle&#8211;63064571.html<\/a>\u00a0<\/p>\n<p>\u00a0<a href=\"https:\/\/www.fuechsleclub.de\">www.fuechsleclub.de<\/a> <img decoding=\"async\" title=\"Weiterlesen \u2026\" src=\"https:\/\/www.freiburg-schwarzwald.de\/blog\/wp-includes\/js\/tinymce\/plugins\/wordpress\/img\/trans.gif\" alt=\"\" \/><\/p>\n","protected":false},"excerpt":{"rendered":"<p>\u00dcber\u00a010 000 Fans jubelten, als der SC Freiburg\u00a0zur Saisoner\u00f6ffnung den spanischen Erstligisten Betis Sevilla mit 1:0 besiegte \u2013 darunter\u00a0besonders viele Kinder. Und dies hatte seinen Grund: Schon von 12 Uhr konnten die Kids auf dem Trainingsplatz des SC beweisen, wie &hellip; <a href=\"https:\/\/www.freiburg-schwarzwald.de\/blog\/fuechsle-tag-am-stadion-sc-freiburg-12-8-2012-jungfussballer\/\">Weiterlesen <span class=\"meta-nav\">&rarr;<\/span><\/a><\/p>\n","protected":false},"author":4,"featured_media":0,"comment_status":"closed","ping_status":"closed","sticky":false,"template":"","format":"standard","meta":{"footnotes":""},"categories":[49,60,61,204],"tags":[70],"class_list":["post-9293","post","type-post","status-publish","format-standard","hentry","category-freiburg","category-jugend","category-kinder","category-scfreiburg","tag-jugendsport"],"_links":{"self":[{"href":"https:\/\/www.freiburg-schwarzwald.de\/blog\/wp-json\/wp\/v2\/posts\/9293","targetHints":{"allow":["GET"]}}],"collection":[{"href":"https:\/\/www.freiburg-schwarzwald.de\/blog\/wp-json\/wp\/v2\/posts"}],"about":[{"href":"https:\/\/www.freiburg-schwarzwald.de\/blog\/wp-json\/wp\/v2\/types\/post"}],"author":[{"embeddable":true,"href":"https:\/\/www.freiburg-schwarzwald.de\/blog\/wp-json\/wp\/v2\/users\/4"}],"replies":[{"embeddable":true,"href":"https:\/\/www.freiburg-schwarzwald.de\/blog\/wp-json\/wp\/v2\/comments?post=9293"}],"version-history":[{"count":0,"href":"https:\/\/www.freiburg-schwarzwald.de\/blog\/wp-json\/wp\/v2\/posts\/9293\/revisions"}],"wp:attachment":[{"href":"https:\/\/www.freiburg-schwarzwald.de\/blog\/wp-json\/wp\/v2\/media?parent=9293"}],"wp:term":[{"taxonomy":"category","embeddable":true,"href":"https:\/\/www.freiburg-schwarzwald.de\/blog\/wp-json\/wp\/v2\/categories?post=9293"},{"taxonomy":"post_tag","embeddable":true,"href":"https:\/\/www.freiburg-schwarzwald.de\/blog\/wp-json\/wp\/v2\/tags?post=9293"}],"curies":[{"name":"wp","href":"https:\/\/api.w.org\/{rel}","templated":true}]}}