{"id":92725,"date":"2021-07-21T21:49:46","date_gmt":"2021-07-21T19:49:46","guid":{"rendered":"https:\/\/www.freiburg-schwarzwald.de\/blog\/?p=92725"},"modified":"2021-07-22T19:56:20","modified_gmt":"2021-07-22T17:56:20","slug":"doppelmoral-bei-demos-spaltet","status":"publish","type":"post","link":"https:\/\/www.freiburg-schwarzwald.de\/blog\/doppelmoral-bei-demos-spaltet\/","title":{"rendered":"Doppelmoral bei Demos spaltet"},"content":{"rendered":"<p>Doppelte Standards, <a href=\"https:\/\/www.freiburg-schwarzwald.de\/blog\/kultur\/kulturverlust\/zweierlei\/\">zweierlei Ma\u00df<\/a>, <a href=\"https:\/\/www.freiburg-schwarzwald.de\/blog\/global\/deutschland\/moral2015\/doppelmoral\/\">Doppelmoral<\/a>, <a href=\"https:\/\/www.freiburg-schwarzwald.de\/blog\/selbsthilfe\/soziales\/justiz\/paralleljustiz\/\">Paralleljustiz<\/a>, Ungleichbehandlung, Willk\u00fcr und <a href=\"https:\/\/www.freiburg-schwarzwald.de\/blog\/kultur\/medien\/diskriminierung\/\">Diskriminierung<\/a> bei <a href=\"https:\/\/www.freiburg-schwarzwald.de\/blog\/engagement\/buergerinitiativen\/demonstrationsrecht\/\">Demonstrationen<\/a> &#8211; wie man es auch immer nennt, das im <a href=\"https:\/\/www.freiburg-schwarzwald.de\/blog\/engagement\/zukunft\/demokratie\/grundgesetz\/\">Grundgesetz<\/a> Artikel 3(1) garantierte Recht \u201eAlle Menschen sind vor dem Gesetz <a href=\"https:\/\/www.freiburg-schwarzwald.de\/blog\/engagement\/zukunft\/demokratie\/gleichheit\/\">gleich<\/a>\u201c gilt f\u00fcr zahlreiche B\u00fcrger nicht mehr. Ein kleines Beispiel:<br \/>\n.<!--more-->Am 17.7.2021 l\u00f6st die Polizei eine Party von 200 jungen Leuten im Wald bei FR-Tiengen auf (siehe unten): Personalfeststellungen, Anzeigen. In derselben Nacht l\u00e4\u00dft die Polizei in der gleichen Stadt <a href=\"https:\/\/www.freiburg-schwarzwald.de\/blog\/selbsthilfe\/frauen\/gender\/sexuell\/\">5000 CSD-ler<\/a> in <a href=\"https:\/\/www.freiburg-schwarzwald.de\/blog\/regio\/freiburg\/stuehlinger\/\">FR-St\u00fchlinger<\/a> bis morgens fr\u00fch unbehelligt feiern.<br \/>\n.<br \/>\nF\u00fcr die <a href=\"https:\/\/www.freiburg-schwarzwald.de\/blog\/business\/gesund\/corona-virus\/corona-grundrechte\/\">Corona-Schutzverordnungen<\/a> gilt also <a href=\"https:\/\/www.freiburg-schwarzwald.de\/blog\/kultur\/kulturverlust\/zweierlei\/\">zweierlei Ma\u00df<\/a>, obwohl das <a href=\"https:\/\/www.freiburg-schwarzwald.de\/blog\/business\/gesund\/corona-virus\/\">Virus<\/a> keine guten bzw. schlechten Demonstranten unterscheiden kann. So sind eher der politischen Linken zugeschriebene Demos wie die BLM-Demo in <a href=\"https:\/\/www.freiburg-schwarzwald.de\/blog\/global\/deutschland\/berlin\/\">Berlin<\/a> oder nun die <a href=\"https:\/\/www.freiburg-schwarzwald.de\/blog\/selbsthilfe\/frauen\/gender\/\">CSD<\/a>-Demos (Christopher Street Day) erlaubt, w\u00e4hrend andere wie <a href=\"https:\/\/www.freiburg-schwarzwald.de\/blog\/querdenken-demo-29-8-berlin\/\">Querdenker<\/a>-, <a href=\"https:\/\/www.freiburg-schwarzwald.de\/blog\/berlin-demo-tag-der-freiheit\/\">Freiheits<\/a>&#8211; bzw. <a href=\"https:\/\/www.freiburg-schwarzwald.de\/blog\/engagement\/zukunft\/demokratie\/berlin-demo29-8-2020\/\">Grundrechte-Demos<\/a> verboten bzw. aufgel\u00f6st werden.<br \/>\n.<br \/>\nDie Aussage vieler Wissenschaftler, da\u00df unter freiem Himmel das Covid-Infektionsrisiko vernachl\u00e4ssigbar gering sei, spielt dabei keine Rolle &#8211; grundlegend ist, da\u00df Verordnungen bzw. Gesetze f\u00fcr alle B\u00fcrger <a href=\"https:\/\/www.freiburg-schwarzwald.de\/blog\/engagement\/zukunft\/demokratie\/gleichheit\/\">gleich<\/a> durchzusetzen sind. Gleiches Recht f\u00fcr Alle. Die <a href=\"https:\/\/www.freiburg-schwarzwald.de\/blog\/global\/deutschland\/spaltung\/\">Spaltung der Gesellschaft<\/a> in links\/rechts widerspricht der demokratischen Grundordnung genauso wie die in Migrant\/deutsch, arm\/reich oder religi\u00f6s\/atheistisch oder sonstwas. Diese der <a href=\"https:\/\/www.freiburg-schwarzwald.de\/blog\/global\/deutschland\/moral2015\/moralismus\/\">Doppelmoral<\/a> geschuldete Spaltung darf in einem <a href=\"https:\/\/www.freiburg-schwarzwald.de\/blog\/selbsthilfe\/soziales\/justiz\/rechtsstaat\/\">Rechtsstaat<\/a> nicht weiterhin geduldet werden. Der <a href=\"https:\/\/www.freiburg-schwarzwald.de\/blog\/global\/deutschland\/consent-of-the-governed\/\">Consent of the Governed<\/a> ist wichtig.<br \/>\n.<br \/>\nFazit:<br \/>\n1) Aspekt des Rechtsstaates: Gesetze und Verordnungen gelten f\u00fcr alle gleich und m\u00fcssen auch f\u00fcr alle gleich durchgesetzt werden. Es widerspricht der <a href=\"https:\/\/www.freiburg-schwarzwald.de\/blog\/engagement\/zukunft\/demokratie\/freiheit\/freiheitsrechte\/\">freiheitlich-demokratischen Grundordnung<\/a>, dass sich Kinder in Kitas und Schulen sowie kleine Jugendgruppen an das Recht halten m\u00fcssen, w\u00e4hrend CSD-Massenparties dieses Recht mi\u00dfachten d\u00fcrfen (in Freiburg leider sogar unter der Schirmherrschaft des Oberb\u00fcrgermeistes, siehe Instagram-Statement von Martin Horn <a href=\"https:\/\/www.freiburg-schwarzwald.de\/blog\/selbsthilfe\/frauen\/gender\/sexuell\/\">hier<\/a>).<br \/>\n2) Aspekt der inzidenzbasierten Coronavorschriften: Diese sind nach Meinung vieler Wissenschaftler (<a href=\"https:\/\/www.freiburg-schwarzwald.de\/blog\/inzidenz-fuer-notbremse-ungeeignetmse\/\">Inzidenzwert<\/a> als ungeeignete Ma\u00dfzahl) und auch Politiker f\u00fcr Kinder und Jugendliche (<a href=\"https:\/\/www.freiburg-schwarzwald.de\/blog\/bildung\/kindergarten\/\">Kindergarten<\/a>, <a href=\"https:\/\/www.freiburg-schwarzwald.de\/blog\/offene-schulen-kinder-first\/\">Schule<\/a>) sowie im Freien inzwischen wirkungslos und aufzuheben. Dann sollte man sich auch \u00fcber CSD-Parties mit gro\u00dfen Menschenmassen mitfreuen.<br \/>\nEine ganz andere Frage ist, ob solche Parties immer mit Alkohol und Subwoofer-L\u00e4rm verbunden sein m\u00fcssen.<br \/>\n21.7.2021<\/p>\n<p>.<br \/>\n<strong>Polizei l\u00f6st Rave-Party mit 200 Personen im Wald auf<\/strong><br \/>\nAm Samstag, 17.07.2021, gegen 06:30 Uhr, stellte eine Polizeistreife des Polizeireviers Freiburg-S\u00fcd im Wald, unweit des Pendler-Parkplatzes in FR-Tiengen, eine Rave-Party fest.<br \/>\nDie Feststellungen ergaben, dass etwa 200 Personen an dieser Veranstaltung teilgenommen hatten. Zwei Verantwortliche wurden festgestellt. Die Veranstaltung wurde durch die Polizei vor Ort als beendet erkl\u00e4rt. Es wird nun gepr\u00fcft, inwiefern m\u00f6glicherweise gegen die Corona-Verordnung versto\u00dfen wurde.<br \/>\n&#8230; Alles vom 17.7.2021 bitte lesen auf<br \/>\n<a href=\"https:\/\/www.presseportal.de\/blaulicht\/pm\/110970\/4970997\">https:\/\/www.presseportal.de\/blaulicht\/pm\/110970\/4970997<\/a><\/p>\n<p>&nbsp;<\/p>\n<p><strong>Polizei l\u00e4\u00dft CSD-Party mit 5000 Personen in Stadtgebiet gew\u00e4hren<\/strong><\/p>\n<div id=\"attachment_92644\" style=\"width: 647px\" class=\"wp-caption alignnone\"><a href=\"https:\/\/www.freiburg-schwarzwald.de\/blog\/wp-content\/uploads\/2021\/07\/csd-freiburg-stuehlinger210717pan.jpg\"><img loading=\"lazy\" decoding=\"async\" aria-describedby=\"caption-attachment-92644\" class=\"size-full wp-image-92644\" src=\"https:\/\/www.freiburg-schwarzwald.de\/blog\/wp-content\/uploads\/2021\/07\/csd-freiburg-stuehlinger210717pan.jpg\" alt=\"\" width=\"637\" height=\"293\" srcset=\"https:\/\/www.freiburg-schwarzwald.de\/blog\/wp-content\/uploads\/2021\/07\/csd-freiburg-stuehlinger210717pan.jpg 637w, https:\/\/www.freiburg-schwarzwald.de\/blog\/wp-content\/uploads\/2021\/07\/csd-freiburg-stuehlinger210717pan-180x83.jpg 180w\" sizes=\"auto, (max-width: 637px) 100vw, 637px\" \/><\/a><p id=\"caption-attachment-92644\" class=\"wp-caption-text\">CSD am 17.7.2021 in Freiburg St\u00fchlingerplatz &#8211; 5000 Besucher<\/p><\/div>\n<p><a href=\"https:\/\/www.freiburg-schwarzwald.de\/blog\/selbsthilfe\/frauen\/gender\/sexuell\/\">5.000 Menschen feiern beim CSD in Freiburg<\/a> (19.7.2021)<\/p>\n<p><a href=\"https:\/\/www.freiburg-schwarzwald.de\/blog\/doppelte-standards-bei-demos\/\">Doppelte Standards bei Demos<\/a> (13.6.2020)<br \/>\n.<\/p>\n<p>Einige Kommentare:<br \/>\n<strong>Als B\u00fcrger kann man hier nur ungl\u00e4ubig staunen<\/strong><br \/>\nVorgegebene Corona-Regeln einhalten, das ist dann kein Thema, wenn vom Oberb\u00fcrgermeister freudig verk\u00fcndet wird, dass es &#8222;endlich wieder losgeht mit den Veranstaltungen&#8220;. Vor diesem Hintergrund hat offenbar die Polizei noch nicht einmal den Versuch unternommen, an die Vernunft der Teilnehmer zu appellieren, sondern mit amtlichem Segen des Oberb\u00fcrgermeisters von vornherein kapituliert. \u00dcbrigens: Ein B\u00fcrgermeister ist bekanntlich Chef der Ortspolizeibeh\u00f6rde. Ein Schelm, wer B\u00f6ses dabei denkt. Als B\u00fcrger, der zur gleichen Zeit erleben durfte, wie auf einer Familienfeier sorgsam auf die Maximalzahl der Feiernden zu achten war, kann man hier nur ungl\u00e4ubig staunen. 20.7.2021, Thomas Muschiol, Freiburg<\/p>\n<p><strong>&#8230; f\u00fcr Mitarbeiter des Gesundheitswesens ein Schlag ins Gesicht<\/strong><br \/>\nIn Zeiten, in denen die Schlagzeilen voll von \u00dcbergriffen auf Angeh\u00f6rige der LGBTQ+-Community sind und Regierungen Gesetze erlassen, die eben jene Menschen systematisch diskriminieren, sind Tage wie der Christopher Street Day besonders wichtig. Die Frage ist: zu welchem Preis?<br \/>\nAm Tag des CSD in Freiburg ver\u00f6ffentlichte OB Martin Horn am Morgen noch die aktuelle 7-Tage-Inzidenz der Stadt: 18,2. Wieder gestiegen. Ein paar Stunden sp\u00e4ter er\u00f6ffnete er dann den CSD mit einer Kundgebung auf dem St\u00fchlinger Kirchplatz. Tausende Menschen feierten \u00fcber Stunden. Ohne Masken, ohne Abstand, als ob ein Virus, das zum gegenw\u00e4rtigen Zeitpunkt \u00fcber 80 000\u2005Tote in Deutschland forderte, nie existiert hat. F\u00fcr mich als hauptberuflichen Rettungssanit\u00e4ter nicht nur unverst\u00e4ndlich, sondern \u00e4rgerlich. Nach dem letzten CSD-Einsatz der Sp\u00e4tschicht standen wir als Team vor der Uniklinik und waren einig: Diese Veranstaltung \u2013 so wichtig die Botschaft, die sie vermittelt ist \u2013 ist f\u00fcr jeden Mitarbeiter des Gesundheitswesens ein Schlag ins Gesicht.<br \/>\n20.7.2021, Louis Gramich, Freiburg<br \/>\nEnde Kommentare<\/p>\n","protected":false},"excerpt":{"rendered":"<p>Doppelte Standards, zweierlei Ma\u00df, Doppelmoral, Paralleljustiz, Ungleichbehandlung, Willk\u00fcr und Diskriminierung bei Demonstrationen &#8211; wie man es auch immer nennt, das im Grundgesetz Artikel 3(1) garantierte Recht \u201eAlle Menschen sind vor dem Gesetz gleich\u201c gilt f\u00fcr zahlreiche B\u00fcrger nicht mehr. Ein &hellip; <a href=\"https:\/\/www.freiburg-schwarzwald.de\/blog\/doppelmoral-bei-demos-spaltet\/\">Weiterlesen <span class=\"meta-nav\">&rarr;<\/span><\/a><\/p>\n","protected":false},"author":2,"featured_media":0,"comment_status":"open","ping_status":"closed","sticky":false,"template":"","format":"standard","meta":{"footnotes":""},"categories":[36,49,249,60,13,80,157],"tags":[325,633,682,461,431,525,405],"class_list":["post-92725","post","type-post","status-publish","format-standard","hentry","category-engagement","category-freiburg","category-hock","category-jugend","category-kultur","category-medien","category-oeffentlicher-raum","tag-demo","tag-demokratie","tag-freiheit","tag-gender","tag-gerecht","tag-politik","tag-polizei"],"_links":{"self":[{"href":"https:\/\/www.freiburg-schwarzwald.de\/blog\/wp-json\/wp\/v2\/posts\/92725","targetHints":{"allow":["GET"]}}],"collection":[{"href":"https:\/\/www.freiburg-schwarzwald.de\/blog\/wp-json\/wp\/v2\/posts"}],"about":[{"href":"https:\/\/www.freiburg-schwarzwald.de\/blog\/wp-json\/wp\/v2\/types\/post"}],"author":[{"embeddable":true,"href":"https:\/\/www.freiburg-schwarzwald.de\/blog\/wp-json\/wp\/v2\/users\/2"}],"replies":[{"embeddable":true,"href":"https:\/\/www.freiburg-schwarzwald.de\/blog\/wp-json\/wp\/v2\/comments?post=92725"}],"version-history":[{"count":5,"href":"https:\/\/www.freiburg-schwarzwald.de\/blog\/wp-json\/wp\/v2\/posts\/92725\/revisions"}],"predecessor-version":[{"id":92774,"href":"https:\/\/www.freiburg-schwarzwald.de\/blog\/wp-json\/wp\/v2\/posts\/92725\/revisions\/92774"}],"wp:attachment":[{"href":"https:\/\/www.freiburg-schwarzwald.de\/blog\/wp-json\/wp\/v2\/media?parent=92725"}],"wp:term":[{"taxonomy":"category","embeddable":true,"href":"https:\/\/www.freiburg-schwarzwald.de\/blog\/wp-json\/wp\/v2\/categories?post=92725"},{"taxonomy":"post_tag","embeddable":true,"href":"https:\/\/www.freiburg-schwarzwald.de\/blog\/wp-json\/wp\/v2\/tags?post=92725"}],"curies":[{"name":"wp","href":"https:\/\/api.w.org\/{rel}","templated":true}]}}