{"id":9255,"date":"2012-08-15T12:09:53","date_gmt":"2012-08-15T10:09:53","guid":{"rendered":"https:\/\/www.freiburg-schwarzwald.de\/blog\/?p=9255"},"modified":"2012-08-17T15:45:13","modified_gmt":"2012-08-17T13:45:13","slug":"dreisam-schlosssteg-zwischen-littenweiler-und-ebnet-neu","status":"publish","type":"post","link":"https:\/\/www.freiburg-schwarzwald.de\/blog\/dreisam-schlosssteg-zwischen-littenweiler-und-ebnet-neu\/","title":{"rendered":"Dreisam-Schlosssteg zwischen Littenweiler und Ebnet neu"},"content":{"rendered":"<p>Der Schlosssteg \u00fcber die <a title=\"Dreisam\" href=\"https:\/\/www.freiburg-schwarzwald.de\/blog\/regio\/dreisam\/\">Dreisam<\/a> am Ostrand des Ebneter Schlosses verbindet Littenweiler und <a title=\"Ebnet\" href=\"https:\/\/www.freiburg-schwarzwald.de\/blog\/regio\/freiburg\/ebnet\/\">Ebnet<\/a> &#8211; f\u00fcr Fu\u00dfg\u00e4nger und Radfahrer. \u00dcber ihn ist der <a title=\"Fahrradwege\" href=\"https:\/\/www.freiburg-schwarzwald.de\/blog\/regio\/verkehr\/fahrradwege\/\">Dreisamufer-Radweg<\/a>\u00a0von Ebnet her bequem erreichbar.\u00a0 F\u00fcr ca 650.000 Euro wird im August 2012 die marode und seit einiger Zeit nur noch eingeengt begehbare h\u00f6lzerne Br\u00fccke durch eine Stahlkonstruktion ersetzt.<!--more--><\/p>\n<div id='gallery-1' class='gallery galleryid-9255 gallery-columns-3 gallery-size-thumbnail'><dl class='gallery-item'>\n\t\t\t<dt class='gallery-icon landscape'>\n\t\t\t\t<a href='https:\/\/www.freiburg-schwarzwald.de\/blog\/dreisam-schlosssteg-zwischen-littenweiler-und-ebnet-neu\/dreisam-schlosssteg120813\/'><img loading=\"lazy\" decoding=\"async\" width=\"180\" height=\"135\" src=\"https:\/\/www.freiburg-schwarzwald.de\/blog\/wp-content\/uploads\/2012\/08\/dreisam-schlosssteg120813-180x135.jpg\" class=\"attachment-thumbnail size-thumbnail\" alt=\"\" aria-describedby=\"gallery-1-9257\" srcset=\"https:\/\/www.freiburg-schwarzwald.de\/blog\/wp-content\/uploads\/2012\/08\/dreisam-schlosssteg120813-180x135.jpg 180w, https:\/\/www.freiburg-schwarzwald.de\/blog\/wp-content\/uploads\/2012\/08\/dreisam-schlosssteg120813.jpg 640w\" sizes=\"auto, (max-width: 180px) 100vw, 180px\" \/><\/a>\n\t\t\t<\/dt>\n\t\t\t\t<dd class='wp-caption-text gallery-caption' id='gallery-1-9257'>\n\t\t\t\tDer alte Dreisam-Schlosssteg ist weg &#8211; Blick nach S\u00fcdwesten am 13.8.2012 \n\t\t\t\t<\/dd><\/dl><dl class='gallery-item'>\n\t\t\t<dt class='gallery-icon landscape'>\n\t\t\t\t<a href='https:\/\/www.freiburg-schwarzwald.de\/blog\/dreisam-schlosssteg-zwischen-littenweiler-und-ebnet-neu\/schlosssteg-ebnet111226\/'><img loading=\"lazy\" decoding=\"async\" width=\"180\" height=\"135\" src=\"https:\/\/www.freiburg-schwarzwald.de\/blog\/wp-content\/uploads\/2012\/08\/schlosssteg-ebnet111226-180x135.jpg\" class=\"attachment-thumbnail size-thumbnail\" alt=\"\" aria-describedby=\"gallery-1-9258\" srcset=\"https:\/\/www.freiburg-schwarzwald.de\/blog\/wp-content\/uploads\/2012\/08\/schlosssteg-ebnet111226-180x135.jpg 180w, https:\/\/www.freiburg-schwarzwald.de\/blog\/wp-content\/uploads\/2012\/08\/schlosssteg-ebnet111226.jpg 640w\" sizes=\"auto, (max-width: 180px) 100vw, 180px\" \/><\/a>\n\t\t\t<\/dt>\n\t\t\t\t<dd class='wp-caption-text gallery-caption' id='gallery-1-9258'>\n\t\t\t\tSchlosssteg am 26.12.2011 &#8211; behelfsm\u00e4\u00dfig unterst\u00fctzt\n\t\t\t\t<\/dd><\/dl><dl class='gallery-item'>\n\t\t\t<dt class='gallery-icon landscape'>\n\t\t\t\t<a href='https:\/\/www.freiburg-schwarzwald.de\/blog\/dreisam-schlosssteg-zwischen-littenweiler-und-ebnet-neu\/schlosssteg120816\/'><img loading=\"lazy\" decoding=\"async\" width=\"180\" height=\"135\" src=\"https:\/\/www.freiburg-schwarzwald.de\/blog\/wp-content\/uploads\/2012\/08\/schlosssteg120816-180x135.jpg\" class=\"attachment-thumbnail size-thumbnail\" alt=\"\" aria-describedby=\"gallery-1-9436\" srcset=\"https:\/\/www.freiburg-schwarzwald.de\/blog\/wp-content\/uploads\/2012\/08\/schlosssteg120816-180x135.jpg 180w, https:\/\/www.freiburg-schwarzwald.de\/blog\/wp-content\/uploads\/2012\/08\/schlosssteg120816.jpg 640w\" sizes=\"auto, (max-width: 180px) 100vw, 180px\" \/><\/a>\n\t\t\t<\/dt>\n\t\t\t\t<dd class='wp-caption-text gallery-caption' id='gallery-1-9436'>\n\t\t\t\tNeuer Schlosssteg am 16.8.2012 &#8211; Blick nach Norden\n\t\t\t\t<\/dd><\/dl><br style=\"clear: both\" \/>\n\t\t<\/div>\n\n<p><strong>Eleganz aus Stahl an eisernen Ketten<\/strong><br \/>\nDer neue Ebneter Schlosssteg ist am 15.8.2012 Vormittag eingepasst worden \/ Ein technisch faszinierendes Schauspiel f\u00fcr die Zuschauer.<br \/>\n<a href=\"https:\/\/www.badische-zeitung.de\/freiburg-ost\/eleganz-aus-stahl-an-eisernen-ketten--63130757.html\">https:\/\/www.badische-zeitung.de\/freiburg-ost\/eleganz-aus-stahl-an-eisernen-ketten&#8211;63130757.html<\/a><\/p>\n<p>&nbsp;<\/p>\n<p>&nbsp;<\/p>\n","protected":false},"excerpt":{"rendered":"<p>Der Schlosssteg \u00fcber die Dreisam am Ostrand des Ebneter Schlosses verbindet Littenweiler und Ebnet &#8211; f\u00fcr Fu\u00dfg\u00e4nger und Radfahrer. \u00dcber ihn ist der Dreisamufer-Radweg\u00a0von Ebnet her bequem erreichbar.\u00a0 F\u00fcr ca 650.000 Euro wird im August 2012 die marode und seit &hellip; <a href=\"https:\/\/www.freiburg-schwarzwald.de\/blog\/dreisam-schlosssteg-zwischen-littenweiler-und-ebnet-neu\/\">Weiterlesen <span class=\"meta-nav\">&rarr;<\/span><\/a><\/p>\n","protected":false},"author":4,"featured_media":0,"comment_status":"closed","ping_status":"closed","sticky":false,"template":"","format":"standard","meta":{"footnotes":""},"categories":[50,121],"tags":[117],"class_list":["post-9255","post","type-post","status-publish","format-standard","hentry","category-dreisamtal","category-fahrradwege","tag-dreisamuferweg"],"_links":{"self":[{"href":"https:\/\/www.freiburg-schwarzwald.de\/blog\/wp-json\/wp\/v2\/posts\/9255","targetHints":{"allow":["GET"]}}],"collection":[{"href":"https:\/\/www.freiburg-schwarzwald.de\/blog\/wp-json\/wp\/v2\/posts"}],"about":[{"href":"https:\/\/www.freiburg-schwarzwald.de\/blog\/wp-json\/wp\/v2\/types\/post"}],"author":[{"embeddable":true,"href":"https:\/\/www.freiburg-schwarzwald.de\/blog\/wp-json\/wp\/v2\/users\/4"}],"replies":[{"embeddable":true,"href":"https:\/\/www.freiburg-schwarzwald.de\/blog\/wp-json\/wp\/v2\/comments?post=9255"}],"version-history":[{"count":0,"href":"https:\/\/www.freiburg-schwarzwald.de\/blog\/wp-json\/wp\/v2\/posts\/9255\/revisions"}],"wp:attachment":[{"href":"https:\/\/www.freiburg-schwarzwald.de\/blog\/wp-json\/wp\/v2\/media?parent=9255"}],"wp:term":[{"taxonomy":"category","embeddable":true,"href":"https:\/\/www.freiburg-schwarzwald.de\/blog\/wp-json\/wp\/v2\/categories?post=9255"},{"taxonomy":"post_tag","embeddable":true,"href":"https:\/\/www.freiburg-schwarzwald.de\/blog\/wp-json\/wp\/v2\/tags?post=9255"}],"curies":[{"name":"wp","href":"https:\/\/api.w.org\/{rel}","templated":true}]}}