{"id":92413,"date":"2021-07-09T21:39:15","date_gmt":"2021-07-09T19:39:15","guid":{"rendered":"https:\/\/www.freiburg-schwarzwald.de\/blog\/?p=92413"},"modified":"2021-07-09T21:45:05","modified_gmt":"2021-07-09T19:45:05","slug":"d-zahlt-95-eu-schenkt-25-mrd","status":"publish","type":"post","link":"https:\/\/www.freiburg-schwarzwald.de\/blog\/d-zahlt-95-eu-schenkt-25-mrd\/","title":{"rendered":"D zahlt 95 &#8211; EU schenkt 26 Mrd"},"content":{"rendered":"<p><em>&#8222;Ursula von der Leyen war nach Berlin gereist, um Bundeskanzlerin Angela Merkel die gute Nachricht pers\u00f6nlich mitzuteilen: Die <a href=\"https:\/\/www.freiburg-schwarzwald.de\/blog\/global\/eu\/eu-reform\/\">EU<\/a>-Kommission gibt Deutschland gr\u00fcnes Licht zur Nutzung von knapp <a href=\"https:\/\/www.freiburg-schwarzwald.de\/blog\/750-mrd-neu-eu-schuldenunion\/\">26 Milliarden<\/a> Euro aus dem <a href=\"https:\/\/www.freiburg-schwarzwald.de\/blog\/global\/eu\/eu-schuldenunion\/\">Wiederaufbaufonds<\/a>. Wenn auch die anderen EU-Mitgliedsstaaten zustimmen <!--more-->&#8211; wovon auszugehen ist &#8211; dann k\u00f6nnen die ersten Milliarden bereits im Juli flie\u00dfen&#8220;<\/em> &#8211; dies meldete die Tagesschau der <a href=\"https:\/\/www.freiburg-schwarzwald.de\/blog\/kultur\/medien\/wdr\/\">ARD<\/a> am 22.6.2021 unter dem Titel <em>&#8222;Knapp 26 Milliarden Euro f\u00fcr Deutschland&#8220;<\/em>.<br \/>\n<a href=\"https:\/\/www.tagesschau.de\/inland\/deutschland-wiederaufbaufonds-vonderleyen-merkel-101.html\">https:\/\/www.tagesschau.de\/inland\/deutschland-wiederaufbaufonds-vonderleyen-merkel-101.html<\/a><br \/>\n.<br \/>\nZur Freude der deutschen Fernsehzuschauer, die dem Bericht glauben, die EU habe an Deutschland jetzt 26 Mrd Euro geschenkt. Sie merken am TV nat\u00fcrlich nicht, da\u00df der \u00d6R\u00a0 sie gerade &#8222;angeflunkert&#8220; hat &#8211; oder soll man es &#8222;belogen&#8220; nennen? Denn die <a href=\"https:\/\/www.freiburg-schwarzwald.de\/blog\/kultur\/medien\/gez-medien\/\">ARD<\/a> hat das wichtige Detail weggelassen, dass Deutschland zuvor stolze 95 Mrd an den <a href=\"https:\/\/www.freiburg-schwarzwald.de\/blog\/2020-jahr-der-eu-transferunion\/\">Wiederaufbaufonds der EU<\/a> eingezahlt hat. Somit lautet die ganze Wahrheit:<br \/>\nSchritt 1: Deutschland zahlt 95 Mrd Euro an die EU in deren Fonds ein.<br \/>\nSchritt 2: Die EU zahlt daraus 26 Mrd Euro an Deutschland zur\u00fcck.<br \/>\n.<br \/>\nSchritt 1 haben die Journalisten der ARD bewu\u00dft weggelassen. Ist die halbe Wahrheit auch eine Wahrheit? Gem\u00e4\u00df Medienstaatsvertrag sind ARD und ZDF &#8222;zur unabh\u00e4ngigen, sachlichen und \u00fcberparteilichen Berichterstattung&#8220; verpflichtet, wobei die vermittelten Informationen &#8222;aktuell, nachhaltig, abgesichert und glaubw\u00fcrdig&#8220; sein m\u00fcssen. Auch sollte es &#8222;selbstverst\u00e4ndlich sein, dass sie verst\u00e4ndlich vermittelt werden&#8220;. Haben die Journalisten am 22.6.2021 gem\u00e4\u00df Staatsvertrag berichtet? Leider wohl kaum.<\/p>\n<p>Auch nach dieser Tagesschau merken die Deutschen nicht, dass EU und Eurorettung zu ihren Lasten geht. Die Last ist zur Zeit nicht sp\u00fcrbar, weil Garantien f\u00fcr zwischengeschaltete Institutionen (ESM, EZB, Target, &#8230;), die Zahlungen leisten. \u00fcbernommen werden. W\u00fcrden nicht die zwischengeschalteten Institutionen, sondern der Staat bzw. Fiskus direkt selbst zahlen, wobei noch Steuererh\u00f6hungen vorzunehmen w\u00e4ren, dann w\u00e4re die Last f\u00fcr &#8222;Otto Normalverbraucher&#8220; am Fernseher deutlich sp\u00fcrbar.<br \/>\nWelch traurige Berliner EU-Politik: Regierung wie Medien verschleiern, da\u00df in Deutschland eigentlich f\u00e4lligen Zahlungen in die ferne Zukunft auf die nachfolgende Generation verschoben werden. So geht keine nachhaltige Finanzplanung.<br \/>\nIst es ein Gl\u00fcck f\u00fcr die <a href=\"https:\/\/www.freiburg-schwarzwald.de\/blog\/engagement\/zukunft\/demokratie\/groko\/\">GroKo<\/a>, dass die Menschen das Spiel nicht durchschauen und man ihnen vormachen kann, Deutschland erhalte Geld von der EU als Geschenk? Oder ein Ungl\u00fcck?<br \/>\nEs ist mir schier unverst\u00e4ndlich und unbegreiflich, was Regierung und Medien daran gelegen sein k\u00f6nnte, die eigenen B\u00fcrger so <a href=\"https:\/\/www.freiburg-schwarzwald.de\/blog\/glaubwuerdigkeit-groko-msm\/\">an der Nase herum<\/a> zu f\u00fchren.<br \/>\nWenn schon von so unvorstellbar hohen Milliardenbetr\u00e4gen gesprochen wird. Wen jucken eigentlich die Zahlungen von 95 Mrd Euro an die EU bzw. 25,6 Mrd Euro an D? Schlie\u00dflich haften wir Deutschen doch f\u00fcr die gesamten <a href=\"https:\/\/www.freiburg-schwarzwald.de\/blog\/750-mrd-neu-eu-schuldenunion\/\">750 Mrd Euro<\/a> bzw. 750.000.000.000 Euro des \u201eCorona Recovery Fund\u201c.<br \/>\n9.7.2021<\/p>\n<p>.<br \/>\n<strong>Ein St\u00fcck von der Torte, die wir selbst bezahlt haben<\/strong><br \/>\nDeutschland zahlt 95 Milliarden Euro in \u201eWiederaufbaufonds\u201c ein \u2013 und bettelt dann, um 25,6 Milliarden zur\u00fcck zu bekommen. W\u00e4re das Verh\u00e4ltnis von Deutschland und EU eines zwischen Menschen, w\u00fcrden \u00c4mter einschreiten, um den Idioten vor sich selbst zu sch\u00fctzen. &#8230;<br \/>\nBei der NZZ erfahren wir, dass Deutschland \u201eder mit Abstand gr\u00f6\u00dfte Nettozahler\u201c des \u201eWiederaufbaufonds\u201c ist.<br \/>\nhttps:\/\/www.nzz.ch\/finanzen\/aufbaufonds-deutschland-muss-nutzung-eigener-gelder-legitimieren-ld.1633265<br \/>\nDeutschland zahlt 95 Milliarden Euro ein \u2013 und muss dann Antr\u00e4ge stellen, die erst bewilligt werden m\u00fcssen, um 25,6 Milliarden Euro davon zur\u00fcck zu erhalten. Wir schenken die Torte, und m\u00fcssen dann darum betteln, selbst ein St\u00fcck davon abzubekommen. W\u00e4re das Verh\u00e4ltnis zwischen Deutschland und der EU ein Verh\u00e4ltnis zwischen Menschen, w\u00e4ren l\u00e4ngst \u00c4mter eingeschritten, um den Idioten vor sich selbst zu sch\u00fctzen.<br \/>\n&#8230;<br \/>\nDen Deutschen wird das Fell \u00fcber die Ohren gezogen. Ja, das Fell wird uns bei lebendigem Leibe \u00fcber die Ohren gezogen, aber immerhin nicht bei vollem Bewusstsein. T\u00e4glich wird uns eine neue Aufregung pr\u00e4sentiert, ein moralischer Skandal, ein \u201eAnliegen\u201c. Ob Genderged\u00f6ns, Rechtspanik oder EU-Verkl\u00e4rung: Die Moral ist heute ein An\u00e4sthetikum, das den Patienten ruhigstellen (oder zumindest ablenken) soll, damit er weniger zappelt, wenn sie ihn h\u00e4uten und ausnehmen.<br \/>\n&#8230; Alles vom 9.7.2021 bitte lesen auf<br \/>\n<a href=\"https:\/\/www.achgut.com\/artikel\/ein_stueck_von_der_torte_die_wir_selbst_bezahlt_haben\">https:\/\/www.achgut.com\/artikel\/ein_stueck_von_der_torte_die_wir_selbst_bezahlt_haben<\/a><br \/>\nbzw. zuerst auf<br \/>\n<a href=\"https:\/\/www.dushanwegner.com\/deutschland-und-die-eu\/\">https:\/\/www.dushanwegner.com\/deutschland-und-die-eu\/<\/a><br \/>\n.<br \/>\n<em>Dushan Wegner (geb. 1974 in Tschechien, Mag. Philosophie 2008 in K\u00f6ln) pendelt als Publizist zwischen Berlin, Bayern und den Kanaren. In seinem Buch \u201eRelevante Strukturen\u201c erkl\u00e4rt Wegner, wie er ethische Vorhersagen trifft und warum Gl\u00fcck immer Ordnung braucht.<\/em><br \/>\n.<br \/>\nEinige Kommentare:<br \/>\nBei der ganzen Umverteilung und der irren Klimadebatte schreit die Mehrheit der deutschen Steuerzahler geradezu nach der sozialistischen Armut und ihrer Bevormundung!<br \/>\n9.7.2021, R.L.<br \/>\n.<br \/>\n<strong>\u201cGef\u00f6rdert mit Mitteln der EU\u201d<\/strong><br \/>\nViele Deutsche lassen sich das Fell auch deswegen \u00fcber die Ohren ziehen, weil sie einfach nicht begreifen, was sich vor ihren Augen abspielt. Aus pers\u00f6nlicher Erfahrung: Ich stand vor einigen Jahren einmal mit Kommunalpolitikern vor einem sanierten Geb\u00e4ude, an dem ein kleines T\u00e4felchen angebracht war: \u201cGef\u00f6rdert mit Mitteln der EU\u201d oder so \u00e4hnlich stand drauf. Die Kommunalpolitiker freuten sich wie Bolle durch die Bank \u00fcber dieses T\u00e4felchen. Meine Bemerkung, dass Deutschland doch Nettozahler sei, wurde mit Unverst\u00e4ndnis aufgenommen. Also wurde ich deutlicher: Das Geld, das hier als EU-Anteil ausgewiesen werde, sei vorher von Deutschland zur Verf\u00fcgung gestellt worden. Wieder: Ratlosigkeit. Ich setzte nach: Eigentlich m\u00fc\u00dfte auf dem T\u00e4felchen stehen: Vollst\u00e4ndig bezahlt vom deutschen Steuerzahler! Betretenes Schweigen in der Runde. Ob der Groschen gefallen war, wei\u00df ich nicht. Dieselben Leute verbreiteten anschlie\u00dfend wieder Lobges\u00e4nge auf die EU.<br \/>\n9.7.2021, W.K.<br \/>\n.<br \/>\n<strong>D bezahlt: Der gr\u00fcne Hass auf ihr eigenes Land<\/strong><br \/>\nSie schreiben, dass es die Grundidee, also Absicht ist, die Deutschen einzuhegen, auszud\u00fcnnen und ausbluten zu lassen. Daf\u00fcr gibt es tats\u00e4chlich erschreckend viele Zitate von Politikern, die das ganz offen und schamlos ausgesprochen haben. So auch unser ehemaliger Au\u00dfenminister, Joschka Fischer. Der gr\u00fcne Hass auf ihr eigenes Land hat offensichtlich Tradition. Fischer sagte u.a. folgendes: \u201cDeutschland ist ein Problem, weil die Deutschen flei\u00dfiger, disziplinierter und begabter als der Rest Europas sind. Das wird immer wieder zu Ungleichgewichten f\u00fchren. Dem kann aber gegengesteuert werden, indem so viel Geld wie nur m\u00f6glich aus Deutschland heraus geleitet wird. Es ist vollkommen egal wof\u00fcr, es kann auch radikal verschwendet werden. Hauptsache, die Deutschen haben es nicht. Schon ist die Welt gerettet.\u201d Zwei weitere verb\u00fcrgte Zitate von ihm: \u201c\u201eDeutschland muss von au\u00dfen eingehegt, und von innen durch Zustrom von Ausl\u00e4ndern heterogenisiert, quasi verd\u00fcnnt werden.\u201c \u201cDeutsche Helden m\u00fcsste die Welt, tollw\u00fctigen Hunden gleich, einfach totschlagen.\u201d Der Vorstand von \u201cB\u00fcndnis 90\/Die Gr\u00fcnen\u201d k\u00fcrzlich in M\u00fcnchen: \u201eEs geht nicht um Recht oder Unrecht in der Einwanderungsdebatte, uns geht es zuerst um die Zur\u00fcckdr\u00e4ngung des deutschen Bev\u00f6lkerungsanteils in diesem Land!\u201c (Quelle: verteidigt-israel.de) &#8211; \u201cDeutschland verschwindet jeden Tag immer mehr, und das finde ich einfach gro\u00dfartig.\u201d J\u00fcrgenTrittin, B\u00fcndnis90\/Die Gr\u00fcnen. \u201cDie Frage, [ob die Deutschen aussterben], das ist f\u00fcr mich eine, die ich an allerletzter Stelle stelle, weil dieses ist mir, also so wie sie hier gestellt wird, verh\u00e4ltnism\u00e4\u00dfig wurscht.\u201c Renate Schmidt, SPD und ehemalige Bundesfamilienministerin, am 14.3.1987 im Bayerischen Rundfunk. Ja, sie arbeiten ganz ungeniert gegen das eigene Volk! Und das Volk l\u00e4sst es offenbar geschehen.<br \/>\n9.7.2021, M.S.<\/p>\n<p><strong>Nettozahler D ganz oben<\/strong><br \/>\nRechnet man die Nettozahlungen in den Wiederaufbaufonds pro Kopf der Bev\u00f6lkerung, dann liegt Dummland in der Spitzengruppe (circa 850 Euro pro Kopf, etwas h\u00f6her liegt D\u00e4nemark, Luxemburg). Beim Verm\u00f6gen pro Haushalt liegt jedoch Dummland in der EU weit unten.<br \/>\nDie Mittel werden haupts\u00e4chlich von der EZB elektronisch gedruckt ohne Deckung durch Steigerung des BIP: Staatsfinanzierung durch die EZB, Umverteilung durch Inflation.<br \/>\nGewinner: (1) Der absolutistische, parasit\u00e4re und inh\u00e4rent unf\u00e4hige Beamtenapparat der EU-Organe. Der neue Adel im EU-Feudalsystem. EU-Beamte sind juristisch immun, egal welche Sch\u00e4den sie anrichten oder wie korrupt sie auch sein m\u00f6gen, siehe [wikipedia: EU-Beamter]. Die EU-B\u00fcrokratie kontrolliert die Verteilung der Mittel, w\u00e4hrend die Untertanen der Mitgliedsstaaten daf\u00fcr haften.<br \/>\n(2) Die aufgebl\u00e4hten Staatsapparate der einzelnen EU-Staaten, in erster Linie der EU-S\u00fcdstaaten. Die zugewiesenen Mittel werden durch nationalen B\u00fcrokratien in Form kontraproduktiver oder sogar sch\u00e4dlicher Projekte verheizt: Pure sozialistische Planwirtschaft. Zuerst werden neue Beamte eingestellt, die Planwirtschaft muss ja \u201cverwaltet\u201d werden.<br \/>\n(3) Irgendwelche Nutznie\u00dfer von Subventionen, F\u00f6rderungen, Sozialleistungen. Ein gro\u00dfer Teil des Geldes wird auf mysteri\u00f6se Weise in dunklen Kan\u00e4len verschwinden ohne irgendeine Gegenleistung.<br \/>\nVerlierer: Die produktiven (oder ehemals produktiven) B\u00fcrger der EU, vor allem das deutsche B\u00fcrgertum. Durch die Inflation bei erzwungenem Negativ-Zins werden Sparb\u00fccher, Festgelder, Besitzer von Staatsanleihen, Betriebsrenten, Lebensversicherungen, Bausparvertr\u00e4ge, Arbeitseinkommen, &#8230; bestohlen (Inflationssteuer!). Die tats\u00e4chliche Geldentwertung liegt seit Jahren bei etwa 10% (ungef\u00e4hr das Wachstum der M3 Geldmenge).<br \/>\n9.7.2021, Th.B.<br \/>\nBr\u00fcssel ist nur ein zwischengeschalteter Verbraucher<br \/>\nmit hohem Reibungsverlust durch 50.000 Beamte. Die haben nat\u00fcrlich etwas gegen bilaterale Beziehungen, denn die \u00fcppigen Pensionen und Sal\u00e4re fielen weg. In allen europ\u00e4ischen Staaten w\u00fcrden sich die Kosten ohne diesen Verbrauche senken. Neiddebatten gab es vor der EU nicht. Erst seit Br\u00fcssel schaut jeder Staat mit Argusaugen zum Nachbarn und wie die Gelder verteilt werden. Heute f\u00fchlt sich auch jeder Staat gest\u00f6rt durch das internationalistische Reinregieren ins gew\u00e4hlte Parlament. Der \u00dcberstaat l\u00e4hmt jede Bewegung. \/ \u00dcberstaaten zeichnen sich nicht durchs Tun aus, sondern durchs Verhindern. Die Sowjetunion ist abgest\u00fcrzt, weil Moskau in Neuerungen einen Angriff auf seinen Bestand gesehen hat.<br \/>\n97.2021, L.G.<br \/>\n.<br \/>\n<strong>Deutsche als Sklaven der EU<\/strong><br \/>\nWenn Menschen f\u00fcr andere ohne jegliche Gegenleistung arbeiten m\u00fcssen, nennt sich das \u00fcblicherweise Sklaverei. Im diesem Falle scheinen es die Regierungen der von diesem Fonds profitierenden europ\u00e4ischen Staaten erfolgreich erreicht zu haben, die deutschen Steuerzahler auf sehr bequeme Art zu versklaven. Denn normalerweise geht die Sklaverei mit offensichtlichen h\u00e4sslichen Dingen wie Peitschen und Ketten daher. Die EU hat jedoch die deutschen Beh\u00f6rden als n\u00fctzliche Idioten bzw. Ersatzsklaventreiber f\u00fcr ihre Menschenrechtsverletzung eingesetzt, eine echte Leistung. Besonders auch von unserer offensichtlich minderbemittelten Regierungsmannschaft, die Solches nicht verhinderte.<br \/>\n9.7.2021, S.SCH<br \/>\n.<br \/>\n<strong>Deutsche Exporte durch Geschenke finanzieren<\/strong><br \/>\nDas ist das deutsche Gesch\u00e4ftsmodell. Geld ins Ausland zu verschenken, damit in der BRD eingekauft werden kann, damit der Export floriert. Die Konzerne florieren, f\u00fcr die die Parteien und die Regierung arbeiten, aber die deutsche Bev\u00f6lkerung wird immer \u00e4rmer und muss zu immer schlechteren Bedingungen arbeiten (wozu anscheinend viele junge Leute \u00fcberhaupt keine Lust mehr haben). Das war in den antiken Sklavengesellschaften auch so. Die Wirtschaft florierte f\u00fcr die Elite der Reichen, aber die Bev\u00f6lkerung wurde immer \u00e4rmer, die Eingriffe des Staates immer dreister, und zum Schluss gab es so viel unfreie Arbeitskr\u00e4fte, dass die Sklaverei im eigentlichen Sinn \u00fcberfl\u00fcssig wurde. Und noch was zu Wissenschaft. Die Wissenschaft ist eine Hure, die f\u00fcr Geld alles macht, nicht nur Fakes produzieren, sondern auch giftige Impfungen und Atombomben.<br \/>\n9.7.2021, W.B.<br \/>\n.<br \/>\n<strong>Der deutsche Demos &#8211; ohne Reaktion<\/strong><br \/>\nUnd wie beide wissen, da geht noch viel mehr und es wird immer noch keine Reaktion des Demos geben. Dieser Demos wuerde sich inzwischen auch bei vollem Bewusstsein das Fell ueber die Ohren ziehen lassen, egal, ob es in Form messernder, muslimischer Gaeste oder in Form von zig Mrd an wen auch immer geht. Er ist inzwischen das, was man einen lebenden \u201cToten\u201d nennen koennte, irgendwie existiert da noch etwas wie eine Art Zombie, aber er merkt es nicht einmal.<br \/>\nS\u00e4mtlich normalen Reflexe, also ein grosser Teil dessen, was einen \u201cnat\u00fcrlichen\u201d Homo ausmacht, sind wegkonditioniert. Der erste Schritt zum \u201cneuen, reduzierten, Menschen\u201d scheint hierzulande bereits gemacht. Es ist sicher kein Zufall, dass sich die Machthaber dieses Land mit dieser Gesellschaft, einem Antidemos, fuer den Beginn der Transformation ausgesucht haben. Da hat man freie Hand und die konditionierten Individuen jubeln. Sie bereits gluecklich, wenn sie von Merkel spahn vor Corona gesch\u00fctzt \u201c\u00fcberleben\u201d.<br \/>\n9.7.221 , R.N.<br \/>\nEnde Kommentare<\/p>\n<p>&nbsp;<\/p>\n","protected":false},"excerpt":{"rendered":"<p>&#8222;Ursula von der Leyen war nach Berlin gereist, um Bundeskanzlerin Angela Merkel die gute Nachricht pers\u00f6nlich mitzuteilen: Die EU-Kommission gibt Deutschland gr\u00fcnes Licht zur Nutzung von knapp 26 Milliarden Euro aus dem Wiederaufbaufonds. Wenn auch die anderen EU-Mitgliedsstaaten zustimmen<\/p>\n","protected":false},"author":2,"featured_media":0,"comment_status":"open","ping_status":"closed","sticky":false,"template":"","format":"standard","meta":{"footnotes":""},"categories":[36,195,162,80,141,157,172],"tags":[633,489,372,664,682,720,525],"class_list":["post-92413","post","type-post","status-publish","format-standard","hentry","category-engagement","category-eu","category-internet","category-medien","category-nachhaltigkeit","category-oeffentlicher-raum","category-zukunft","tag-demokratie","tag-european-union","tag-euro","tag-finanz","tag-freiheit","tag-medien","tag-politik"],"_links":{"self":[{"href":"https:\/\/www.freiburg-schwarzwald.de\/blog\/wp-json\/wp\/v2\/posts\/92413","targetHints":{"allow":["GET"]}}],"collection":[{"href":"https:\/\/www.freiburg-schwarzwald.de\/blog\/wp-json\/wp\/v2\/posts"}],"about":[{"href":"https:\/\/www.freiburg-schwarzwald.de\/blog\/wp-json\/wp\/v2\/types\/post"}],"author":[{"embeddable":true,"href":"https:\/\/www.freiburg-schwarzwald.de\/blog\/wp-json\/wp\/v2\/users\/2"}],"replies":[{"embeddable":true,"href":"https:\/\/www.freiburg-schwarzwald.de\/blog\/wp-json\/wp\/v2\/comments?post=92413"}],"version-history":[{"count":3,"href":"https:\/\/www.freiburg-schwarzwald.de\/blog\/wp-json\/wp\/v2\/posts\/92413\/revisions"}],"predecessor-version":[{"id":92420,"href":"https:\/\/www.freiburg-schwarzwald.de\/blog\/wp-json\/wp\/v2\/posts\/92413\/revisions\/92420"}],"wp:attachment":[{"href":"https:\/\/www.freiburg-schwarzwald.de\/blog\/wp-json\/wp\/v2\/media?parent=92413"}],"wp:term":[{"taxonomy":"category","embeddable":true,"href":"https:\/\/www.freiburg-schwarzwald.de\/blog\/wp-json\/wp\/v2\/categories?post=92413"},{"taxonomy":"post_tag","embeddable":true,"href":"https:\/\/www.freiburg-schwarzwald.de\/blog\/wp-json\/wp\/v2\/tags?post=92413"}],"curies":[{"name":"wp","href":"https:\/\/api.w.org\/{rel}","templated":true}]}}