{"id":9175,"date":"2012-08-13T09:32:17","date_gmt":"2012-08-13T07:32:17","guid":{"rendered":"https:\/\/www.freiburg-schwarzwald.de\/blog\/?p=9175"},"modified":"2012-08-13T09:32:17","modified_gmt":"2012-08-13T07:32:17","slug":"begegnungen-von-mountainbiker-und-fussgaenger-99-konfliktfrei","status":"publish","type":"post","link":"https:\/\/www.freiburg-schwarzwald.de\/blog\/begegnungen-von-mountainbiker-und-fussgaenger-99-konfliktfrei\/","title":{"rendered":"Begegnungen von Mountainbiker und Fussgaenger 99% konfliktfrei"},"content":{"rendered":"<p>Da ich seit Februar mehrmals w\u00f6chentlich jeweils mehrere Stunden mit der H\u00fcndin meiner Tochter auf den schmalen und breiten Wegen an <a title=\"Berge\" href=\"https:\/\/www.freiburg-schwarzwald.de\/blog\/regio\/berge\/\">Rosskopf<\/a>\u00a0und Schlossberg unterwegs bin, m\u00f6chte ich behaupten, dass 99 Prozent aller Begegnungen mit <a title=\"Radfahren\" href=\"https:\/\/www.freiburg-schwarzwald.de\/blog\/regio\/verkehr\/radfahren\/\">Mountainbikern<\/a> konfliktfrei bis sogar sehr nett verlaufen. Kritisch wird es meiner Erfahrung nach nie auf den schmalen Wegen, die f\u00fcr &#8222;echte&#8220; Mountainbiker interessant sind. \u00c4rgerlich sind lediglich ein paar wenige als Mountainbiker verkleidete Radfahr-R\u00fcpel, die auf den breiten Wald-Highways haarscharf an <a title=\"Fussgaenger\" href=\"https:\/\/www.freiburg-schwarzwald.de\/blog\/fussgaenger\/\">Spazierg\u00e4ngern<\/a> vorbeisausen, weil sie wohl irgendwem irgendwas beweisen m\u00fcssen. <!--more-->Denen stehen umgekehrt diejenigen Fu\u00dfg\u00e4nger in nichts nach, die grottenbreit auf ihrem &#8222;Wegerecht&#8220; beharren und mehr oder weniger fantasiereiche Beschimpfungen durch den Wald br\u00fcllen. Und nur weil dieses Ausnahmeverhalten mehr Eindruck macht als das weitaus h\u00e4ufigere freundliche Miteinander sowie wegen der Beschwerde einer(!) Anwohnerin sollen die Wege nun strikt getrennt werden? Das will mir nicht in den Kopf! Vielleicht denken wir einfach wieder einmal daran, dass wir (wahrscheinlich) alle den Wald nicht gepachtet haben und ein gemeinsames Gut gemeinsam nutzen. Meine H\u00fcndin und ich brauchen einen Moment Geduld, um eine Gruppe Mountainbiker vorbei zu lassen, und umgekehrt fordern wir ihnen einiges an Langmut und K\u00f6nnen ab, wenn ich &#8222;Erbse&#8220; von einem interessanten Geruch wegrufe und sie daraufhin mit Engelsmiene, aber geruhsamstem Schneckentempo quer \u00fcber den Weg zu mir trottet oder wenn wir als ganze Familie mitsamt Enkelkind unterwegs sind und ein wahres Verkehrshindernis abgeben, weil wir mal wieder auf unwegsamen Pfaden die &#8222;Mountainbike-Qualit\u00e4ten&#8220; unseres Kinderwagens testen, wie wir es nennen.<br \/>\nMeine Erfahrung: Ein wenig gegenseitiges Verst\u00e4ndnis, ein L\u00e4cheln und ein &#8222;Dankesch\u00f6n&#8220; vers\u00fc\u00dfen den Tag, bauen Stress ab, sind gut gegen Falten und bringen das Motivations- und Belohnungssystem in Gehirn und K\u00f6rper so richtig in Schwung, kurzum, sie befl\u00fcgeln (auf) Schritt und Tritt. Ob Verbotsschilder da mithalten k\u00f6nnen?<br \/>\n13.8.2012, Astrid Ogbeiwi, Freiburg<\/p>\n<p><strong>Biker auf Abwegen am Schlossberg<!-- RSPEAK_STOP --><\/strong><br \/>\n&#8230;. &#8222;Gegenseitige R\u00fccksichtnahme sollte hier an erster Stelle stehen&#8220;, fordert folglich Hans-Peter Schneider, der Vorsitzende der RIG Freiburg und betrachtet den Kompromiss Burgbachers mit Skepsis: &#8222;Durch die Verlagerung von Fu\u00dfg\u00e4ngern und Bikern auf unterschiedliche Wege wird die Aufteilung in zwei Gruppen erst vollzogen. Beide bewegen sich aber drau\u00dfen und tragen so auch die gleiche Verantwortung \u2013 sowohl der Natur als auch dem Mitmenschen gegen\u00fcber.&#8220; &#8230;. Alles vom 11.7.2012 bitte lesen auf<br \/>\n<a href=\"https:\/\/www.badische-zeitung.de\/freiburg\/biker-auf-abwegen-am-schlossberg--61561348.html\">https:\/\/www.badische-zeitung.de\/freiburg\/biker-auf-abwegen-am-schlossberg&#8211;61561348.html<\/a><br \/>\n<!-- RSPEAK_STOP --><\/p>\n<p><!-- RSPEAK_STOP --><\/p>\n","protected":false},"excerpt":{"rendered":"<p>Da ich seit Februar mehrmals w\u00f6chentlich jeweils mehrere Stunden mit der H\u00fcndin meiner Tochter auf den schmalen und breiten Wegen an Rosskopf\u00a0und Schlossberg unterwegs bin, m\u00f6chte ich behaupten, dass 99 Prozent aller Begegnungen mit Mountainbikern konfliktfrei bis sogar sehr nett &hellip; <a href=\"https:\/\/www.freiburg-schwarzwald.de\/blog\/begegnungen-von-mountainbiker-und-fussgaenger-99-konfliktfrei\/\">Weiterlesen <span class=\"meta-nav\">&rarr;<\/span><\/a><\/p>\n","protected":false},"author":4,"featured_media":0,"comment_status":"closed","ping_status":"closed","sticky":false,"template":"","format":"standard","meta":{"footnotes":""},"categories":[75,121,122],"tags":[69],"class_list":["post-9175","post","type-post","status-publish","format-standard","hentry","category-biken","category-fahrradwege","category-wandern","tag-mtb"],"_links":{"self":[{"href":"https:\/\/www.freiburg-schwarzwald.de\/blog\/wp-json\/wp\/v2\/posts\/9175","targetHints":{"allow":["GET"]}}],"collection":[{"href":"https:\/\/www.freiburg-schwarzwald.de\/blog\/wp-json\/wp\/v2\/posts"}],"about":[{"href":"https:\/\/www.freiburg-schwarzwald.de\/blog\/wp-json\/wp\/v2\/types\/post"}],"author":[{"embeddable":true,"href":"https:\/\/www.freiburg-schwarzwald.de\/blog\/wp-json\/wp\/v2\/users\/4"}],"replies":[{"embeddable":true,"href":"https:\/\/www.freiburg-schwarzwald.de\/blog\/wp-json\/wp\/v2\/comments?post=9175"}],"version-history":[{"count":0,"href":"https:\/\/www.freiburg-schwarzwald.de\/blog\/wp-json\/wp\/v2\/posts\/9175\/revisions"}],"wp:attachment":[{"href":"https:\/\/www.freiburg-schwarzwald.de\/blog\/wp-json\/wp\/v2\/media?parent=9175"}],"wp:term":[{"taxonomy":"category","embeddable":true,"href":"https:\/\/www.freiburg-schwarzwald.de\/blog\/wp-json\/wp\/v2\/categories?post=9175"},{"taxonomy":"post_tag","embeddable":true,"href":"https:\/\/www.freiburg-schwarzwald.de\/blog\/wp-json\/wp\/v2\/tags?post=9175"}],"curies":[{"name":"wp","href":"https:\/\/api.w.org\/{rel}","templated":true}]}}