{"id":91511,"date":"2021-06-16T08:03:06","date_gmt":"2021-06-16T06:03:06","guid":{"rendered":"https:\/\/www.freiburg-schwarzwald.de\/blog\/?p=91511"},"modified":"2021-06-16T15:11:15","modified_gmt":"2021-06-16T13:11:15","slug":"schwarzwaldverein-wege-gut","status":"publish","type":"post","link":"https:\/\/www.freiburg-schwarzwald.de\/blog\/schwarzwaldverein-wege-gut\/","title":{"rendered":"Schwarzwaldverein &#8211; Wege gut"},"content":{"rendered":"<p>Nun startete der <a href=\"https:\/\/www.freiburg-schwarzwald.de\/blog\/vereine\/wandervereine\/schwarzwaldverein\/\">Schwarzwaldverein<\/a> offiziell seine Kampagne \u201eWege gut? Alles gut!\u201c. Die Vereinsspitze um Pr\u00e4sident Meinrad Joos brachte an einem <a href=\"https:\/\/www.freiburg-schwarzwald.de\/blog\/sport\/wandern\/\">Wegweiser<\/a> am Fu\u00df des <a href=\"https:\/\/www.freiburg-schwarzwald.de\/blog\/regio\/freiburg\/schlossberg\/\">Schlossbergs<\/a> in Freiburg eines der neuen gr\u00fcnen Rundschilder an, mit denen der <a href=\"https:\/\/www.freiburg-schwarzwald.de\/blog\/vereine\/wandervereine\/\">Verein<\/a> in Zukunft st\u00e4rker auf seine Wegearbeit aufmerksam machen m\u00f6chte. <!--more-->Die Ortsvereine haben die gr\u00fcnen Schilder erhalten und bringen sie an markanten Punkten im Wegenetz an \u2013 so auch im Bereich des <a href=\"https:\/\/www.freiburg-schwarzwald.de\/blog\/vereine\/wandervereine\/schwarzwaldverein-dreisamtal-kirchzarten\/\">Schwarzwaldverein Dreisamtal-Kirchzarten<\/a>.<br \/>\n.<br \/>\nIm westlichen <a href=\"https:\/\/www.freiburg-schwarzwald.de\/blog\/regio\/hochschwarzwald\/\">Baden-W\u00fcrttemberg<\/a> sind die Wanderer und Natursportler oft auf Wegen unterwegs, die der Schwarzwaldverein mit seinen Wegweisern und Rautensymbolen markiert hat . Viele Menschen sind dankbar f\u00fcr die zuverl\u00e4ssige Markierung der Wanderwege, machen sich aber wenig Gedanken dar\u00fcber, wer diese Arbeit erledigt. Der Schwarzwaldverein m\u00f6chte mit den gr\u00fcnen Rundschildern auf die ehrenamtliche Wegearbeit aufmerksam machen. \u201eWege gut?\u201c fragt das Logo die Wanderer und fordert auf, die eigens eingerichtete Internetseite zu besuchen. Auf dem Schild findet sich ein QR-Code, der \u2013 vom Smartphone-Benutzer mit passender App abfotografiert \u2013 auf die Infoseite <a href=\"https:\/\/www.schwarzwaldverein.de\/wegweisend\">https:\/\/www.schwarzwaldverein.de\/wegweisend<\/a> f\u00fchrt. Hier h\u00e4lt der Verein Informationen zur Wegearbeit bereit, l\u00e4dt ein, Mitglied in einem der Ortsvereine zu werden oder seiner Zufriedenheit mit der Wegeinfrastruktur monet\u00e4r Ausdruck zu verleihen.<br \/>\n\u201eSowohl von Menschen, die das Wandern neu f\u00fcr sich entdecken, als auch von solchen, die schon andere Wandergebiete kennen, h\u00f6ren wir, dass bei uns im Schwarzwald die Wegemarkierung besonders gut und zuverl\u00e4ssig ist\u201c, freut sich der Pr\u00e4sident des Schwarzwaldvereins Meinrad Joos, dessen mehr als 200 Ortsvereine das 24.000 Kilometer lange Netz der Wanderwege in Schuss halten. \u201eWir hoff en, dass sich in Zukunft mehr Menschen, die die tollen Wege nutzen, solidarisch zeigen und den Verein unterst\u00fctzen.\u201c<br \/>\nWerner Hillmann, der als Vizepr\u00e4sident f\u00fcr das Thema Wanderwege zust\u00e4ndig ist, weist darauf hin, dass es ein gut abgestimmtes Regelwerk gibt und nicht jeder Ortsverein markiert, wie es ihm gerade passt: \u201eVor rund 20 Jahren hat der Schwarzwaldverein ein einheitliches Markierungssystem konzipiert und umgesetzt, um das uns viele gro\u00dfe Wanderregionen beneiden\u201c. Die Markierung geschehe \u00fcberall nach klaren Regeln und gleichen Symbolen. M\u00f6glich wird das durch eine professionelle digitale Wegeverwaltung und enge Abstimmung mit den Kommunen, dem Tourismus und den Naturparken. R\u00fcckgrat der Wegearbeit sind die ehrenamtlichen Helfer in den Ortsvereinen und Bezirken, die die Markierung kontrollieren, Schilder anbringen, Wege freischneiden und mit Forstamt und Bauhof zusammen die Wege in Schuss halten. F\u00fcr die Wanderwege im Bereich des <a href=\"https:\/\/www.freiburg-schwarzwald.de\/blog\/vereine\/wandervereine\/schwarzwaldverein-dreisamtal-kirchzarten\/\">Schwarzwaldvereins DreisamtalKirchzarten<\/a> ist Heinz Esders mit engagierten Helfern verantwortlich.<br \/>\n16.6.2021, Gerhard L\u00fcck<\/p>\n","protected":false},"excerpt":{"rendered":"<p>Nun startete der Schwarzwaldverein offiziell seine Kampagne \u201eWege gut? Alles gut!\u201c. Die Vereinsspitze um Pr\u00e4sident Meinrad Joos brachte an einem Wegweiser am Fu\u00df des Schlossbergs in Freiburg eines der neuen gr\u00fcnen Rundschilder an, mit denen der Verein in Zukunft st\u00e4rker &hellip; <a href=\"https:\/\/www.freiburg-schwarzwald.de\/blog\/schwarzwaldverein-wege-gut\/\">Weiterlesen <span class=\"meta-nav\">&rarr;<\/span><\/a><\/p>\n","protected":false},"author":2,"featured_media":0,"comment_status":"open","ping_status":"closed","sticky":false,"template":"","format":"standard","meta":{"footnotes":""},"categories":[58,158,139,180,11,7,122,126],"tags":[587,717,391,331,380],"class_list":["post-91511","post","type-post","status-publish","format-standard","hentry","category-familie","category-gesund","category-heimat","category-hochschwarzwald","category-regio","category-tourismus","category-wandern","category-wandervereine","tag-blackforest","tag-ehrenamt","tag-freizeit","tag-tourist","tag-wanderweg"],"_links":{"self":[{"href":"https:\/\/www.freiburg-schwarzwald.de\/blog\/wp-json\/wp\/v2\/posts\/91511","targetHints":{"allow":["GET"]}}],"collection":[{"href":"https:\/\/www.freiburg-schwarzwald.de\/blog\/wp-json\/wp\/v2\/posts"}],"about":[{"href":"https:\/\/www.freiburg-schwarzwald.de\/blog\/wp-json\/wp\/v2\/types\/post"}],"author":[{"embeddable":true,"href":"https:\/\/www.freiburg-schwarzwald.de\/blog\/wp-json\/wp\/v2\/users\/2"}],"replies":[{"embeddable":true,"href":"https:\/\/www.freiburg-schwarzwald.de\/blog\/wp-json\/wp\/v2\/comments?post=91511"}],"version-history":[{"count":1,"href":"https:\/\/www.freiburg-schwarzwald.de\/blog\/wp-json\/wp\/v2\/posts\/91511\/revisions"}],"predecessor-version":[{"id":91512,"href":"https:\/\/www.freiburg-schwarzwald.de\/blog\/wp-json\/wp\/v2\/posts\/91511\/revisions\/91512"}],"wp:attachment":[{"href":"https:\/\/www.freiburg-schwarzwald.de\/blog\/wp-json\/wp\/v2\/media?parent=91511"}],"wp:term":[{"taxonomy":"category","embeddable":true,"href":"https:\/\/www.freiburg-schwarzwald.de\/blog\/wp-json\/wp\/v2\/categories?post=91511"},{"taxonomy":"post_tag","embeddable":true,"href":"https:\/\/www.freiburg-schwarzwald.de\/blog\/wp-json\/wp\/v2\/tags?post=91511"}],"curies":[{"name":"wp","href":"https:\/\/api.w.org\/{rel}","templated":true}]}}