{"id":91310,"date":"2021-06-03T17:37:48","date_gmt":"2021-06-03T15:37:48","guid":{"rendered":"https:\/\/www.freiburg-schwarzwald.de\/blog\/?p=91310"},"modified":"2021-06-06T15:56:47","modified_gmt":"2021-06-06T13:56:47","slug":"d-im-abstieg-hilfe-von-links","status":"publish","type":"post","link":"https:\/\/www.freiburg-schwarzwald.de\/blog\/d-im-abstieg-hilfe-von-links\/","title":{"rendered":"D im Abstieg &#8211; Hilfe von Links?"},"content":{"rendered":"<p>Bedr\u00fcckte und von <a href=\"https:\/\/www.freiburg-schwarzwald.de\/blog\/engagement\/zukunft\/angst\/\">Angst<\/a> gepr\u00e4gte Stimmung liegt \u00fcber dem Land. Es ist mehr als die letzte &#8222;<a href=\"https:\/\/www.freiburg-schwarzwald.de\/blog\/global\/deutschland\/germany\/\">German Angst<\/a>&#8220; in der Finanzkrise von 2008. <a href=\"https:\/\/www.freiburg-schwarzwald.de\/blog\/kultur\/medien\/diskussionskultur\/\">Gespr\u00e4che<\/a> werden seltener und seltsamer. Dazu vier Beispiele zu Corona, Migration, \u00d6konomie und Bildung\/Schule als Gespr\u00e4chsthemen:<br \/>\n<!--more-->.<br \/>\n1) Beim Spaziergang beim Titisee im <a href=\"https:\/\/www.freiburg-schwarzwald.de\/blog\/regio\/hochschwarzwald\/\">Hochschwarzwald<\/a> treffen Oma und Opa maskenlos auf einer einsamen, aber windigen Anh\u00f6he ein \u00e4hnlich altes Wandererpaar, das sich bei den ersten Worten pl\u00f6tzlich zu anderen Seite dreht. Warum? Die Antwort ganz ernst und ehrlich: <em>&#8222;&#8230; wegen den Aeorosolen, die sonst auf uns zuwehen&#8220;<\/em>. Das Gespr\u00e4ch entwickelt sich entsprechend gezwungen: Das <a href=\"https:\/\/www.freiburg-schwarzwald.de\/blog\/business\/gesund\/corona-virus\/corona-strategiepapier\/\">Corona-Strategiepapier<\/a> vom Bundesinnenministerium im M\u00e4rz 2020 hat die Kommunikation vergiftet &#8211; der Mitmensch gilt \u00fcberall als m\u00f6glicher Infizierer.<\/p>\n<p>2) Offene Gespr\u00e4che ergeben sich am ehesten mit Personen mit <a href=\"https:\/\/www.freiburg-schwarzwald.de\/blog\/global\/migration\/migrationshintergrund\/\">Migrationshintergrund<\/a>, die ganz ungezwungen reden. Meistens mit dem besorgten Hinweis, wir sollten doch die Grenzen kontrollieren, damit nicht so viele Menschen immigrieren, die in diesem freien Land \u00fcberhaupt nicht mitarbeiten wollen, um sich hier eine eigene zufriedene Existenz aufzubauen.<\/p>\n<p>3) Dann die kurzen Gespr\u00e4che mit den Zustellern von Amazon et al., die zwischen T\u00fcr und Angel \u00fcber Knebelvertr\u00e4ge, zeitliche Hetze und eine so miese Bezahlung klagen, die ihnen keinerlei Perspektive zur Gr\u00fcndung einer eigenen Familie bietet. Die gewaltige Zunahme von <a href=\"https:\/\/www.freiburg-schwarzwald.de\/blog\/selbsthilfe\/soziales\/arbeit\/job\/\">prek\u00e4ren Jobs<\/a> deutet auf eine <a href=\"https:\/\/www.freiburg-schwarzwald.de\/blog\/business\/rezession\/\">Rezession<\/a> der Wirtschaft hin.<\/p>\n<p>4) Und zuguterletzt die herzzerrei\u00dfenden Gespr\u00e4che mit <a href=\"https:\/\/www.freiburg-schwarzwald.de\/blog\/business\/gesund\/corona-virus\/corona-kinder\/\">Kindern<\/a>, die nur noch mit Mund-Nasen-Schutz-Maske Gespr\u00e4che f\u00fchren d\u00fcrfen, ganz anders als die Erwachsenen. In <a href=\"https:\/\/www.freiburg-schwarzwald.de\/blog\/kultur\/medien\/gez-medien\/\">Ard<\/a>-Nachrichten am 29.5.2021: Politiker, MdBs, Minister werden ohne <a href=\"https:\/\/www.freiburg-schwarzwald.de\/blog\/business\/gesund\/corona-virus\/maske\/\">Maske<\/a> interviewt. Zwischendurch zwei Interviews mit Sch\u00fclern, im Klassenzimmer sowie im Schulhof, die nat\u00fcrlich mit Maske sprechen.<br \/>\nEntgegen dem <a href=\"https:\/\/www.freiburg-schwarzwald.de\/blog\/engagement\/zukunft\/demokratie\/gleichheit\/\">Gleichheits-Grundsatz<\/a> also zweierlei Rechte: F\u00fcr Erwachsene ohne Maske und f\u00fcr Kinder mit Maske. Was f\u00fcr eine erb\u00e4rmliche Bildungspolitik! Schlie\u00dflich stellen die Psychologen f\u00fcr Kinder ein Erleben per Faktor 10 fest: Wenn ein Erwachsener eine Maske eine Stunde lang tr\u00e4gt, dann entspricht dies im Erleben der Kinder eine Maskerade \u00fcber 10 Stunden hinweg!<br \/>\n.<br \/>\nEin weiterer Angstfaktor ist sicherlich die Ahnung, da\u00df es mit dem steten <a href=\"https:\/\/www.freiburg-schwarzwald.de\/blog\/engagement\/zukunft\/wachstum\/\">&#8222;Aufw\u00e4rts&#8220;<\/a> der vergangenen 75 Nachkriegsjahre zu Ende geht, mehr noch, da\u00df der Wohlstand von 83 Mio nicht von nur noch 15 Mio Nettosteuerzahlern gehalten werden kann. Der <a href=\"https:\/\/www.freiburg-schwarzwald.de\/blog\/selbsthilfe\/soziales\/sozialstaat\/\">Sozialstaat<\/a> ist am Ende bzw. nur noch auf Pump am Leben. Die Staatsverschuldung in H\u00f6he von 2,1 Billionen Euro (also 2.100.000 Millionen) von Ende Juni 2020 wurde inzwischen \u00fcber EU (750 Mrd) und Corona (180 Mrd) weiter erh\u00f6ht. Alle, die sich aufgrund der immensen Ausgleichszahlungen zu einem &#8222;&#8230; uns geht es doch gut&#8220; hinrei\u00dfen lassen, sei gesagt: Wir leben zwar komfortabel, aber von der Substanz und auf Kosten der n\u00e4chsten Generation.<br \/>\n.<br \/>\nIn dem <a href=\"https:\/\/www.freiburg-schwarzwald.de\/blog\/kultur\/kulturverlust\/dekadenz\/\">lesenswerten Beitrag<\/a> <em><strong>&#8222;\u00dcber die Unf\u00e4higkeit menschlicher Gesellschaften, mit Wohlstand umgehen zu k\u00f6nnen&#8220;<\/strong><\/em> formuliert es Thomas Hellerberger treffend: &#8222;Das Problem liegt darin, dass eine dekadente Lebensweise angenehm ist und \u201eSpa\u00df macht\u201c&#8220;. Dekadenz hei\u00dft Abstieg.<\/p>\n<p>Laut einer <a href=\"https:\/\/www.freiburg-schwarzwald.de\/blog\/kultur\/medien\/meinungsfreiheit\/eigene-meinung\/\">Allensbach-Umfrage<\/a> meinen nur 18 %, man k\u00f6nne sich \u201ein der \u00d6ffentlichkeit und im Internet zu allem frei \u00e4u\u00dfern\u201c, die anderen 82 % halten sich im Gespr\u00e4ch lieber zur\u00fcck. Das sind Zahlen, die vom Verlust unserer <a href=\"https:\/\/www.freiburg-schwarzwald.de\/blog\/kultur\/medien\/diskussionskultur\/\">Diskussionskultur<\/a> und vom Einzug einer <a href=\"https:\/\/www.freiburg-schwarzwald.de\/blog\/kultur\/medien\/gesinnungsdiktatur\/\">Gesinnungsdiktatur<\/a> zeugen. Dazu Allensbach-Chefin Renate K\u00f6cher: \u201eAllen voran geh\u00f6rt das Fl\u00fcchtlingsthema f\u00fcr die gro\u00dfe Mehrheit zu den heiklen Themen, bei denen man mit \u00c4u\u00dferungen vorsichtig sein sollte, gefolgt von Meinungsbekundungen zu Muslimen und dem Islam.&#8220; Die Angst vor Diffamierung, <a href=\"https:\/\/www.freiburg-schwarzwald.de\/blog\/kultur\/medien\/diskussionskultur\/kontaktschuld\/\">Kontaktschuld<\/a> und Nachteilen bei Job bzw. Karriere f\u00fchrt dazu, da\u00df die schweigenden Mehrheit immer gr\u00f6\u00dfer wird. Innere Emigration, R\u00fcckzug ins <a href=\"https:\/\/www.freiburg-schwarzwald.de\/blog\/engagement\/zukunft\/demokratie\/privateigentum\/\">Private<\/a> und <a href=\"https:\/\/www.freiburg-schwarzwald.de\/blog\/engagement\/resignation-der-mitte\/\">Resignation<\/a> sind die Folge.<br \/>\n.<br \/>\nWer kann die in <a href=\"https:\/\/www.freiburg-schwarzwald.de\/blog\/kultur\/medien\/political-correctness\/konformismus\/\">Konformit\u00e4t<\/a> gel\u00e4hmte Gesellschaft aus der berechtigten Angst um <a href=\"https:\/\/www.freiburg-schwarzwald.de\/blog\/selbsthilfe\/soziales\/wohlstand\/\">Wohlstandsverlust<\/a> und <a href=\"https:\/\/www.freiburg-schwarzwald.de\/blog\/kultur\/kulturverlust\/dekadenz\/\">Abstieg<\/a> herausf\u00fchren? &#8222;Intelligente Linke vom Format einer Sahra Wagenknecht&#8220; &#8211; so die \u00fcberraschende Antwort des Kommunikationswissenschaftlers Norbert Bolz im <a href=\"https:\/\/www.freiburg-schwarzwald.de\/blog\/kultur\/medien\/radio\/podcast\/\">Podcast Indubio 131<\/a> vom 30.5.2021, denn:<br \/>\nDie <a href=\"https:\/\/www.freiburg-schwarzwald.de\/blog\/engagement\/zukunft\/demokratie\/konservativismus\/\">Konservativen<\/a> seien machtlos, da von den Medien diskriminiert und abgestempelt. Die &#8222;Lifestyle-Linken&#8220; seien Idioten, da sie die arbeitenden Menschen als ihre Ur-Clientel zugunsten des Diversity-Wahns verraten haben und nun dem Million\u00e4rs-Sozialismus fr\u00f6nen.<br \/>\nGr\u00fcne, SPD und Links-CDU besch\u00e4ftigen sich mit Woke-Themen: Rassismus, Cancel Culture, Gender, Klimarettung, &#8222;Gesinnung statt Argument&#8220;, Antikolonialismus, &#8230;<br \/>\nDa bleiben nur die &#8222;urspr\u00fcnglichen, echten Linken&#8220;, die die Gesellschaft von unten \u00e4ndern k\u00f6nnten.<br \/>\nFragen \u00fcber Fragen. Vor allem an die Konservativen: Warum schaffen sie es nicht, sich vom Druck und Vorwurf von <a href=\"https:\/\/www.freiburg-schwarzwald.de\/blog\/global\/deutschland\/verteilungskampf\/\">&#8222;Kampf gegen Rechts&#8220;<\/a>-NGOs und Medien, sie geh\u00f6rten alle in die &#8222;Nazi-Ecke&#8220;, zu befreien?<br \/>\nDem fortschreitenden kulturellen wie \u00f6konomischen <a href=\"https:\/\/www.freiburg-schwarzwald.de\/blog\/kultur\/kulturverlust\/dekadenz\/\">Abstieg<\/a> von Deutschland mu\u00df Einhalt geboten werden. Dar\u00fcber sind sich alle einig. Aber d\u00fcrfen <a href=\"https:\/\/www.freiburg-schwarzwald.de\/blog\/kultur\/medien\/kritik\/\">Kritik<\/a> und Zukunftskonzepte nur von der politischen Linken kommen?<br \/>\n3.6.2021<\/p>\n<p>Mehr zu Abstieg, Wohlstandsverlust und Dekadenz; <a href=\"https:\/\/www.freiburg-schwarzwald.de\/blog\/kultur\/kulturverlust\/dekadenz\/\">hier<\/a><br \/>\nsowie: <a href=\"https:\/\/www.freiburg-schwarzwald.de\/blog\/global\/deutschland\/gesellschaft\/normalitaet\/\">Indubio Folge 131: Das alte und das neue Normal<\/a>\u00a0(30.5.2021)<\/p>\n","protected":false},"excerpt":{"rendered":"<p>Bedr\u00fcckte und von Angst gepr\u00e4gte Stimmung liegt \u00fcber dem Land. Es ist mehr als die letzte &#8222;German Angst&#8220; in der Finanzkrise von 2008. Gespr\u00e4che werden seltener und seltsamer. Dazu vier Beispiele zu Corona, Migration, \u00d6konomie und Bildung\/Schule als Gespr\u00e4chsthemen:<\/p>\n","protected":false},"author":2,"featured_media":0,"comment_status":"open","ping_status":"closed","sticky":false,"template":"","format":"standard","meta":{"footnotes":""},"categories":[18,4,13,80,172],"tags":[709,768,649,625,525,745],"class_list":["post-91310","post","type-post","status-publish","format-standard","hentry","category-bildung","category-branchen","category-kultur","category-medien","category-zukunft","tag-angst","tag-kons","tag-links","tag-ngo","tag-politik","tag-wirtschaft"],"_links":{"self":[{"href":"https:\/\/www.freiburg-schwarzwald.de\/blog\/wp-json\/wp\/v2\/posts\/91310","targetHints":{"allow":["GET"]}}],"collection":[{"href":"https:\/\/www.freiburg-schwarzwald.de\/blog\/wp-json\/wp\/v2\/posts"}],"about":[{"href":"https:\/\/www.freiburg-schwarzwald.de\/blog\/wp-json\/wp\/v2\/types\/post"}],"author":[{"embeddable":true,"href":"https:\/\/www.freiburg-schwarzwald.de\/blog\/wp-json\/wp\/v2\/users\/2"}],"replies":[{"embeddable":true,"href":"https:\/\/www.freiburg-schwarzwald.de\/blog\/wp-json\/wp\/v2\/comments?post=91310"}],"version-history":[{"count":5,"href":"https:\/\/www.freiburg-schwarzwald.de\/blog\/wp-json\/wp\/v2\/posts\/91310\/revisions"}],"predecessor-version":[{"id":91381,"href":"https:\/\/www.freiburg-schwarzwald.de\/blog\/wp-json\/wp\/v2\/posts\/91310\/revisions\/91381"}],"wp:attachment":[{"href":"https:\/\/www.freiburg-schwarzwald.de\/blog\/wp-json\/wp\/v2\/media?parent=91310"}],"wp:term":[{"taxonomy":"category","embeddable":true,"href":"https:\/\/www.freiburg-schwarzwald.de\/blog\/wp-json\/wp\/v2\/categories?post=91310"},{"taxonomy":"post_tag","embeddable":true,"href":"https:\/\/www.freiburg-schwarzwald.de\/blog\/wp-json\/wp\/v2\/tags?post=91310"}],"curies":[{"name":"wp","href":"https:\/\/api.w.org\/{rel}","templated":true}]}}