{"id":90881,"date":"2021-05-20T19:47:07","date_gmt":"2021-05-20T17:47:07","guid":{"rendered":"https:\/\/www.freiburg-schwarzwald.de\/blog\/?p=90881"},"modified":"2021-05-28T18:05:25","modified_gmt":"2021-05-28T16:05:25","slug":"antisemitismus-islam-und-links","status":"publish","type":"post","link":"https:\/\/www.freiburg-schwarzwald.de\/blog\/antisemitismus-islam-und-links\/","title":{"rendered":"Antisemitismus: Islam und links"},"content":{"rendered":"<p><em>&#8222;Die Bilder, die jetzt um die Welt gehen, dokumentieren Deutschlands neue Schande. Angela Merkel darf sich das Verdienst zuschreiben, dass in einem Land, in dem Judenhass, wo er existierte, wenigstens leise bis unh\u00f6rbar blieb, erneut das Gegr\u00f6le von Pogromen zu h\u00f6ren ist.<\/em> <!--more--><em>Sie hat die deutschen Juden verraten und verkauft. Und nicht nur die Juden.<\/em> <em><strong>Sie wird in die Geschichte eingehen als die Kanzlerin, die den offenen Judenhass in Deutschland wieder m\u00f6glich gemacht hat<\/strong><\/em>.&#8220; So (1) <a href=\"https:\/\/www.freiburg-schwarzwald.de\/blog\/global\/oesterreich\/wien-islamisten2-11-2020\/\">Chaim Noll<\/a>, 1954 in der DDR geboren, Jude, ab 1983 in D, seit 1991 in Rom und ab 1994 in Israel lebend, in seinem ergreifenden Beitrag <a href=\"https:\/\/www.freiburg-schwarzwald.de\/blog\/religion\/juden\/judenhass2021\/\">&#8222;Und Angela Merkel: schweigt&#8220;<\/a>, den Sie <a href=\"https:\/\/www.freiburg-schwarzwald.de\/blog\/religion\/juden\/judenhass2021\/\">hier<\/a> lesen k\u00f6nnen.<br \/>\n.<br \/>\n(2) In deutschen Strassen wird <a href=\"https:\/\/www.freiburg-schwarzwald.de\/blog\/israel-die-einsame-demokratie\/\">&#8222;Schei\u00df Juden&#8220;<\/a> gerufen, unter den Augen der Polizei, von jungen Deutschen &#8211; in <a href=\"https:\/\/www.freiburg-schwarzwald.de\/blog\/synagogen-angegriffen-angst\/\">Gelsenkirchen<\/a> fast zwei Stunden lang vor der dortigen Moschee.<br \/>\nWer sind diese jungen M\u00e4nner, die auf Demos und vor Moscheen &#8222;Schei\u00df Juden&#8220; und noch schlimmere <a href=\"https:\/\/www.freiburg-schwarzwald.de\/blog\/religion\/islam\/islam-antisemitismus\/\">antisemitische<\/a> Parolen rufen? Ja, es sind Deutsche, sie haben einen deutschen Pa\u00df, aber auch einen Migrationshintergrund:<br \/>\n<em>&#8222;Auf unseren Stra\u00dfen protestiert die zweite und dritte Generation der Zuwanderer, und zwar ausdr\u00fccklich gegen etwas, das in Sonntagsreden gern als edle deutsche <a href=\"https:\/\/www.freiburg-schwarzwald.de\/blog\/israel-staatsraison-nur-verbal\/\">Staatsraison<\/a> beschworen, jedoch recht selten mit politischer Konsequenz durchgesetzt wird: das Existenzrecht Israels.&#8220;<\/em><br \/>\nMit diesem Statement weist Roger Letsch (siehe sein Beitrag unten) auf das Problem hin: Die <a href=\"https:\/\/www.freiburg-schwarzwald.de\/blog\/global\/integration\/integration-gescheitert\/\">Integration<\/a> vieler muslimischer Migranten ist gescheitert. Ihre Kinder in 2. und 3. Generation gr\u00f6len auf den Strassen antisemitische Parolen. Der Islam-Antisemitismus bedroht die in Deutschland lebenden Juden.<\/p>\n<p>BILD: Die Polizei schaut zu: B\u00f6ser Juden-Hass auf deutschen Stra\u00dfen &#8222;Schei\u00df Juden&#8220;<br \/>\n<a href=\"https:\/\/youtu.be\/i3_r5F6CPxc\">https:\/\/youtu.be\/i3_r5F6CPxc<\/a>, 13.5.2021<br \/>\nAntisemitische Sprechch\u00f6re vor Synagoge in Gelsenkirchen | WDR Aktuelle Stunde<br \/>\n<a href=\"https:\/\/youtu.be\/Fu6qlhEmOwc\">https:\/\/youtu.be\/Fu6qlhEmOwc<\/a>, 13.5.2021<\/p>\n<p>Einige unserer in den USA lebenden Verwandten berichten besorgt \u00fcber Schlagzeilen in den Medien wie &#8222;<em>Antisemitischer Hate Speach: Junge deutsche Neo-Nazis rufen &#8222;Schei\u00df Juden&#8220;&#8220;<\/em>. Ich mu\u00dfte ihnen leider antworten, da\u00df die Headline korrekt ist. Aber auch, da\u00df diese Demonstranten keine autochtonen Deutsche sind, sondern eher die Nachfahren von <a href=\"https:\/\/www.freiburg-schwarzwald.de\/blog\/global\/migration\/migration-maenner\/\">Migranten<\/a> aus islam-gepr\u00e4gten Kulturkreisen.<\/p>\n<p>(3) Imad Karim, deutscher Filmregisseur libanesischer Herkunft, beklagt in seinem Beitrag (siehe unten) die <a href=\"https:\/\/www.freiburg-schwarzwald.de\/blog\/global\/deutschland\/moral2015\/doppelmoral\/\">Doppelmoral<\/a> der deutschen Medien und Politik: Rechter Antisemitismus wird zu Recht bek\u00e4mpft. Linker und islamischer Antisemitismus hingegen erf\u00e4hrt einer weitgehenden Duldung. So kann ein arabischer Migrant der ver\u00e4ngstigten deutschen Polizei \u00fcble antisemitische Parolen ins Gesicht br\u00fcllen, ohne da\u00df diese &#8211; trotz Rechtswidrigkeit und Staatsraison &#8211; irgendwie reagiert. <em>&#8222;Bedauernswertes, armes und instinktloses Land&#8220;<\/em> &#8211; sagt Imad Karim.<br \/>\n.<br \/>\n(4) In <a href=\"https:\/\/www.freiburg-schwarzwald.de\/blog\/global\/schweiz\/basel\/\">Basel<\/a> ereignet sich &#8211; anders als in <a href=\"https:\/\/www.freiburg-schwarzwald.de\/blog\/chemnitz-video-war-faelschung\/\">Chemnitz<\/a> &#8211; eine wahre Hetzjagd: Eine junge Frau, die eine <a href=\"https:\/\/www.freiburg-schwarzwald.de\/blog\/global\/arabien-israel\/\">Israel-Fahne<\/a> hochh\u00e4lt, wird von einer Meute von Judenhassern in er Altstadt verfolgt &#8211; Muslima mit Kopftuch vorneweg. Ein beklemmendes Video.In Berlin w\u00e4re so etwas undenkbar &#8211; da niemand mehr wagt, Israel-Flagge oder auch Kippa \u00f6ffentlich zu zeigen.<\/p>\n<p>(5) Im vorletzten Beitrag ganz unten zeigt Gerd Buurmann, da\u00df die Demo <em>\u201eMuslime gegen Israel\u201c<\/em> offenkundig anziehender ist als eine Demo als <em>\u201eMuslime gegen Terror<\/em>\u201c. Auch die Islamverb\u00e4nde (wie <a href=\"https:\/\/www.freiburg-schwarzwald.de\/blog\/global\/tuerkei\/ditib\/\">Ditib<\/a>) distanzieren sich nur sp\u00e4rlich von der unvorstellbaren Gewalt gegen Juden.<br \/>\n.<br \/>\n(6) <a href=\"https:\/\/www.freiburg-schwarzwald.de\/blog\/global\/deutschland\/berlin\/\">Berlins<\/a> Innensenator Geisel nannte die <a href=\"https:\/\/www.freiburg-schwarzwald.de\/blog\/religion\/islam\/islam-antisemitismus\/\">Islam-Antisemiten<\/a> unter den 3500 Hass-Demonstranten von Neuk\u00f6lln, die 93 Politzisten verletzten, als erlebnisorientierte Jugendliche: <em>\u201e300 bis 400 junge M\u00e4nner, arabischst\u00e4mmig, nicht politisch organisiert, eher erlebnisorientiert.\u201c<\/em> Derartiges Verharmlosungen f\u00fchrt zu noch mehr Gewalt &#8211; bis hin zum <a href=\"https:\/\/www.freiburg-schwarzwald.de\/blog\/global\/deutschland\/buergerkrieg\/\">B\u00fcrgerkrieg<\/a>. Siehe dazu den Beitrag <em>&#8222;Antisemitismus als Erlebnisorientierung&#8220;<\/em> von Vera Lengsfeld ganz unten.<\/p>\n<p>Fazit: Deutsche Beh\u00f6rden m\u00fcssen endlich bereit sind, den Islam-Antisemitismus zu benennen und zu bek\u00e4mpfen. Die vielen <a href=\"https:\/\/www.freiburg-schwarzwald.de\/blog\/religion\/juden\/judenhass2021\/\">Judenhass<\/a>-Demonstrationen von muslimischen Migranten bzw. deren Nachkommen sind eine deutliche Mahnung. Bereits heute regiert in weiten Teilen des <a href=\"https:\/\/www.freiburg-schwarzwald.de\/blog\/kultur\/oeffentlicher-raum\/\">\u00f6ffentlichen Raums<\/a> der antij\u00fcdische Mob, dem die Polizei oft angstvoll gegen\u00fcbersteht. Ohne staatliches Gewaltmonopol\u00a0 f\u00e4llt die freiheitlich-demokratische Grundordnung.<br \/>\n20.5.2021<\/p>\n<p>.<br \/>\n<strong>(2) Zuwanderer der 2. und 3. Generation rufen &#8222;Schei\u00df Juden&#8220;<\/strong><br \/>\nDer Deutschlandfunk und der gute Weg der Hamas<br \/>\nIn einem \u201eStandpunkt\u201c (DLF, \u201eTag f\u00fcr Tag\u201c, 17.5.2021) mit dem Titel \u201eWir wollen keinen Judenhass dulden\u201c nimmt Gerald Beyrodt ziemlich treffend auseinander, welche L\u00fccke die Wirklichkeit in Deutschland in das saubere Gewebe politischer Absichtserkl\u00e4rungen rei\u00dft. Man verpflichtet ein vages \u201ewir\u201c und duldet eben doch, wenn auf deutschen Stra\u00dfen Israelflaggen brennen. Dabei kapriziert er sich eher auf die Flaggen, statt auf die viel bedrohlicheren Sprechch\u00f6re und die Gewalt, die von solchen aufgestachelten Mobs ausgehen. Von den L\u00fcgen ganz zu schweigen. Die Bilder st\u00f6ren, das Milieu, aus dem die T\u00e4ter offensichtlich kommen, st\u00f6rt eher weniger \u2013 sonst w\u00fcrde es vom DLF wohl genauer bezeichnet.<br \/>\nAuch Beyrodt schafft es n\u00e4mlich, mit keinem Wort jene zu benennen, die zur Tat schreiten und ihrem Judenhass freien Lauf lassen. Ja, er bringt es sogar fertig, selbst die antisemitischen Ausschreitungen muslimischer Gruppen \u00fcberall im Land noch den \u201eRechten\u201c ans Zeug zu framen: \u201eManchmal habe ich den Eindruck, dass das Land seit Halle wachsamer gegen Antisemitismus geworden ist\u201c, meint Beyrodt uns mitteilen zu m\u00fcssen. Mal abgesehen davon, dass ich diesen Eindruck keineswegs habe: warum ausgerechnet \u201eseit Halle\u201c? Hat das, was seit einer Woche auf unseren Stra\u00dfen los ist, irgend etwas zu tun mit dem psychopathischen Spinner, der versuchte, in eine Synagoge einzudringen und, nachdem ihm das nicht gelang, wahllos auf Passanten feuerte?<br \/>\nOder vielleicht mit den Schwefelbuben von der AfD, wie Manfred Weber von der CSU es darzustellen versucht?<br \/>\n<a href=\"https:\/\/www.deutschlandfunk.de\/nahostkonflikt-evp-chef-weber-csu-gibt-afd-mitverantwortung.1939.de.html?drn:news_id=1259489\">https:\/\/www.deutschlandfunk.de\/nahostkonflikt-evp-chef-weber-csu-gibt-afd-mitverantwortung.1939.de.html?drn:news_id=1259489<\/a><br \/>\nEs sind eben gerade nicht AfD-Politiker oder deren Anh\u00e4nger, die auf den Stra\u00dfen br\u00fcllen, Kufiya um den Hals und antisemitische Parolen aus dem Hals h\u00e4ngen haben. Es sind viel eher die W\u00e4hler von Erdogan und dessen (Muslim-)Br\u00fcdern im Geiste!<\/p>\n<p>Auch wird dem einen oder anderen Leser aufgefallen sein, dass jene Demonstranten, die keine Scheu hatten, ihre vor Tatsachenverdrehung, Unwissenheit und Hass nur so strotzenden Motive vor Kameras und Mikrofonen darzulegen, sehr gut und akzentfrei Deutsch sprachen. Es handelt sich \u2013 zumindest bei den Wortf\u00fchrern und sicher auch der Mehrheit der Mitl\u00e4ufer \u2013 nicht um jene laut G\u00f6ring-Eckhardt \u201egeschenkten Menschen\u201c, die uns dank der von fast allen Parteien bejubelten Politik der Kanzlerin zugeflogen sind. Die artikulieren sich (noch) nicht in so deutlicher Weise.<br \/>\nDiese Demonstranten, Herr Weber, sind Ihre Sch\u00f6pfung! Nicht Ihre pers\u00f6nlich, aber doch die der Union und der SPD, die dieses Land seit 16 Jahren regieren.<br \/>\n<em><strong>Auf unseren Stra\u00dfen protestiert die zweite und dritte Generation der Zuwanderer, und zwar ausdr\u00fccklich gegen etwas, das in Sonntagsreden gern als edle deutsche Staatsraison beschworen, jedoch recht selten mit politischer Konsequenz durchgesetzt wird: das Existenzrecht Israels.<\/strong><\/em><br \/>\nDas Abstimmungsverhalten Deutschlands in UN-Gremien ist beredtes Beispiel daf\u00fcr.<br \/>\nIn den 16 Jahren von Merkels Kanzlerschaft sind sie geboren worden oder hier aufgewachsen, die jetzt die <a href=\"https:\/\/www.freiburg-schwarzwald.de\/blog\/global\/israel\/90800-2\/\">Hamas<\/a> feiern und Israel aller m\u00f6glichen Verbrechen beschuldigen. Bildungsfern, faktenfrei, indoktriniert und weit weg von den beschworenen Konsequenzen unserer Geschichte und den Schlussfolgerungen daraus.<br \/>\n&#8230;.<br \/>\nAls kleine Auffrischung bez\u00fcglich der Ziele der Hamas empfehle ich nicht nur dem Deutschlandfunk dieses kleine Video eines Interviews, das Ami Horowitz mit einem Hamas-F\u00fchrer machen konnte.<br \/>\n<a href=\"https:\/\/youtu.be\/eBNBsxJ0LUQ\">https:\/\/youtu.be\/eBNBsxJ0LUQ<\/a><br \/>\nEine Antwort auf meine Frage nach den Quellen ihrer butterweich-optimistischen Behauptungen \u00fcber die Hamas habe ich vom DLF bisher noch nicht erhalten. Ich werde diese aber gern nachliefern.<br \/>\n&#8230; Alles vom 19.5.2021 von Holger Letsch bitte lesen auf<br \/>\n<a href=\"https:\/\/unbesorgt.de\/der-deutschlandfunk-und-der-gute-weg-der-hamas\/\">https:\/\/unbesorgt.de\/der-deutschlandfunk-und-der-gute-weg-der-hamas\/<\/a><br \/>\n.<br \/>\n<strong>(3) Araber schreit Polizisten an: \u201eTod Israel\u201c<\/strong><br \/>\nBedauernswertes, armes und instinktloses Land, ich liebe dich, zwar nicht mehr unbegrenzt, aber noch! Noch liebe ich dich! Dieser Araber, der dessen Aussprache nach, nicht lange in Deutschland lebt, schreit die deutschen Polizisten an und ruft ihnen ins Gesicht \u201eTod Israel\u201c.<br \/>\n<a href=\"https:\/\/cdn.lbryplayer.xyz\/api\/v4\/streams\/free\/arab5t\/a6559f50405e1897cf3724dc5116c38964460fc1\/83d55c\">https:\/\/cdn.lbryplayer.xyz\/api\/v4\/streams\/free\/arab5t\/a6559f50405e1897cf3724dc5116c38964460fc1\/83d55c<\/a><\/p>\n<p>Wie viele Menschen hatten diesem Mann am Bahnhof mit \u201eREFUGEES WELCOME\u201c zugejubelt?<br \/>\nWelchen Namen und welches Alter hat dieser Mann bei seiner Einreise angegeben?<br \/>\nHat er einen oder mehrere Asylantr\u00e4ge unter einem einzigen oder verschiedenen Aliasnamen gestellt?<br \/>\nWei\u00df jemand \u00fcberhaupt in Deutschland, wie dieser Mann in Wahrheit hei\u00dft, wie alt er tats\u00e4chlich ist und aus welchem Land er wirklich stammt, oder verlassen sich die Beh\u00f6rden, wie bei allen anderen Neuank\u00f6mmlinge, auf die von ihm beliebig angegebenen Personendaten?<br \/>\nWieviel aus dem hartverdienten Geld der Malochen in diesem Land hat dieser Mann \u00fcber den Jobcenter, das Sozialamt und alle sonstigen staatlichen Stellen, seit seiner Ankunft, vor drei, vier oder sechs Jahren bezogen?<br \/>\nWieviel Geld haben die Krankenkassen aus ihren mit dem hartverdienten Geld der Malochen aufgef\u00fcllten Haushalten f\u00fcr diesen Mann bisher ausgegeben?<br \/>\nWieviel Verwandte hat dieser Mann im Rahmen der Familienzusammenf\u00fchrung (besser als \u201eSippenzusammenf\u00fchrung\u201c zu bezeichnen, nach Deutschland reingeholt oder ist er seiner Sippe in Deutschland nachgekommen?<br \/>\nWas lehrt dieser Mann seine Kinder \u00fcber Deutschland, falls er welche hat oder was ziemlich sicher ist, haben wird? Und welches Verh\u00e4ltnis werden seine Nachkommen zu Deutschland haben?<br \/>\nWer kann seinen Br\u00fcdern \u00fcbelnehmen, dass sie in ihm, so wie er durch die ver\u00e4ngstigten Polizisten, schreiend und provozierend, unbehelligt durchmarschierte, nicht den Helden und das Vorbild zum Nachahmen sehen?<\/p>\n<p>Was ging durch die K\u00f6pfe der jungen Polizisten, die sich noch vor paar Wochen auf \u00e4ltere Mitb\u00fcrger st\u00fcrzten, weil sie keine oder falsch Masken trugen, vor?<br \/>\nIch h\u00e4tte noch viele Fragen, aber mit jeder Frage erh\u00f6ht sich das Risiko, in den Sozialmedien \u201eneutralisiert\u201c zu werden und nicht nur in den Sozialmedien\u2026\u2026..!<br \/>\nWas schrieb ich oben? Bedauernswertes, armes und instinktloses Land, ich liebe dich, zwar nicht mehr unbegrenzt, aber noch! Noch liebe ich dich!<br \/>\n&#8230; Alles vom 20.5.2021 von Imad Karim bitte lesen auf<br \/>\n<a href=\"https:\/\/imad-karim.de\/\">https:\/\/imad-karim.de\/<\/a><br \/>\n<a href=\"https:\/\/cdn.lbryplayer.xyz\/api\/v4\/streams\/free\/arab5t\/a6559f50405e1897cf3724dc5116c38964460fc1\/83d55c\">https:\/\/cdn.lbryplayer.xyz\/api\/v4\/streams\/free\/arab5t\/a6559f50405e1897cf3724dc5116c38964460fc1\/83d55c<\/a><br \/>\n.<\/p>\n<p>.<\/p>\n<p><strong>(4) Basel: Mob jagt junge Frau durch die Stra\u00dfen \u2013 weil sie eine Israelflagge hochhielt<\/strong><br \/>\nEin Amateurvideo aus Basel macht fassungslos: Am Rande einer antiisraelischen Kundgebung, auf der die Flaggen verschiedener arabischer Staaten sowie die die Pal\u00e4stinensische Flagge zu sehen sind, h\u00e4lt eine junge Frau eine Israel-Flagge hoch. Zun\u00e4chst l\u00f6sen sich immer mehr Leute aus der Demonstrantengruppe, darunter mehrere Frauen mit Kopftuch, schlie\u00dflich beginnen die ersten auf die Frau zuzurennen. Die Frau ergreift die Flucht, daraufhin wird sie mindestens bis in die n\u00e4chste Gasse verfolgt, dann bricht das Video ab.<br \/>\nBasel: Wenn man wegen einer Israelflagge gejagt wird.<br \/>\n<a href=\"https:\/\/twitter.com\/i\/status\/1394756305735360512\">https:\/\/twitter.com\/i\/status\/1394756305735360512<\/a><br \/>\nDer radikale Antisemitismus arabisch-st\u00e4mmiger Migranten in Europa wird immer offensichtlicher. Abseits von hohlen Solidarit\u00e4tsbekundungen aus der Politik bleibt das Problem unerkannt, gro\u00dfe Entr\u00fcstungsst\u00fcrme, wie bei derartigen Szenen eigentlich zurecht zu erwarten, bleiben aus. Und so wird der offene Judenhass auf den Stra\u00dfen immer allt\u00e4glicher.<br \/>\n&#8230; Alles vom 19.5.2021 bitte lesen auf<br \/>\n<a href=\"https:\/\/www.tichyseinblick.de\/daili-es-sentials\/basel-mob-jagt\/\">https:\/\/www.tichyseinblick.de\/daili-es-sentials\/basel-mob-jagt\/<\/a><br \/>\n.<br \/>\nEinige Kommentare<br \/>\n<strong>Doppelmoral:<\/strong><br \/>\n\u2026 Und in Chemnitz begann ein \u201ePogrom\u201c und \u201eHetzjagd\u201c-Geschrei, weil ein Mann ganze 9 Schritte auf einen Migrantenmob zulief, der seine Freundin angep\u00f6belt hatte\u2026<br \/>\nVerlogene Doppelmoral verlogener Linker (CDU eingeschlossen)!<br \/>\n20.5.2021, Fdb<\/p>\n<p><strong>Respekt vor dem Mut der jungen Israelin\/J\u00fcdin<\/strong><br \/>\nAuff\u00e4llig, dass bei der Hetzjagd (welche klar zu beobachten ist) ganz vorne Kopftuchm\u00e4dchen die F\u00fchrung \u00fcbernommen haben \u2026 Ja, ganz klar: die Handlanger Erdogans und der Hammas sind nun in ausreichender St\u00e4rke in Mitteleuropa vorgedrungen, um 1. nicht mehr abgeschoben werden zu k\u00f6nnen, 2. sich dauerhaft hier niederzulassen, 3. beginnen die Macht an sich zu ziehen, zT auch mit Gewalt<br \/>\n20.5.2021, Meh<\/p>\n<p><strong>In Berlin w\u00e4re es lebensgef\u00e4hrlich, die Israel-Flagge zu zeigen<\/strong><br \/>\nIn meinem Berliner Kiez, unter einer gr\u00fcnen B\u00fcrgermeisterin, ist unm\u00f6glich eine Israel Flagge zu zeigen, hebr\u00e4isch zu sprechen, Kippa zu tragen oder \u00fcberhaupt nur Israelfreundlich zu sein. Wenn frau alleine ist, ist es lebensgef\u00e4hrlich, denn schnell hat sich ein Rudel Erlebnisorienter versammelt. Da es von Seiten der PLO Clique um Steinmeier\/Chebli\/M\u00fcller keinerlei Konsequenzen f\u00fcr ihren importierten Antisemitismus droht, werden WIR Berlin verlassen!<br \/>\n205.2021, F.U.<\/p>\n<p><strong>Ich frage mich ob es die grenzenlose Naivit\u00e4t<\/strong><br \/>\noder ein menschenverachtendes Kalk\u00fcl der Linken ist, die Todfeinde der Juden nach Europa zu importieren. Das wird meiner Ansicht nach langfristig, wenn man die Sache weiterdenkt und auch das R\u00fcckrat der Politik und Medien in Erw\u00e4gung zieht zu einem zweiten Genocid f\u00fchren.<br \/>\nIsreal und alle Juden sind verloren, wenn Europa so weitermacht. Sieht so die historische Reue aus. Ich bekomme so eine Wut auf die Politik, so eine unendliche Wut. Wie k\u00f6nnt ihr das diesen Menschen antun????<br \/>\n20.5.2021, Eng<\/p>\n<p><strong>Unser Berlin wird in 1 Generation nichts mehr<br \/>\nmit den Menschen gemein haben,<\/strong><br \/>\ndie es 800 Jahre lang aufgebaut haben. 50% der Berliner Grundschulen haben bereits eine migrantische Mehrheit. 50% der Kinder unter 6 haben hier bereits Migrationshintergrund.<br \/>\nUnsere Generationen sind verflucht, w\u00e4hrend dieses singul\u00e4ren Zivilisationsbruchs geboren worden zu sein. 100 Jahre fr\u00fcher-und man h\u00e4tte in der Selbstverst\u00e4ndlichkeit der jahrtausendealten geschichtlichen Kontinuit\u00e4t der deutschen Kultur gelebt; 100 Jahre sp\u00e4ter- und die Deutschen samt ihrer Kultur w\u00e4ren nur noch eine verblassende Erinnerung voller Fremdheit gewesen.<br \/>\nVielleicht sind die gr\u00fcnen Populisten einfach nur der Gnadensto\u00df, um den Todeskampf nicht unn\u00f6tig zu verl\u00e4ngern.<br \/>\n20.5.2021, Ram<\/p>\n<p><strong>Israel-Flagge hat hier nichts mehr zu suchen<\/strong><br \/>\nHier sehr sch\u00f6n anzuschauen, wie Fritz und Heinz sich an der Israel-Flagge zu schaffen machen: Experiment: Was geschieht, wenn man eine Israel-Fahne aufh\u00e4ngt?https:\/\/www.youtube.com\/watch?v=-xT6pxbZ-NA<br \/>\nUnd damit der Kripo in D\u00fcsseldorf nicht die Arbeit ausgeht, hat man vor dem Rathaus die Israel-Fahne gehisst \u2013 die suchen nun Inge und Peter. Brandanschlag auf Israel-Fahne am D\u00fcsseldorfer Rathaus<br \/>\n<iframe loading=\"lazy\" title=\"Brandanschlag auf Israel-Fahne am D\u00fcsseldorfer Rathaus\" width=\"640\" height=\"360\" src=\"https:\/\/www.youtube.com\/embed\/lIuMNKAalsU?feature=oembed\" frameborder=\"0\" allow=\"accelerometer; autoplay; clipboard-write; encrypted-media; gyroscope; picture-in-picture; web-share\" referrerpolicy=\"strict-origin-when-cross-origin\" allowfullscreen><\/iframe><br \/>\nTraurig im Jahre 2021- die politisch Verantwortlichen f\u00fcr den importierten Antisemitismus sind klar benennbar. Das hohle Sonntags-Geschw\u00e4tz von diesen Politikern tue ich mir nicht mehr an.<br \/>\n20.5.2021, E.F.<br \/>\n.<br \/>\n<strong>Die haben denselben Hass auf Deutsche, wie auf Juden.<\/strong><br \/>\nBei T. Kellner ist zu sehen, wie die Demonstranten gegen\u00fcber Polizisten und Journalisten reagieren, da kann einem Angst und Bange werden. Die haben denselben Hass auf Deutsche, wie auf Juden.<br \/>\n20.5.2021, Dag<br \/>\nEinwanderungsgesellschaften sind Konfliktgesellschaften (Paul Collier).<br \/>\nIsrael ist \u00fcbrigens ein Paradebeispiel f\u00fcr Diversit\u00e4t und ethnisch-kulturelle Buntheit auf einem kleinen Territorium und droht bei 20% arabischer Bev\u00f6lkerung im kleinen B\u00fcrgerkrieg zu enden. \u00c4hnlich entwickelt sich die Situation in Frankreich. Warum w\u00fcnscht sich eine einflussreiche rot-gr\u00fcn gestimmte Minderheit solche Zust\u00e4nde auch f\u00fcr Deutschland?<br \/>\n20.5.2021, B.G.<\/p>\n<p><strong>Ich lebe in meinem Berliner Kiez mit vielen Arabern und Muslimen<\/strong><br \/>\num mich rum. W\u00fcrde ich meine Israelfahne jetzt in diesen Minuten von meinem Balkon h\u00e4ngen, w\u00e4re das lebensgef\u00e4hrlich f\u00fcr mich. Mit dem Aufh\u00e4ngen von proisraelischen Plakaten in meinem Kiez k\u00f6nnte ich einen Fl\u00e4chenbrand regelrecht ausl\u00f6sen. Gar nicht auszudenken, ich w\u00fcrde diese proisraelischen Plakate noch auf Hebr\u00e4isch verfassen\u2026<br \/>\nSo ist die Stimmungslage hier, also mehr als angeheizt\u2026<br \/>\nDas ist die ungeschminkte Realit\u00e4t, vor der viele BRD-Politiker viel zu lange die Augen verschlossen haben und es nicht wahrhaben wollten. Der weitere Import von hunderttausenden Antisemiten und die Schaffung von Parallelgesellschaften wird in meinen Augen die BRD in eine ganz gef\u00e4hrliche Schieflage noch bringen.<br \/>\n20.5.2021, Wei<br \/>\nJeder sollte israelische Fahnen aufh\u00e4ngen<br \/>\nGanz ehrlich? Wenn Sie ungef\u00e4hrdet dazu in der Lage sind, diese Plakate heimlich anzubringen, dann sollten Sie das tun. Jeder Mensch, dem an Deutschland etwas liegt, sollte an offiziellen Geb\u00e4uden israelische Fahnen anbringen, dann werden die Migranten Farbe bekennen m\u00fcssen und vielleicht bemerken dann unsere obersten endlich einmal, was sie da eigentlich eingeladen haben. Heute sind es Juden, morgen sind es Christen, danach LGBTQ-Anh\u00e4nger und letztendlich alle anderen. Historisch betrachtet ist der Islam nicht friedlich. Sobald die Ausgangsbeschr\u00e4nkungen es zulassen sich nachts zu bewegen\u2026<br \/>\n20.5.2021, Len<br \/>\n<strong>Es ist kaum noch zu ertragen, was sich diese Demonstranten herausnehmen!<\/strong> Als n\u00e4chstes bekommen wir es dann mit arabisch-muslimischen Richtern zu tun, die nach eigener Rechtssprechung \u00f6ffentlich richten k\u00f6nnen? Wenn Merkel sagt, \u201edas Volk ist jeder der hier lebt\u201c (man k\u00f6nnte es auch auf die Schweiz \u00fcbertragen) und den Migranten die Einb\u00fcrgerung derma\u00dfen leicht gemacht wird, dann muss man sich \u00fcber nichts mehr wundern! P.S: Das sind die Hetzjagden, die Merkel nach eigener Auffassung damals in Chemnitz festgestellt hatte!<br \/>\n&#8230;<br \/>\nEin Sinnbild. Denn wie der Frau mit der Flagge geht es Israel, wenn Iron Dome nicht installiert und die Abwehrf\u00e4higkeit nicht mehr gegeben ist. Tja. Und die Schweizer? Nun ja. Auch sie.<br \/>\n20.5.2021, Gag<\/p>\n<p>An sich ist das kein Antisemitismus, sondern ein HASS auf ALLE, die NICHT Muslime sind\u2026. Glaubt ernsthaft wer, dass \u201enach\u201c den Juden schlu\u00df w\u00e4re bzw das es nur die Juden trifft?\u2026..Zum Christentum konvertierte Muslime massiv verfolgt:<br \/>\n<a href=\"https:\/\/twitter.com\/i\/status\/1394756305735360512\">https:\/\/www.die-tagespost.de\/politik\/aktuell\/frankreich-zum-christentum-konvertierte-muslime-massiv-verfolgt;art315,217111<\/a><br \/>\n2\u00df.5.2021, H.D.<br \/>\nEnde Kommentare<\/p>\n<p>.<\/p>\n<p><strong>(5) \u201eMuslime gegen Israel\u201c zieht mehr als \u201eMuslime gegen Terror\u201c<\/strong><br \/>\nDie Geschichte zweier Demos in K\u00f6ln \u2013 und was der WDR daraus machte<br \/>\nZwei ungleiche Demonstrationen am selben Ort in K\u00f6ln. \u201eMuslime gegen Israel\u201c 20121 zieht offenkundig mehr als \u201eMuslime gegen Terror\u201c 2017. &#8230;.<br \/>\n<a href=\"https:\/\/www.youtube.com\/watch?v=khgG3ObDunE\">https:\/\/www.youtube.com\/watch?v=khgG3ObDunE<\/a><br \/>\n.<br \/>\n\u201eMuslime gegen Israel\u201c zieht offenkundig mehr als \u201eMuslime gegen Terror\u201c.<br \/>\nIn diesem Video sind die Aufnahmen von beiden Demonstrationen. Der Unterschied ist riesig. \u00dcber beide Demonstrationen wurde vom WDR berichtet. \u00dcber die Demonstration im Mai 2021 behauptete der WDR, es seien 800 Menschen anwesend gewesen. \u00dcber die Demonstration im Juni 2017 behauptet der WDR, es seien 3.000 anwesend gewesen.<br \/>\nIch sag es mal ganz neutral: Der WDR hat \u00fcber diese beiden Demonstration nicht unbedingt die ganze Wahrheit verbreitet.<br \/>\nF\u00fcr mich steht daher fest: Ich werde \u00fcber keine Demonstration mehr urteilen, die ich nicht selber besucht habe. Ich werde mir jedenfalls keine Meinungen mehr \u00fcber Demonstrationen bilden, wenn ich dar\u00fcber nur vom \u00f6ffentlich-rechtlichen Fernsehen erfahren habe.<br \/>\n&#8230; &#8230; Alles vom 17.5.2021 von Gerd Buurmann bitte lesen auf<br \/>\n<a href=\"https:\/\/www.tichyseinblick.de\/daili-es-sentials\/die-geschichte-zweier-demos-in-koeln-und-was-der-wdr-daraus-machte\/\">https:\/\/www.tichyseinblick.de\/daili-es-sentials\/die-geschichte-zweier-demos-in-koeln-und-was-der-wdr-daraus-machte\/<\/a><br \/>\n.<\/p>\n<p><strong>(6) Antisemitismus als Erlebnisorientierung!<\/strong><br \/>\nIn den vergangenen Tagen ist es in zahlreichen deutschen St\u00e4dten zu antisemitischen Kundgebungen gekommen, bei denen ein islamistischer antisemitischer Mob die Ausl\u00f6schung Israels forderte, Israelfahnen verbrannte, j\u00fcdische Mitb\u00fcrger angriff und Polizisten, wenn sie denn versuchten einzugreifen, attackierte. Am schlimmsten waren die Ausschreitungen in Berlin. Allein bei dem Einsatz gegen die Hass-Demos auf der Sonnenallee in Neuk\u00f6lln wurden 93 Polizisten verletzt. Der Skandal war so gro\u00df, dass sich das Berliner Abgeordnetenhaus damit besch\u00e4ftigen musste. Innensenator Geisel hatte vor dem Innenausschuss zu erkl\u00e4ren, wer unter den 3500 Hass-Demonstranten f\u00fcr Randale sorgte. Seine Einlassung war schockierend: <em>\u201e300 bis 400 junge M\u00e4nner, arabischst\u00e4mmig, nicht politisch organisiert, eher erlebnisorientiert.\u201c <strong>Das ist ein ebenso kl\u00e4glicher, wie untauglicher Versuch, den muslimischen Antisemitismus zu vertuschen.<\/strong><\/em><br \/>\n..<br \/>\nVon der \u201eganzen H\u00e4rte des Rechtsstaates\u201c ist in der Politik gern die Rede. Diese H\u00e4rte trifft aber lediglich Regierungskritiker und Menschen, die Fragen nach der Verh\u00e4ltnism\u00e4\u00dfigkeit der Corona-Ma\u00dfnahmen stellen. Die Islamisten dagegen wissen, dass sie vom Rechtsstaat wenig zu bef\u00fcrchten haben. Wetten, dass die 65 am Rande der Sonnenallee-Krawalle festgenommenen Straft\u00e4ter schon wieder auf freiem Fu\u00df sind, weiter alimentiert werden und vor Abschiebung sicher sind, selbst wenn ihr Asylantrag abgelehnt sein sollte?<br \/>\nIn der Statistik ist die Welt noch heil, denn islamistische antisemitische Attacken werden als rechtsextremistisch ausgewiesen und als Legitimation f\u00fcr den eintr\u00e4glichen \u201eKampf gegen Rechts\u201c genutzt, der sich in Wahrheit gegen die b\u00fcrgerliche Mitte unserer Gesellschaft richtet, die noch zu widersprechen wagt. Leider haben wir keine mutigen Gener\u00e4le und Soldaten, die den Politikern den Spiegel vors Gesicht halten und sie auf die fatalen Folgen ihrer Entscheidungen aufmerksam machen.<br \/>\n&#8230; Alles vom 19.5.2021 bitte lesen auf<br \/>\n<a href=\"https:\/\/vera-lengsfeld.de\/2021\/05\/19\/antisemitismus-als-erlebnisorientierung\/#more-5989\">https:\/\/vera-lengsfeld.de\/2021\/05\/19\/antisemitismus-als-erlebnisorientierung\/#more-5989<\/a><\/p>\n","protected":false},"excerpt":{"rendered":"<p>&#8222;Die Bilder, die jetzt um die Welt gehen, dokumentieren Deutschlands neue Schande. Angela Merkel darf sich das Verdienst zuschreiben, dass in einem Land, in dem Judenhass, wo er existierte, wenigstens leise bis unh\u00f6rbar blieb, erneut das Gegr\u00f6le von Pogromen zu &hellip; <a href=\"https:\/\/www.freiburg-schwarzwald.de\/blog\/antisemitismus-islam-und-links\/\">Weiterlesen <span class=\"meta-nav\">&rarr;<\/span><\/a><\/p>\n","protected":false},"author":2,"featured_media":0,"comment_status":"open","ping_status":"closed","sticky":false,"template":"","format":"standard","meta":{"footnotes":""},"categories":[36,210,155,157,19,172],"tags":[325,421,84,420,405],"class_list":["post-90881","post","type-post","status-publish","format-standard","hentry","category-engagement","category-gewalt","category-integration","category-oeffentlicher-raum","category-religion","category-zukunft","tag-demo","tag-islam","tag-israel","tag-juden","tag-polizei"],"_links":{"self":[{"href":"https:\/\/www.freiburg-schwarzwald.de\/blog\/wp-json\/wp\/v2\/posts\/90881","targetHints":{"allow":["GET"]}}],"collection":[{"href":"https:\/\/www.freiburg-schwarzwald.de\/blog\/wp-json\/wp\/v2\/posts"}],"about":[{"href":"https:\/\/www.freiburg-schwarzwald.de\/blog\/wp-json\/wp\/v2\/types\/post"}],"author":[{"embeddable":true,"href":"https:\/\/www.freiburg-schwarzwald.de\/blog\/wp-json\/wp\/v2\/users\/2"}],"replies":[{"embeddable":true,"href":"https:\/\/www.freiburg-schwarzwald.de\/blog\/wp-json\/wp\/v2\/comments?post=90881"}],"version-history":[{"count":5,"href":"https:\/\/www.freiburg-schwarzwald.de\/blog\/wp-json\/wp\/v2\/posts\/90881\/revisions"}],"predecessor-version":[{"id":91086,"href":"https:\/\/www.freiburg-schwarzwald.de\/blog\/wp-json\/wp\/v2\/posts\/90881\/revisions\/91086"}],"wp:attachment":[{"href":"https:\/\/www.freiburg-schwarzwald.de\/blog\/wp-json\/wp\/v2\/media?parent=90881"}],"wp:term":[{"taxonomy":"category","embeddable":true,"href":"https:\/\/www.freiburg-schwarzwald.de\/blog\/wp-json\/wp\/v2\/categories?post=90881"},{"taxonomy":"post_tag","embeddable":true,"href":"https:\/\/www.freiburg-schwarzwald.de\/blog\/wp-json\/wp\/v2\/tags?post=90881"}],"curies":[{"name":"wp","href":"https:\/\/api.w.org\/{rel}","templated":true}]}}