{"id":90732,"date":"2021-05-16T14:33:12","date_gmt":"2021-05-16T12:33:12","guid":{"rendered":"https:\/\/www.freiburg-schwarzwald.de\/blog\/?p=90732"},"modified":"2024-02-22T17:52:24","modified_gmt":"2024-02-22T16:52:24","slug":"missbrauch-der-wissenschaft","status":"publish","type":"post","link":"https:\/\/www.freiburg-schwarzwald.de\/blog\/missbrauch-der-wissenschaft\/","title":{"rendered":"Missbrauch der Wissenschaft"},"content":{"rendered":"<p>Die Leopoldina in M\u00fcnchen, die man als die &#8218;Akademie der Wissenschaften Deutschlands&#8216; bezeichnen kann &#8211; hat Anfang Dezember 2020 eine <a href=\"https:\/\/www.freiburg-schwarzwald.de\/blog\/wissenschaft-und-politik\/\">offizielle Stellungnahm<\/a><a href=\"https:\/\/www.freiburg-schwarzwald.de\/blog\/bildung\/wissenschaft\/wissenschaft-politik\/\">e<\/a> ver\u00f6ffentlicht, da\u00df es &#8222;aus wissenschaftlicher Sicht unbedingt notwendig&#8220; ist, in &#8222;einen harten Lockdown&#8220; zu gehen.<!--more--><br \/>\nDie <a href=\"https:\/\/www.freiburg-schwarzwald.de\/blog\/kultur\/medien\/mainstream\/\">Medien<\/a> verbreiteten die Stellungnahme als <a href=\"https:\/\/www.freiburg-schwarzwald.de\/blog\/kultur\/medien\/gesinnungsdiktatur\/\">die<\/a> L\u00f6sung, der Gro\u00dfen Koalition diente sie als Begr\u00fcndung zur Anordnung eines erneuten <a href=\"https:\/\/www.freiburg-schwarzwald.de\/blog\/business\/gesund\/corona-virus\/lockdown-endlos\/\">Lockdowns<\/a>.<br \/>\n&#8222;Mit dieser Stellungnahme in ihrer Hand konnte die <a href=\"https:\/\/www.freiburg-schwarzwald.de\/blog\/global\/deutschland\/merkel-deutschland\/\">Bundeskanzlerin<\/a> einen Tag sp\u00e4ter, am 9. Dezember, unter Berufung auf die Wissenschaft, Naturgesetze wie die Schwerkraft und die Kr\u00e4fte der Aufkl\u00e4rung den Widerstand gegen einen erneuten harten Lockdown im Bundestag brechen&#8220; (S. 55) &#8211; so <a href=\"https:\/\/www.freiburg-schwarzwald.de\/blog\/kultur\/dichter\/literatur\/sachbuch\/esfeld\/\">Prof Michael Esfeld<\/a>, selbst Leopoldina-Mitglied, der sich in einem Offenen Brief gegen die Stellungnahme ausgesprochen hatte. Und zwar sowohl aus rein sachlicher Hinsicht (Lockdown als unwirksam erwiesen) als auch aus wissenschaftstheoretischer Hinsicht: &#8222;Kurzum, es handelt sich hier um Verdunklung statt Aufkl\u00e4rung, finsterstes Mittelalter, in dem Wissenschaft die Stelle einer Staatsreligion einnimmt und sich f\u00fcr politische Propaganda hergibt&#8220; (S. 55)<br \/>\n.<br \/>\nDie Zitate sind entnommen aus dem Buch &#8222;Und die Freiheit?&#8220; (siehe unten), in dem Michael Esfeld der Politik den Mi\u00dfbrauch der Wissenschaft vorwirft. Es ist grunds\u00e4tzlich falsch, was da passiert, weil der Unterschied zwischen (1) Fakten und (2) <a href=\"https:\/\/www.freiburg-schwarzwald.de\/blog\/bildung\/wissenschaft\/wissenschaft-politik\/\">Normen<\/a> nicht respektiert wird, und es ist (3) sachlich falsch, weil es der Faktenlage nicht gerecht wird. Das hat mit Wissenschaft nichts zu tun&#8220; \u2013 das sagt Prof. Dr. Michael Esfeld zur Coronapolitik.05.05.2021<\/p>\n<p>(1) Fakten: <a href=\"https:\/\/www.freiburg-schwarzwald.de\/blog\/bildung\/hochschulen\/wissenschaftsfreiheit\/\">Wissenschaftler<\/a> sammeln Daten, anhand derer sie Hypothesen entwickeln, die solange gelten, bis sie falsifiziert bzw. widerlegt sind. Danach m\u00fcssen sie entweder zur\u00fcckgenommen oder abge\u00e4ndert werden.<br \/>\nEin Wissenschaftler kann die oder die Meinung vertreten, die Wissenschaftler (also alle zusammen) haben nie ein und dieselbe Meinung. Deshalb ist auch der Begriff der Wissenschaftdiktatur Unsinn.<br \/>\n(2) Normen: Werte, die auf ein Ziel gerichtet sind, gelten als Normen. Aus Fakten lassen genauso wenig Normen ableiten wie Wissenschaftler selbst Normen formulieren k\u00f6nnen (bzw. d\u00fcrfen). Wissenschaft ist stets wertfrei.<br \/>\n(3) Sachlich: Seit sp\u00e4testens Dezember 2020 ist wissenschaftlich gesichert, da\u00df die Lockdown-Strategie gescheitert ist (<a href=\"https:\/\/www.freiburg-schwarzwald.de\/blog\/who-ioannidis-no-lockdown\/\">Prof Ioannidis<\/a> et al). Die Kollateralsch\u00e4den des Lockdowns \u00fcbersteigen seinen Nutzen um ein Vielfaches.<\/p>\n<p>Die Aufgabe der <a href=\"https:\/\/www.freiburg-schwarzwald.de\/blog\/engagement\/zukunft\/demokratie\/politik\/\">Politik<\/a> ist nun, anhand (1) der Fakten (etwas, das der Fall ist) und (2) der <a href=\"https:\/\/www.freiburg-schwarzwald.de\/blog\/global\/integration\/werte\/\">Normen<\/a> (etwas, was der Fall sein soll) Handlungsanweisungen zu formulieren, die mehrheitsf\u00e4hig sind, um sie dann in Form von Gesetzen (durch Parlament) oder Verordnungen (durch Regierung bzw. Kabinett) in Kraft zu setzen.<br \/>\nDie Wissenschaft selbst legitimiert niemals Handlungsanweisungen, dies ist allein Aufgabe von Regierung und Parlament. Denn: In der Politik entscheiden Mehrheiten, in der Wissenschaft entscheiden Fakten.<\/p>\n<p>Mit ihrer o.a. Stellungnahme, die einen umgehenden Lockdown empfiehlt, hat die Leopoldina als Wissenschaft ihre Verpflichtung zur Sachkunde, Objektivit\u00e4t und Neutralit\u00e4t vernachl\u00e4ssigt. Dazu nochmals Prof Esfeld (S. 54): &#8222;Wissenschaft ist der Objektivit\u00e4t verpflichtet. Sie deckt Tatsachen auf. Sie kann aber nicht dar\u00fcber entscheiden, welche Normen wir akzeptieren sollen &#8211; und insbesondere nicht eine Norm absolut setzen, wie hier den Gesundheitsschutz verstanden als Verhindern von Ansteckungen mit dem Coronavirus, und alle anderen Normen ignorieren. wie Grundrechte, Menschenrechte, soziale Gerechtigkeit, Bek\u00e4mpfung von Armut in den sich entwickelnden L\u00e4ndern und so weiter.&#8220;<br \/>\n.<br \/>\nMit ihrer Stellungnahme vom 8.12.2021 &#8222;Lockdown aus wissenschaftlicher Sicht notwendig&#8220; hat die Leopoldina dem Ansehen der deutschen Wissenschaften geschadet. Die Wissenschaften d\u00fcrfen sich nicht durch Vorgaben von Handlungsanweisungen an die Regierung ihrer Unabh\u00e4ngigkeit entledigen. Umgekehrt darf die Exekutive sich nicht politischer Wissenschaften bedienen bzw. diese formen. Tut sie dies, dann w\u00e4re aus dem demokratischen ein totalit\u00e4res System geworden.<br \/>\n16.5.2021<br \/>\n.<br \/>\n<strong>Buch: Und die Freiheit?<\/strong><br \/>\nWie die Corona-Politik und der Missbrauch der Wissenschaft unsere offene Gesllschaft bedrohen<br \/>\nvon Christoph L\u00fcdge und Michael Esfeld<br \/>\nriva Verlag, Mai 2021, 125 Seiten, 10 Euro<br \/>\nISBN 978-3-7423-1909-8<br \/>\n.<br \/>\nEsfeld ist Professor f\u00fcr Wissenschaftsphilosophie an der Universit\u00e4t Lausanne und Mitglied der nationalen Akademie f\u00fcr Wissenschaften Leopoldina, an die er im Dezember 2020 einen offenen Brief wegen ihrer zweifelhaften Rolle bei der Rechtfertigung des Lockdowns geschrieben hat.<br \/>\n<a href=\"http:\/\/www.michaelesfeld.com\">http:\/\/www.michaelesfeld.com<\/a>\/<\/p>\n<p>.<br \/>\n<strong>Zu Fakten mu\u00df man Bezugsgr\u00f6\u00dfen bzw. relative Zahlen nennen (eingef\u00fcgt)<\/strong><br \/>\nAm 5. M\u00e4rz 2021 war der ehemals der Leopoldina angeh\u00f6rende Wissenschaftsphilosoph Prof. Dr. Michael Esfeld zu Gast in der 42. Sitzung des Corona-Ausschusses. Erg\u00e4nzend zur Vorabver\u00f6ffentlichung einer Passage zum \u201eWissenschafts\u201c-Terror folgt nun die vollst\u00e4ndige Transkription dieses Abschnitts.<br \/>\n&#8230;.<br \/>\nIn den letzten sieben Tagen starben mehr Menschen mit dem Coronavirus als 2019 im Stra\u00dfenverkehr.<br \/>\nWas f\u00fcr ein dummes Zeug, hab ich da nur gedacht, als ich das gesehen habe.<br \/>\nJa, das ist ein wunderbares Beispiel! Wenn ich richtig informiert bin, in Deutschland sterben im Stra\u00dfenverkehr 3.000 Personen, rund, pro Jahr. So, jetzt nehmen wir an, die Leute, die Verkehrstoten sind durchschnittlich alt. (\u2026) Also es sind wahrscheinlich eher (\u2026) Junge, vielleicht ein paar Alte. Sagen wir, sie sind durchschnittlich alt. Das hei\u00dft, pro Verkehrstoten gehen ungef\u00e4hr 40 Lebensjahre verloren. (\u2026) Einfach ganz grob gesch\u00e4tzt, mal. Die Corona-Toten sind ungef\u00e4hr 30.000 im Jahr. Also das 10-fache. Aber sie sind Mitte 80 im Schnitt, mit Vorerkrankungen. Sagen wir, die haben (\u2026) pro Person vielleicht eine Lebenserwartung von 2, 3 Jahren. Jetzt k\u00f6nnen sie ausrechnen: Ja, wie viel Lebensjahre sind verloren gegangen durch die Corona-Pandemie? Weniger als durch Verkehrstote!<br \/>\nReiner F\u00fcllmich: Wenn man es sorum sieht, genau.<br \/>\nWenn das der Handlungsma\u00dfstab ist, m\u00fcssen sie sofort allen Individualverkehr verbieten! Sofort, nach der gleichen Logik.<br \/>\n&#8230;<br \/>\nNur, um eine Idee der Gr\u00f6\u00dfenordnung zu bekommen, k\u00f6nnte man \u2013 und das ist das Schlimme daran \u2013 man kann das als Vorwand nutzen, um \u2013 alles M\u00f6gliche. Wenn (\u2026) dieser Virusausbruch eine Grundlage ist, (\u2026) eine epidemische Notlage auszurufen, Grundrechte einzuschr\u00e4nken, leben wir nicht mehr in einem Rechtsstaat, sondern in einem Willk\u00fcrstaat. Weil sie genau das gleiche mit Allem machen k\u00f6nnen. Was sie brauchen, ist irgendeine Story und ein paar Bilder, die Furcht einfl\u00f6\u00dfen. Was sie brauchen, sind Politiker, die das nutzen, um ihre Macht zu vergr\u00f6\u00dfern. Also, das fehlende Bewusstsein f\u00fcr Rechtsstaat. Und, was sie brauchen, ist ein paar Wissenschaftler, die bereit sind, das zu legitimieren. (\u2026) Wie hei\u00dft das hier? (\u2026) Also, das formulieren wir einfach ein bisschen um:<br \/>\n&#8222;Trotz Aussicht, dass bald selbstfahrende Autos zur Verf\u00fcgung stehen werden, ist es aus wissenschaftlicher Sicht unbedingt notwendig, die weiterhin deutlich zu hohe Anzahl von Verkehrstoten durch ein hartes Verbot des Individualverkehrs schnell und drastisch zu verringern.&#8220;<br \/>\n&#8230;. Alles vom 5.3.2021 (incl Transkript) bitte lesen auf<br \/>\n<a href=\"http:\/\/dschneble.tssd.de\/blog\/?p=9711\">http:\/\/dschneble.tssd.de\/blog\/?p=9711<\/a><br \/>\n.<\/p>\n<p><strong>Esfeld: Verrat an der Wissenschaft<\/strong><br \/>\nLeopoldina-Mitglied Michael Esfeld: &#8222;Verrat an der Wissenschaft&#8220; durch Corona-Politik<br \/>\nInterview mit &#8222;Stiftung Corona Ausschuss&#8220; vom 18.3.2021<br \/>\n<a href=\"https:\/\/youtu.be\/zX0vUdt-10o\">https:\/\/youtu.be\/zX0vUdt-10o<\/a><\/p>\n","protected":false},"excerpt":{"rendered":"<p>Die Leopoldina in M\u00fcnchen, die man als die &#8218;Akademie der Wissenschaften Deutschlands&#8216; bezeichnen kann &#8211; hat Anfang Dezember 2020 eine offizielle Stellungnahme ver\u00f6ffentlicht, da\u00df es &#8222;aus wissenschaftlicher Sicht unbedingt notwendig&#8220; ist, in &#8222;einen harten Lockdown&#8220; zu gehen.<\/p>\n","protected":false},"author":2,"featured_media":0,"comment_status":"open","ping_status":"closed","sticky":false,"template":"","format":"standard","meta":{"footnotes":""},"categories":[433,18,158],"tags":[740,700,644,702,525,338,745,762],"class_list":["post-90732","post","type-post","status-publish","format-standard","hentry","category-arzt","category-bildung","category-gesund","tag-arzt","tag-corona","tag-krankheit","tag-lockdown","tag-politik","tag-uni","tag-wirtschaft","tag-wissen"],"_links":{"self":[{"href":"https:\/\/www.freiburg-schwarzwald.de\/blog\/wp-json\/wp\/v2\/posts\/90732","targetHints":{"allow":["GET"]}}],"collection":[{"href":"https:\/\/www.freiburg-schwarzwald.de\/blog\/wp-json\/wp\/v2\/posts"}],"about":[{"href":"https:\/\/www.freiburg-schwarzwald.de\/blog\/wp-json\/wp\/v2\/types\/post"}],"author":[{"embeddable":true,"href":"https:\/\/www.freiburg-schwarzwald.de\/blog\/wp-json\/wp\/v2\/users\/2"}],"replies":[{"embeddable":true,"href":"https:\/\/www.freiburg-schwarzwald.de\/blog\/wp-json\/wp\/v2\/comments?post=90732"}],"version-history":[{"count":5,"href":"https:\/\/www.freiburg-schwarzwald.de\/blog\/wp-json\/wp\/v2\/posts\/90732\/revisions"}],"predecessor-version":[{"id":121026,"href":"https:\/\/www.freiburg-schwarzwald.de\/blog\/wp-json\/wp\/v2\/posts\/90732\/revisions\/121026"}],"wp:attachment":[{"href":"https:\/\/www.freiburg-schwarzwald.de\/blog\/wp-json\/wp\/v2\/media?parent=90732"}],"wp:term":[{"taxonomy":"category","embeddable":true,"href":"https:\/\/www.freiburg-schwarzwald.de\/blog\/wp-json\/wp\/v2\/categories?post=90732"},{"taxonomy":"post_tag","embeddable":true,"href":"https:\/\/www.freiburg-schwarzwald.de\/blog\/wp-json\/wp\/v2\/tags?post=90732"}],"curies":[{"name":"wp","href":"https:\/\/api.w.org\/{rel}","templated":true}]}}