{"id":90689,"date":"2021-05-13T13:15:48","date_gmt":"2021-05-13T11:15:48","guid":{"rendered":"https:\/\/www.freiburg-schwarzwald.de\/blog\/?p=90689"},"modified":"2021-05-15T21:34:12","modified_gmt":"2021-05-15T19:34:12","slug":"synagogen-angegriffen-angst","status":"publish","type":"post","link":"https:\/\/www.freiburg-schwarzwald.de\/blog\/synagogen-angegriffen-angst\/","title":{"rendered":"Synagogen angegriffen &#8211; Angst"},"content":{"rendered":"<p>&#8222;Wir sind entr\u00fcstet und emp\u00f6rt, dass so etwas in Deutschland passieren kann. Die Vorf\u00e4lle in <a href=\"https:\/\/www.freiburg-schwarzwald.de\/blog\/global\/israel\/israel2020\/\">Israel<\/a> haben \u00fcberhaupt nichts mit der <a href=\"https:\/\/www.freiburg-schwarzwald.de\/blog\/religion\/juden\/\">j\u00fcdischen Bev\u00f6lkerung<\/a> zu tun, die in Deutschland lebt. Wer es durcheinanderbringt und das, was derzeit in Israel leider passiert, auf Deutschland \u00fcbertr\u00e4gt, handelt aus unserer Sicht <a href=\"https:\/\/www.freiburg-schwarzwald.de\/blog\/religion\/juden\/antisemitismus\/\">antisemitisch<\/a>&#8222;<!--more--> &#8211; so die Vorsitzende der j\u00fcdischen Gemeinde Bonn, Ricky Kaminski (siehe unten).<br \/>\n.<br \/>\nDie Juden in Deutschland haben Angst vor dem <a href=\"https:\/\/www.freiburg-schwarzwald.de\/blog\/religion\/islam\/islam-antisemitismus\/\">muslimischen Antisemitismus<\/a>, der sich breit macht. Zu Recht. Am 12.5.2021 in Gelsenkirchen: &#8222;Schei\u00df Jude&#8220; vor der Synagoge, die besch\u00e4digt wird &#8211; und die Polizei schaut unt\u00e4tig zu (das Video stammt von der j\u00fcdischen Gemeinde):<br \/>\n<a href=\"https:\/\/youtu.be\/Mlx56UwFQMY\">https:\/\/youtu.be\/Mlx56UwFQMY<\/a><br \/>\nSolche Bilder deuten auf einen Paradigmenwechsel hin, n\u00e4mlich die allm\u00e4hliche Abkehr von der einstigen <a href=\"https:\/\/www.freiburg-schwarzwald.de\/blog\/israel-staatsraison-deutschland\/\">deutschen Staatsr\u00e4son<\/a>, der bedingungslosen Solidarit\u00e4t mit <a href=\"https:\/\/www.freiburg-schwarzwald.de\/blog\/global\/israel\/israel2019\/\">Israel<\/a> als der einzigen Demokratie im gesamtem <a href=\"https:\/\/www.freiburg-schwarzwald.de\/blog\/global\/arabien-israel\/\">Orient<\/a>.<br \/>\n.<br \/>\nWarum sonst duldet die zahlreich vertretene Polizei lang anhaltendes Br\u00fcllen von &#8222;Schei\u00df Jude&#8220; und noch schlimmeren Parolen, die man hier gar nicht dokumentieren darf? Warum werden Videos wie dieses <a href=\"https:\/\/youtu.be\/Mlx56UwFQMY\">https:\/\/youtu.be\/Mlx56UwFQMY<\/a> nicht an Schulen und Universit\u00e4ten gezeigt, um zu warnen? Warum dieses Verschweigen von Judenhass? Weil hier der Antisemitismus von der falschen Seite kommt? Dabei ist jede Form von Antisemitismus &#8211; von rechts, von links, vom Islam &#8211; gleicherma\u00dfen zu verurteilen.<br \/>\n.<br \/>\nAuch das folgende vom ZdJ getwitterte Video dokumentiert die &#8222;Schei\u00df Jude&#8220;-Rufe, w\u00e4hrend die &#8222;Allahu Akbar&#8220;-Rufe entfernt wurden: <a href=\"https:\/\/twitter.com\/i\/status\/1392622411774840832\">https:\/\/twitter.com\/i\/status\/1392622411774840832<\/a><br \/>\n<em>Zentralrat der Juden in Deutschland<\/em><br \/>\n<em>@ZentralratJuden<\/em><br \/>\n<em>Judenhass mitten in #Gelsenkirchen vor der #Synagoge. Zeiten, in denen Juden auf offener Stra\u00dfe beschimpft werden, sollten l\u00e4ngst \u00fcberwunden sein. Das ist purer #Antisemitismus, sonst nichts!<br \/>\n13.5.2021 &#8211; Twitter<\/em><\/p>\n<p><a href=\"https:\/\/twitter.com\/ZentralratJuden?ref_src=twsrc%5Etfw%7Ctwcamp%5Etweetembed%7Ctwterm%5E1392622411774840832%7Ctwgr%5E%7Ctwcon%5Es1_&amp;ref_url=https%3A%2F%2Fwww.welt.de%2Fpolitik%2Fdeutschland%2Farticle231108267%2FGelsenkirchen-Polizei-stoppt-antisemitische-Demonstration-vor-Synagoge.html\">https:\/\/twitter.com\/ZentralratJuden?ref_src=twsrc%5Etfw%7Ctwcamp%5Etweetembed%7Ctwterm%5E1392622411774840832%7Ctwgr%5E%7Ctwcon%5Es1_&amp;ref_url=https%3A%2F%2Fwww.welt.de%2Fpolitik%2Fdeutschland%2Farticle231108267%2FGelsenkirchen-Polizei-stoppt-antisemitische-Demonstration-vor-Synagoge.html<\/a><br \/>\n13.5.2021<\/p>\n<ul>\n<li><a href=\"https:\/\/www.freiburg-schwarzwald.de\/blog\/israel-staatsraison-nur-verbal\/\">Israel Staatsraison \u2013 nur verbal<\/a>\u00a0(15.5.2021)<\/li>\n<\/ul>\n<p>.<br \/>\n<strong>Bonner Synagoge angegriffen &#8211; syrische T\u00e4ter<\/strong><br \/>\n<em>Ricky Kaminski, Co-Vorsitzende der Bonner Gemeinde, spricht \u00fcber den Angriff auf die Synagoge<br \/>\n<\/em>&#8230;<br \/>\nAnwohner hatten die Polizei dar\u00fcber verst\u00e4ndigt, dass junge Leute vor der Synagoge hantiert und Steine auf das Fensterglas geworfen haben. Sie haben vor der Synagoge Feuer gemacht und eine israelische Fahne verbrannt. Es wurden in arabischer Sprache beschriftete Zettel gefunden. &#8230; Ein Fensterglas ist durch Steinwurf zerbrochen. Es wurde auf der Stra\u00dfe vor der Synagoge Feuer gelegt. &#8230;<br \/>\nWas wei\u00df man \u00fcber die T\u00e4ter?<br \/>\nLaut Polizei waren es drei Syrer, die schon seit l\u00e4ngerem in Deutschland leben. Sie wurden inzwischen wieder freigelassen. &#8230;<br \/>\nWie blicken Sie auf die gestrige Attacke?<br \/>\nWir sind entr\u00fcstet und emp\u00f6rt, dass so etwas in Deutschland passieren kann. Die Vorf\u00e4lle in Israel haben \u00fcberhaupt nichts mit der j\u00fcdischen Bev\u00f6lkerung zu tun, die in Deutschland lebt. Wer es durcheinanderbringt und das, was derzeit in Israel leider passiert, auf Deutschland \u00fcbertr\u00e4gt, handelt aus unserer Sicht antisemitisch. &#8230;<br \/>\nWie antisemitisch ist der Alltag in Bonn?<br \/>\nUnsere Mitglieder trauen sich seit Monaten nicht mehr, mit einer Kippa oder sichtbaren j\u00fcdischen Symbolen auf die Stra\u00dfe zu gehen. Viele verstecken es aus Angst vor Angriffen.<br \/>\n&#8230; Alles vom 12.5.2021 bitte lesen auf<br \/>\n<a href=\"https:\/\/www.juedische-allgemeine.de\/unsere-woche\/wir-sind-entruestet-und-empoert\/\">https:\/\/www.juedische-allgemeine.de\/unsere-woche\/wir-sind-entruestet-und-empoert\/<\/a><br \/>\n.<\/p>\n<p><strong>Israel-Flaggen vor Synagogen in Bonn und M\u00fcnster angez\u00fcndet<\/strong><br \/>\n&#8230; Aus M\u00fcnster hie\u00df es, mehrere Zeugen h\u00e4tten der Polizei am Abend per Notruf mitgeteilt, dass sich \u201eeine etwa 15-k\u00f6pfige Gruppe mit arabischem Aussehen\u201c vor der Synagoge aufhalte, laut rufe und eine israelische Fahne verbrenne. Die Synagoge selbst wurde nicht besch\u00e4digt. Den Tatverd\u00e4chtigen drohen Strafanzeigen wegen Versto\u00dfes gegen das Versammlungsgesetz.<br \/>\nVor der Synagoge in der Tempelstra\u00dfe in Bonn wurden laut Polizei mehrere Menschen dabei beobachtet, wie sie den Eingang mit Steinen besch\u00e4digten und mit Feuer hantierten. Dort fanden die Einsatzkr\u00e4fte eine wei\u00df-blaue angez\u00fcndete Flagge. Ein Glasteil der Eingangst\u00fcr der Synagoge wurde mit Steinen besch\u00e4digt. Auch drei Zettel mit m\u00f6glicherweise arabischen Schriftzeichen wurden gefunden, wie es hie\u00df.<br \/>\nIn Israel hatte sich der Konflikt zwischen Israelis und <a href=\"https:\/\/www.freiburg-schwarzwald.de\/blog\/global\/israel\/palaestina\/\">Pal\u00e4stinenser<\/a>n seit Beginn des muslimischen Fastenmonats Ramadan Mitte April zugespitzt. Inzwischen sind es die heftigsten Auseinandersetzungen seit mehreren Jahren. Der Ramadan geht diese Woche zu Ende.<br \/>\n&#8230; Alles vom 12.5.2021 bitte lesen auf<br \/>\n<a href=\"https:\/\/www.faz.net\/aktuell\/politik\/inland\/israel-flaggen-vor-synagogen-in-bonn-und-muenster-angezuendet-17337897.html\">https:\/\/www.faz.net\/aktuell\/politik\/inland\/israel-flaggen-vor-synagogen-in-bonn-und-muenster-angezuendet-17337897.html<\/a><\/p>\n<p>.<\/p>\n<p><strong>Gelsenkirchen: Antisemitische Sprechch\u00f6re vor einer Synagoge<br \/>\n\u2013 Polizei bleibt unt\u00e4tig<\/strong><br \/>\nViele Medien spielen mit, wenn wie jetzt nach dem Aufmarsch gegen eine Synagoge in Gelsenkirchen unzweifelhafter offener Antisemitismus als ein &#8222;antiisraelischer Demonstrationszug&#8220; umgedeutet und wegformuliert wird. &#8230;<br \/>\n<em><strong>Der Spiegel, FAZ und andere Medien nennen dies einen \u201eantiisraelischen Demonstrationszug\u201c und \u00fcbernehmen das semantisierte Wording der dpa als Meldung.<\/strong><\/em> Die Rufe der Menge, die t\u00fcrkische, algerische, Tunesische und pal\u00e4stinensische Flaggen mit sich f\u00fchrten, lassen aber keinerlei Interpretationsspielraum mehr, dass es um Antisemitismus ging. Hasserf\u00fcllte Demonstranten schrieen unmissverst\u00e4ndlich: \u201eSchei\u00df Juden! Schei\u00df Juden! Schei\u00df Juden!\u201c Wohlgemerkt: Sie demonstrierten nicht vor einer diplomatischen Vertretung des Staates Israel, sondern gr\u00f6lten ihren Hass auf Juden vor einem Gebetshaus heraus.<br \/>\n&#8230; Alles vom 13.5.2021 bitte lesen auf<br \/>\n<a href=\"https:\/\/www.tichyseinblick.de\/daili-es-sentials\/gelsenkirchen-antisemitismus-synagoge\/\">https:\/\/www.tichyseinblick.de\/daili-es-sentials\/gelsenkirchen-antisemitismus-synagoge\/<\/a><br \/>\n<a href=\"https:\/\/twitter.com\/i\/status\/1392601895227777024\">https:\/\/twitter.com\/i\/status\/1392601895227777024<\/a><br \/>\nClaus Strunz auf Twitter:<br \/>\n.<br \/>\n@ClausStrunz<br \/>\nStellen wir uns vor, dass in Gelsenkirchen nicht \u201eSchei\u00df Jude\u201c gerufen worden w\u00e4re, sondern \u201eSchei\u00df Moslem\u201c, \u201eSchei\u00df Fl\u00fcchtlinge\u201c oder \u201eSchei\u00df Schwule\u201c. Das Land w\u00fcrde zurecht beben. Es g\u00e4be tagelang Berichterstattung, Demos, Konzerte, Solidarit\u00e4t im Netz. Und jetzt?<br \/>\n@bild<\/p>\n<p>Ahmad Mansour auf Twitter:<br \/>\n@AhmadMansour__<br \/>\nEs ist unfassbar, unbeschreiblich, dass es solche Bilder in Deutschland wieder gibt. Es ist unverst\u00e4ndlich, dass die Polizei (laut dieses Videos) nicht einschreitet und diese Schande beendet.<br \/>\n13.5.2021<br \/>\n<a href=\"https:\/\/twitter.com\/i\/status\/1392601895227777024\">https:\/\/twitter.com\/i\/status\/1392601895227777024<\/a><\/p>\n<p>.<br \/>\n<strong>Maa\u00dfen appelliert an die &#8222;historische Verantwortung&#8220; gegen\u00fcber Israel<\/strong><br \/>\n<em>Zur Situation in Israel findet CDU-Kandidat und Ex-Verfassungsschutzpr\u00e4sident <a href=\"https:\/\/www.freiburg-schwarzwald.de\/blog\/maassen-mauerfall-30-jahre\/\">Hans-Georg Maa\u00dfen<\/a> ungew\u00f6hnlich deutliche Worte.<\/em><br \/>\n\u201eIch begr\u00fc\u00dfe, dass Bundesau\u00dfenminister Maas den Raketenbeschuss der Hamas auf israelische Zivilisten klar verurteilt hat. Noch mehr begr\u00fc\u00dfen w\u00fcrde ich es allerdings, wenn auf Worte Taten folgen w\u00fcrden:<br \/>\nDeutschland finanziert weiterhin mit j\u00e4hrlich Hunderten Millionen Euro \u00fcber Umwege die Hamas \u2013 durch Entwicklungsgelder und insbesondere \u00fcber die zuletzt erst aufgestockte Finanzierung der, eng mit der Hamas verwobenen, UNRWA, die nachweislich systematisch in Schulen Antisemitismus s\u00e4ht.<br \/>\nWenn in diesen Tagen Hunderte Terrorraketen auf israelische Zivilisten, auf Schulen, Kinderg\u00e4rten und Krankenh\u00e4user geschossen werden, dann geh\u00f6rt zu Wahrheit auch dazu, dass deutsche Steuergelder hier mitdetonieren. Wer einfach zusieht, untergr\u00e4bt die Sicherheit des Staates Israel.<br \/>\nUnsere historische Verantwortung mahnt uns nicht nur zu klugen Sonntagsreden, sondern zu Taten im hier und jetzt \u2013 die Sicherheit und Freiheit von Juden in Deutschland und der Welt muss f\u00fcr die Bundesrepublik oberste Priorit\u00e4t haben.\u201c<br \/>\n11.5.2021, Hans-Georg Maa\u00dfen<\/p>\n<p>.<br \/>\n<strong>Deutschland ermuntert die Antisemiten, ihrem Judenhass freien Lauf zu lassen<\/strong><br \/>\nLinke Politiker und Medien relativieren das Problem des migrantisch gepr\u00e4gten Judenhasses. Eine traurige Erkenntnis: Es k\u00f6nnte am Willen liegen. Diese Gesellschaft will Antisemitismus wom\u00f6glich schlicht nicht f\u00fcr immer beseitigen.<br \/>\nIn den vergangenen Tagen beobachtete ich die zahlreichen Angriffe auf j\u00fcdische Gottesh\u00e4user, das Gepl\u00e4rre zumeist migrantisch gepr\u00e4gter Demonstranten, die Hitler huldigten, den Holocaust guthie\u00dfen, die Vernichtung Israels forderten und Judenhass verbreiteten. Und in mir reifte eine traurige Erkenntnis: Wom\u00f6glich liegt es am Willen. Dieser Staat, dieses Land, diese Regierung, diese Gesellschaft wollen Antisemitismus wom\u00f6glich schlicht nicht f\u00fcr immer beseitigen.<br \/>\n&#8230;<br \/>\nEs sind Menschen, die sich in Deutschland ermuntert f\u00fchlen, ihrem Judenhass freien Lauf zu lassen. Kein Wunder in einem Land, in dem der Bundespr\u00e4sident dem Terrorstaat Iran zum \u201eJahrestag der Revolution\u201c gratuliert. In dem eine Kanzlerkandidatin \u2013 Annalena Baerbock \u2013 sich \u00f6ffentlich dagegen ausspricht, Israel mit Milit\u00e4rtechnik zu unterst\u00fctzen. In dem Politiker der Linken bei Judenhass-Demos in Neuk\u00f6lln unterst\u00fctzend aufkreuzen.<br \/>\nIn dem die Ditib, eine Organisation des ins Islamistische abdriftenden t\u00fcrkischen Pr\u00e4sidenten, noch immer nicht verboten ist. In dem der SPD-Fraktionschef Rolf M\u00fctzenich das Land Israel verantwortlich macht f\u00fcr antisemitische Angriffe in Deutschland.<br \/>\n&#8230;.<br \/>\nIn diesen Tagen erg\u00e4nzen sich vor allem zwei Milieus: Menschen, die von ihrer Kindheit, sei sie in Neuk\u00f6lln oder im Westjordanland gewesen, an gelernt haben, dass Israel zu hassen ist, dass Juden zu verabscheuen und anzugreifen sind. Und vor allem linke Politiker und Medien, die diese Haltung negieren, die das Problem kleinreden und zu oft sogar insgeheim zustimmen.<br \/>\n&#8230; Alles vom 15.5.2021 von Johannes Baie bitte lesen auf<br \/>\n<a href=\"https:\/\/www.welt.de\/debatte\/kommentare\/article231162615\/Deutschland-ermuntert-die-Antisemiten-ihrem-Hass-freien-Lauf-zu-lassen.html\">https:\/\/www.welt.de\/debatte\/kommentare\/article231162615\/Deutschland-ermuntert-die-Antisemiten-ihrem-Hass-freien-Lauf-zu-lassen.html<\/a><br \/>\n.<\/p>\n<p><strong>Abdel-Samad: \u201eAntisemitismus geh\u00f6rt zur Bildungspolitik der arabischen Welt\u201c<\/strong><br \/>\nDer Politikwissenschaftler und Publizist Hamed Abdel-Samad spricht im WELT-Interview \u00fcber den Konflikt im Nahen Osten, Antisemitismus in Deutschland und inszenierte Emp\u00f6rung der muslimischen Bev\u00f6lkerung.<br \/>\n<a href=\"https:\/\/www.youtube.com\/watch?v=siR8aLchP68\">https:\/\/www.youtube.com\/watch?v=siR8aLchP68<\/a><br \/>\n&#8230; Alles vom 15.5.2021 bitte lesen auf <a href=\"http:\/\/www.welt.de\">http:\/\/www.welt.de<\/a><\/p>\n<p>Drei Zitate von Hamed Abdel-Samad im Welt-Interview:<br \/>\n&#8222;Antisemitismus geh\u00f6rt zur Bildung bzw. Bildungspolitik in der arabischen Welt&#8220;<br \/>\n&#8222;B\u00fccher zu Adolf Hitler z\u00e4hlen u den Bestsellern.&#8220;<br \/>\n&#8222;Der Rassist ist nur der wei\u00dfe Mann, nie aber ein Araber, Muslim Schwarzer, T\u00fcrke usw. &#8230; das nenne ich &#8218;Rassismus der gesenkten Erwartungshaltung&#8216;.&#8220;<br \/>\n15.5.2021<\/p>\n<p>&nbsp;<\/p>\n<p>.<br \/>\n.<br \/>\n<strong>Unfassbare Szenen in Gelsenkirchen: Antisemiten verbreiten<\/strong><br \/>\n<strong>Judenhass auf offener Stra\u00dfe<\/strong><br \/>\n&#8230; Alles vom 13.5.2021 bitte lesen auf<br \/>\n<a href=\"https:\/\/www.focus.de\/panorama\/welt\/ueber-180-demonstranten-unfassbare-szenen-in-gelsenkirchen-antisemiten-skandieren-judenfeindliche-parolen_id_13292923.html\">https:\/\/www.focus.de\/panorama\/welt\/ueber-180-demonstranten-unfassbare-szenen-in-gelsenkirchen-antisemiten-skandieren-judenfeindliche-parolen_id_13292923.html<\/a><br \/>\n.<br \/>\nKommentare<br \/>\n<strong>Vor allem wo war die Polizei?<\/strong><br \/>\nDas h\u00e4tte und darf in Deutschland nicht wieder passieren! Ich sch\u00e4me mich vor allen j\u00fcdischen Mitb\u00fcrgern dass es passiert ist! Vor allem wo war die Polizei?<br \/>\n13-5-2020, M.M.<\/p>\n<p><strong>Die Gr\u00fcnen m\u00f6chten ja &#8211; wenn<\/strong><br \/>\nsie demn\u00e4chst Deutschland regieren noch viel mehr Antisemiten ins Land holen .. Darf Deutschland als Nation so etwas zulassen &#8211; bei unserer Vergangenheit ? Ich sage NEIN ! Das was in Deutschland vor \u00fcber 80 Jahren geschah &#8211; darf sich niemals mehr auf Deutschem Boden wiederholen ! Und sollten die Gr\u00fcnen -durch unbegrenzten Zuzug von Menschen aus der Arabischen Welt &#8211; solchem Treiben Vorschub leisten wollen ist das ganz klar ein Fall f\u00fcr den Verfassungsschutz .<br \/>\n13.5.2021, J.K.<\/p>\n<p><strong>AFD-Sympathisanten mit t\u00fcrkischen Flaggen?<\/strong><br \/>\nIch finde es unversch\u00e4mt von den Nazis und den AFD-Sympathisanten mit t\u00fcrkischen Flaggen ihren Juden-Hass zu zeigen. Oder sind es doch radikale Moslems (t\u00fcrkische und gefl\u00fcchtete), die ihren Hass auf Juden nun hier in Deutschland offen zeigen und ausleben &#8230; ich tippe dann doch eher auf die zuletzt Genannten.<br \/>\n13.5.2021, A.K.<\/p>\n<p><strong>Und wieder sprechen die Gr\u00fcnen nur pauschal von \u201eAntisemitismus\u201c.<\/strong><br \/>\nDie Realit\u00e4t ist jedoch, dass dieses Problem eng mit der Migration nach Deutschland verkn\u00fcpft ist. Probleme, die man nicht auszusprechen bereit ist, lassen sich nicht l\u00f6sen. Wir brauchen Politiker, die den Tatsachen in die Augen blicken. Bei den Gr\u00fcnen, der SPD und der Linken wird man sie nicht finden.<br \/>\n3.5.2021, P.K.<\/p>\n<p><strong>&#8230;. dies wird als &#8222;PMK-rechts&#8220; (politisch motivierte Kriminalit\u00e4t &#8211; rechts) eingestuft<\/strong><br \/>\nJeder Extremismus ist zu bek\u00e4mpfen, egal aus welcher Richtung er kommt. Die hier beschriebenen Vorg\u00e4nge werden gem\u00e4\u00df geltender Vorschrift als &#8222;PMK-rechts&#8220; (politisch motivierte Kriminalit\u00e4t &#8211; rechts) eingestuft und entsprechend bek\u00e4mpft. Wenn die Bem\u00fchungen dieser Bek\u00e4mpfung erfolglos bleiben, m\u00fcssen sie weiter gesteigert werden. Auf die Idee, dass die Einstufung &#8222;rechts&#8220; in solchen F\u00e4llen falsch sein k\u00f6nnte und stattdessen &#8222;religi\u00f6s motiviert&#8220; zutrifft, m\u00f6chte die Politik nicht kommen.<br \/>\n13.5.2021, U.L.<br \/>\n.<br \/>\nEs ist eine Schande, dass solche Parolen in Deutschland wieder skandiert werden,<br \/>\nes ist eine Schande, dass dies nicht wirksam unterbunden wird. Dieser Antisemitismus wurde von der Bundesregierung importiert. Den Bildern nach zu urteilen sind es offenbar mohammedanische Ausl\u00e4nder, die ihre hasserf\u00fcllte, antisemitische Gesinnung \u00f6ffentlich zur Schau stellen. Es ist eine Schande.<br \/>\n13.5.2021, M.H.<\/p>\n<p>Dieses Problem ist hausgemacht.<br \/>\nEs ist das Ergebnis unserer Willkommenskultur und ich bef\u00fcrchte, dass es noch schlimmer wird sollte RRG in Zukunft das Sagen haben. Wir sollten uns daher keinen Maulkorb mehr auferlegen lassen und Themen, die nach unserer Auffassung nicht richtig laufen, offen ansprechen ohne Angst haben zu m\u00fcssen gleich als Nazi bezeichnet zu werden.<br \/>\n13.5.201, R.SCH<br \/>\nEnde Kommentare<\/p>\n<p>&nbsp;<\/p>\n","protected":false},"excerpt":{"rendered":"<p>&#8222;Wir sind entr\u00fcstet und emp\u00f6rt, dass so etwas in Deutschland passieren kann. Die Vorf\u00e4lle in Israel haben \u00fcberhaupt nichts mit der j\u00fcdischen Bev\u00f6lkerung zu tun, die in Deutschland lebt. Wer es durcheinanderbringt und das, was derzeit in Israel leider passiert, &hellip; <a href=\"https:\/\/www.freiburg-schwarzwald.de\/blog\/synagogen-angegriffen-angst\/\">Weiterlesen <span class=\"meta-nav\">&rarr;<\/span><\/a><\/p>\n","protected":false},"author":2,"featured_media":0,"comment_status":"open","ping_status":"closed","sticky":false,"template":"","format":"standard","meta":{"footnotes":""},"categories":[52,210,13,19],"tags":[325,26,732,725,421,84,420,503],"class_list":["post-90689","post","type-post","status-publish","format-standard","hentry","category-einewelt","category-gewalt","category-kultur","category-religion","tag-demo","tag-deutsch","tag-gewalt","tag-integration","tag-islam","tag-israel","tag-juden","tag-church"],"_links":{"self":[{"href":"https:\/\/www.freiburg-schwarzwald.de\/blog\/wp-json\/wp\/v2\/posts\/90689","targetHints":{"allow":["GET"]}}],"collection":[{"href":"https:\/\/www.freiburg-schwarzwald.de\/blog\/wp-json\/wp\/v2\/posts"}],"about":[{"href":"https:\/\/www.freiburg-schwarzwald.de\/blog\/wp-json\/wp\/v2\/types\/post"}],"author":[{"embeddable":true,"href":"https:\/\/www.freiburg-schwarzwald.de\/blog\/wp-json\/wp\/v2\/users\/2"}],"replies":[{"embeddable":true,"href":"https:\/\/www.freiburg-schwarzwald.de\/blog\/wp-json\/wp\/v2\/comments?post=90689"}],"version-history":[{"count":5,"href":"https:\/\/www.freiburg-schwarzwald.de\/blog\/wp-json\/wp\/v2\/posts\/90689\/revisions"}],"predecessor-version":[{"id":90728,"href":"https:\/\/www.freiburg-schwarzwald.de\/blog\/wp-json\/wp\/v2\/posts\/90689\/revisions\/90728"}],"wp:attachment":[{"href":"https:\/\/www.freiburg-schwarzwald.de\/blog\/wp-json\/wp\/v2\/media?parent=90689"}],"wp:term":[{"taxonomy":"category","embeddable":true,"href":"https:\/\/www.freiburg-schwarzwald.de\/blog\/wp-json\/wp\/v2\/categories?post=90689"},{"taxonomy":"post_tag","embeddable":true,"href":"https:\/\/www.freiburg-schwarzwald.de\/blog\/wp-json\/wp\/v2\/tags?post=90689"}],"curies":[{"name":"wp","href":"https:\/\/api.w.org\/{rel}","templated":true}]}}