{"id":90366,"date":"2021-05-05T11:40:44","date_gmt":"2021-05-05T09:40:44","guid":{"rendered":"https:\/\/www.freiburg-schwarzwald.de\/blog\/?p=90366"},"modified":"2021-05-05T12:39:25","modified_gmt":"2021-05-05T10:39:25","slug":"storchenpaar-mit-jungstoerchen","status":"publish","type":"post","link":"https:\/\/www.freiburg-schwarzwald.de\/blog\/storchenpaar-mit-jungstoerchen\/","title":{"rendered":"Storchenpaar mit Jungst\u00f6rchen"},"content":{"rendered":"<p><a href=\"https:\/\/www.freiburg-schwarzwald.de\/blog\/natur\/tiere\/storch\/weissstorch-breisgau\/\">Jungst\u00f6rche<\/a> auf vielen Nestern zum Anfang Mai. Doch Probleme bereiten weniger K\u00e4lte, Regen und Wind als der Mensch: Neuerdings verendet so mancher <a href=\"https:\/\/www.freiburg-schwarzwald.de\/blog\/storchenjahr-2020-beginnt-gut\/\">Storch<\/a>, wenn er auf dem Feld liegengebliebene Plastikschn\u00fcre von Strohballen f\u00fcr Schlangen h\u00e4lt (siehe dazu den Appell unten). <!--more-->Es ist faszinierend, der <a href=\"https:\/\/www.freiburg-schwarzwald.de\/blog\/natur\/tiere\/storch\/\">St\u00f6rchin<\/a> per Livestream zuzuschauen, wie sie geduldig der Zeit ihre Zeit gibt &#8211; mit drei kleinen St\u00f6rchlein&#8217;s unter ihrem w\u00e4rmenden Gefieder.<br \/>\n<a href=\"https:\/\/regiowebcam.de\/dreisamtal\/storchennest-kirchzarten.html\">https:\/\/regiowebcam.de\/dreisamtal\/storchennest-kirchzarten.html<\/a><br \/>\n.<br \/>\nLive aus dem Storchennest Kirchzarten, Stork\u00b4s Nest Livestream (von Varadi):<br \/>\n<a href=\"https:\/\/www.youtube.com\/watch?v=Kktrj50Wefo\">https:\/\/www.youtube.com\/watch?v=Kktrj50Wefo<\/a><\/p>\n<p>Nehmen auch Sie sich Zeit und ein Beispiel am Storchenpaar: Einfach der St\u00f6rchin Ulla &#8211; oder ists der Storch Edgar? &#8211; mal 30 Minuten per Youtube zuschauen (oben anclicken) und dar\u00fcber<br \/>\n&#8211; die <a href=\"https:\/\/www.freiburg-schwarzwald.de\/blog\/inzidenz-fuer-notbremse-ungeeignetmse\/\">inzidenz<\/a>-gem\u00e4\u00df endless w\u00fctende <a href=\"https:\/\/www.freiburg-schwarzwald.de\/blog\/business\/gesund\/corona-virus\/\">Corona<\/a>&#8211;<a href=\"https:\/\/www.freiburg-schwarzwald.de\/blog\/business\/gesund\/corona-virus\/lockdown-endlos\/\">Pandemie<\/a> sowie<br \/>\n&#8211; den <a href=\"https:\/\/www.freiburg-schwarzwald.de\/blog\/natur\/klima\/co2\/\">CO2<\/a>-gem\u00e4\u00df always bevorstehenden <a href=\"https:\/\/www.freiburg-schwarzwald.de\/blog\/natur\/klima\/klimapolitik\/\">Klima<\/a>&#8211;<a href=\"https:\/\/www.freiburg-schwarzwald.de\/blog\/natur\/klima\/weltuntergang\/\">Weltuntergang<\/a><br \/>\nvergessen. Und dabei die <a href=\"https:\/\/www.freiburg-schwarzwald.de\/blog\/business\/gesund\/corona-virus\/corona-angst\/\">Angst<\/a> vergessen und zur Ruhe kommen.<br \/>\n5.5.2021<\/p>\n<p>&nbsp;<\/p>\n<p><a href=\"https:\/\/www.freiburg-schwarzwald.de\/blog\/wp-content\/uploads\/2021\/05\/storch-kirchzarten210505.jpg\"><img loading=\"lazy\" decoding=\"async\" class=\"alignnone size-full wp-image-90369\" src=\"https:\/\/www.freiburg-schwarzwald.de\/blog\/wp-content\/uploads\/2021\/05\/storch-kirchzarten210505.jpg\" alt=\"\" width=\"640\" height=\"522\" srcset=\"https:\/\/www.freiburg-schwarzwald.de\/blog\/wp-content\/uploads\/2021\/05\/storch-kirchzarten210505.jpg 640w, https:\/\/www.freiburg-schwarzwald.de\/blog\/wp-content\/uploads\/2021\/05\/storch-kirchzarten210505-180x147.jpg 180w\" sizes=\"auto, (max-width: 640px) 100vw, 640px\" \/><\/a>Vier Jungst\u00f6rche am 5.5.2021 in <a href=\"https:\/\/www.freiburg-schwarzwald.de\/blog\/regio\/orte\/kirchzarten\/\">Kirchzarten<\/a> &#8211; St.Gallus.\u00a0 \u00a0Bild: Regiowebcam<br \/>\n.<\/p>\n<p><strong>Hilferuf von Storchenmutter Waldtraud Maurer \u2013<\/strong><br \/>\n<strong>Auf St. Gallus gibt\u2019s vier Jungst\u00f6rche<\/strong><br \/>\nMit einem dringenden Appell wendet sich Kirchzartens Storchenmutter und Vertreterin vom Verein Wei\u00dfstorch Breisgau, Waltraud Maurer, vor allem an die Landwirte im <a href=\"https:\/\/www.freiburg-schwarzwald.de\/blog\/soja-im-dreisamtal-ernte-2016\/\">Dreisamtal<\/a>.<br \/>\n\u201eLiebe Landwirte, wenn Sie die verschiedenen Ballen von den Feldern abholen\u201c, schreibt sie, \u201enehmen Sie bitte auch die Schn\u00fcre mit.\u201c<br \/>\nEs sei schon mehrmals vorgekommen, dass St\u00f6rche die auf den Feldern oder Wiesen liegenden Plastikschn\u00fcre f\u00fcr Schlangen hielten. Die St\u00f6rche seien dann qualvoll verendet. Und die br\u00fctende St\u00f6rchin oder auch jetzt die Jungst\u00f6rche warteten vergebens aufs Futter und verhungerten.<\/p>\n<p>Maurer richtet noch eine weitere Bitte an die Bauern: \u201eBitte reduzieren Sie auch die Spritzaktivit\u00e4ten. Dadurch sterben Millionen von Kleinsttierwesen, welche die Vogelwelt dringend als Futter f\u00fcr die Aufzucht der Jungv\u00f6gel braucht.\u201c Es sei ein starker Einbruch der Singv\u00f6gel zu verzeichnen. Und auch an die Bev\u00f6lkerung hat Waltraud Maurer eine Bitte: \u201eBringen Sie auf Ihren Grundst\u00fccken Nisthilfen f\u00fcr V\u00f6gel, Eulen oder Schwalben an.\u201c Die V\u00f6gel leisteten bei der Vertilgung von Ungeziefer wertvolle Arbeit.<\/p>\n<p>Voll Freude berichtete Waltraud Maurer, dass das Kirchzartener Storchenpaar Edgar und Ulla jetzt drei Jungst\u00f6rche ausgebr\u00fctet habe, die einen gesunden Eindruck machten. Sie hoffe sehr, dass in diesem Jahr endlich mal wieder die gesamte Brut \u00fcberlebe. Am Bildschirm im Vorraum des Alten Rathauses neben der Tourist-Info im Innerort kann man das Leben im Horst auf dem Kirchturm von St. Gallus jederzeit beobachten.<br \/>\n4.5.2021, Gerhard L\u00fcck, <a href=\"https:\/\/www.dreisamtaeler.de\">https:\/\/www.dreisamtaeler.de<\/a><br \/>\n.<\/p>\n<p><strong>St\u00f6rche auf der Suche nach Nestern<\/strong><br \/>\nF\u00fcnf Eier liegen auch im Nest auf dem Kirchturm in Kirchzarten. Dort br\u00fctet dasselbe Paar wie 2020, erz\u00e4hlt Vereinsmitglied Waltraud Maurer, die den beiden St\u00f6rchen die Namen Edgar und Ulla gegeben hat. Das erste Ei habe Ulla am 25. M\u00e4rz gelegt, die anderen seien im Abstand von zwei Tagen gefolgt. Ende April sollten die ersten Jungen schl\u00fcpfen. &#8222;Wir haben mit Edgar einen ganz lieben Storchenvater&#8220;, sagt Maurer. &#8222;Er reinigt Ulla das Gefieder und schmust mit ihr.&#8220; Vor elf Jahren sei Edgar aus Denzlingen nach Kirchzarten eingewandert, w\u00e4hrend Ulla urspr\u00fcnglich aus der Schweiz komme.<br \/>\n&#8230; Alles vom 15.4.2021 bitte lesen auf<br \/>\n<a href=\"https:\/\/www.badische-zeitung.de\/stoerche-in-der-region-freiburg-sind-auf-der-suche-nach-nestern--201265927.html\">https:\/\/www.badische-zeitung.de\/stoerche-in-der-region-freiburg-sind-auf-der-suche-nach-nestern&#8211;201265927.html<\/a><\/p>\n","protected":false},"excerpt":{"rendered":"<p>Jungst\u00f6rche auf vielen Nestern zum Anfang Mai. Doch Probleme bereiten weniger K\u00e4lte, Regen und Wind als der Mensch: Neuerdings verendet so mancher Storch, wenn er auf dem Feld liegengebliebene Plastikschn\u00fcre von Strohballen f\u00fcr Schlangen h\u00e4lt (siehe dazu den Appell unten).<\/p>\n","protected":false},"author":2,"featured_media":0,"comment_status":"open","ping_status":"closed","sticky":false,"template":"","format":"standard","meta":{"footnotes":""},"categories":[18,50,12,145,101],"tags":[717,750,144,466],"class_list":["post-90366","post","type-post","status-publish","format-standard","hentry","category-bildung","category-dreisamtal","category-natur","category-storch","category-tiere","tag-ehrenamt","tag-natur","tag-sos-weisstorch","tag-tierschutz"],"_links":{"self":[{"href":"https:\/\/www.freiburg-schwarzwald.de\/blog\/wp-json\/wp\/v2\/posts\/90366","targetHints":{"allow":["GET"]}}],"collection":[{"href":"https:\/\/www.freiburg-schwarzwald.de\/blog\/wp-json\/wp\/v2\/posts"}],"about":[{"href":"https:\/\/www.freiburg-schwarzwald.de\/blog\/wp-json\/wp\/v2\/types\/post"}],"author":[{"embeddable":true,"href":"https:\/\/www.freiburg-schwarzwald.de\/blog\/wp-json\/wp\/v2\/users\/2"}],"replies":[{"embeddable":true,"href":"https:\/\/www.freiburg-schwarzwald.de\/blog\/wp-json\/wp\/v2\/comments?post=90366"}],"version-history":[{"count":5,"href":"https:\/\/www.freiburg-schwarzwald.de\/blog\/wp-json\/wp\/v2\/posts\/90366\/revisions"}],"predecessor-version":[{"id":90383,"href":"https:\/\/www.freiburg-schwarzwald.de\/blog\/wp-json\/wp\/v2\/posts\/90366\/revisions\/90383"}],"wp:attachment":[{"href":"https:\/\/www.freiburg-schwarzwald.de\/blog\/wp-json\/wp\/v2\/media?parent=90366"}],"wp:term":[{"taxonomy":"category","embeddable":true,"href":"https:\/\/www.freiburg-schwarzwald.de\/blog\/wp-json\/wp\/v2\/categories?post=90366"},{"taxonomy":"post_tag","embeddable":true,"href":"https:\/\/www.freiburg-schwarzwald.de\/blog\/wp-json\/wp\/v2\/tags?post=90366"}],"curies":[{"name":"wp","href":"https:\/\/api.w.org\/{rel}","templated":true}]}}