{"id":89708,"date":"2021-04-13T13:41:20","date_gmt":"2021-04-13T11:41:20","guid":{"rendered":"https:\/\/www.freiburg-schwarzwald.de\/blog\/?p=89708"},"modified":"2021-04-13T14:40:35","modified_gmt":"2021-04-13T12:40:35","slug":"deutscher-liederabend-ade","status":"publish","type":"post","link":"https:\/\/www.freiburg-schwarzwald.de\/blog\/deutscher-liederabend-ade\/","title":{"rendered":"Deutscher Liederabend &#8211; ade"},"content":{"rendered":"<p>Der Titel <em>&#8222;Heino goes Klassik &#8211; Ein deutscher Liederabend&#8220;<\/em> wurde in D\u00fcsseldorf als <a href=\"https:\/\/www.freiburg-schwarzwald.de\/blog\/engagement\/rassismus\/\">rassistisch<\/a> abgelehnt. Der <a href=\"https:\/\/www.freiburg-schwarzwald.de\/blog\/kultur\/dichter\/liedermacher\/\">Schlagers\u00e4nger<\/a> Heino reagierte entsetzt: &#8222;Muss ich mich jetzt als 82-j\u00e4hriger <a href=\"https:\/\/www.freiburg-schwarzwald.de\/blog\/global\/deutschland\/deutschland2020\/\">Deutscher<\/a> f\u00fcr das Wort <a href=\"https:\/\/www.freiburg-schwarzwald.de\/blog\/alles-deutsche-schlecht-reden\/\">&#8218;deutsch&#8216;<\/a> sch\u00e4men?\u201c. Sicher auch im Hinblick auf die dahinterstehende <a href=\"https:\/\/www.freiburg-schwarzwald.de\/blog\/global\/deutschland\/moral2015\/doppelmoral\/\">Doppelmoral<\/a>, <!--more-->w\u00fcrden doch ein &#8222;<a href=\"https:\/\/www.freiburg-schwarzwald.de\/blog\/global\/israel\/palaestina\/\">Pal\u00e4stinensischer<\/a> Liederabend&#8220; oder ein &#8222;<a href=\"https:\/\/www.freiburg-schwarzwald.de\/blog\/global\/kurdistan\/\">Kurdischer<\/a> Liederabend&#8220; akzeptiert, da <a href=\"https:\/\/www.freiburg-schwarzwald.de\/blog\/engagement\/zukunft\/demokratie\/identitaetspolitik\/\">indentit\u00e4tsstiftend<\/a>.<br \/>\nZudem m\u00fcsste man dann ja auch den US-Amerikanern nahelegen, neben &#8222;german <a href=\"https:\/\/www.freiburg-schwarzwald.de\/blog\/engagement\/zukunft\/angst\/\">Angst<\/a>&#8222;und &#8222;german <a href=\"https:\/\/www.freiburg-schwarzwald.de\/blog\/bildung\/kindergarten\/\">Kindergarten<\/a>&#8220; auch &#8222;german <a href=\"https:\/\/www.freiburg-schwarzwald.de\/blog\/kultur\/dichter\/liedermacher\/lied\/\">Lied<\/a>&#8220; aus ihrem Sprachgebrauch zu entfernen. Es gibt der <a href=\"https:\/\/www.freiburg-schwarzwald.de\/blog\/kultur\/medien\/political-correctness\/\">Political Correctness<\/a>, <a href=\"https:\/\/www.freiburg-schwarzwald.de\/blog\/kultur\/kulturverlust\/cancelculture\/\">Cancel Culture<\/a> und <a href=\"https:\/\/www.freiburg-schwarzwald.de\/blog\/kultur\/kulturverlust\/woke\/\">Woke<\/a> gem\u00e4\u00df eben keine <a href=\"https:\/\/www.freiburg-schwarzwald.de\/blog\/kultur\/kulturverlust\/\">Volkslieder<\/a> mehr, sondern nur noch <a href=\"https:\/\/www.freiburg-schwarzwald.de\/blog\/volkslied-oder-menschheitslied\/\">Menschheitslieder<\/a>.<\/p>\n<p>Da\u00df man das Volkslied <em>&#8222;Am Brunnen vor dem Tore, da steht ein Lindenbaum&#8220;<\/em> (Franz Schubert, 1827) nicht mehr singen sollte, ist ja klar: Schlie\u00dflich ist &#8222;Tor&#8220; in einer <a href=\"https:\/\/www.freiburg-schwarzwald.de\/blog\/global\/eu\/grenzen\/\">grenzen-<\/a> und somit <a href=\"https:\/\/www.freiburg-schwarzwald.de\/blog\/global\/migration\/kontrollierte-grenzen\/\">torlosen<\/a> Welt voll faschistisch und &#8222;Lindenbaum&#8220; voll <a href=\"https:\/\/www.freiburg-schwarzwald.de\/blog\/religion\/juden\/nazi\/nazi-hass\/\">Nazi<\/a>.<br \/>\nDa\u00df aber demn\u00e4chst sogar das Lied <em>&#8222;Heute hier, morgen dort&#8220;<\/em> (<a href=\"https:\/\/www.freiburg-schwarzwald.de\/blog\/kultur\/dichter\/liedermacher\/\">Hannes Wader<\/a>, 1972) zum Canceln ansteht, ist mir unverst\u00e4ndlich, wo doch sein Refrain <em>&#8222;So vergeht Jahr um Jahr, und es ist mir l\u00e4ngst klar, da\u00df nichts bleibt, da\u00df nichts bleibt, wie es war&#8220;<\/em> voll mit dem bevorstehenden <a href=\"https:\/\/www.freiburg-schwarzwald.de\/blog\/global\/globalisierung\/great-reset\/\">Great Reset<\/a> als der <a href=\"https:\/\/www.freiburg-schwarzwald.de\/blog\/natur\/klima\/transformation\/\">Gro\u00dfen Transformation<\/a> konform geht.<br \/>\n.<br \/>\nFazit:<br \/>\nAn &#8222;Ein deutscher Liederabend&#8220; ist alles unkorrekt: &#8222;Deutsch&#8220; wegen der <a href=\"https:\/\/www.freiburg-schwarzwald.de\/blog\/engagement\/zukunft\/demokratie\/nation\/\">Nation<\/a>. &#8222;Lied&#8220; wegen der <a href=\"https:\/\/www.freiburg-schwarzwald.de\/blog\/kultur\/erinnerungskultur\/\">Erinnerungskultur<\/a> sowie &#8222;Abend&#8220; wegen dem <a href=\"https:\/\/www.freiburg-schwarzwald.de\/blog\/religion\/christen\/abendland\/\">Abendland<\/a> des <a href=\"https:\/\/www.freiburg-schwarzwald.de\/blog\/kultur\/alte-weisse-maenner\/\">alten wei\u00dfen Mannes<\/a>. Armer Heino!<br \/>\n13.4.2021<br \/>\n<strong>.<\/strong><\/p>\n<p><strong>Heino: \u201eIch bin fassungslos\u201c<\/strong><br \/>\nGro\u00dfer \u00c4rger f\u00fcr den Schlagers\u00e4nger Heino: Die Gesch\u00e4ftsf\u00fchrung der D\u00fcsseldorfer Tonhalle weigert sich, f\u00fcr sein anstehendes Konzert am 8. Oktober zu werben. Grund daf\u00fcr ist der gew\u00e4hlte Titel der Veranstaltung: \u201eHeino goes Klassik &#8211; Ein deutscher Liederabend\u201c. Dies berichtet die \u201eBild\u201c.<br \/>\n\u201eWir werden den Abend mit diesem Titel nicht bewerben, da er fachlich und politisch nicht korrekt gew\u00e4hlt ist\u201c, erkl\u00e4rte Intendant Michael Becker gegen\u00fcber der \u201eBild\u201c. Mit dem Begriff \u201eein deutscher Liederabend\u201c r\u00fccke sich Heino \u201ein eine ungem\u00fctliche Ecke\u201c. Zwar sei es korrekt, die von Heino gew\u00e4hlten Werke wie \u201eGuten Abend, gut&#8216; Nacht\u201c oder \u201eSah ein Knab&#8216; ein R\u00f6slein stehn\u201c als \u201edeutsches Lied\u201c zu bezeichnen.<br \/>\nDer Tourtitel \u201eEin deutscher Liederabend\u201c hingegen bezeichne ein \u201eimagin\u00e4res Konzertformat\u201c, so Becker: \u201eWir m\u00fcssen damit rechnen, dass es so verstanden wird, dass es sich hier etwa um einen Liederabend f\u00fcr Deutsche handelt. Der Begriff &#8218;ein deutscher Liederabend&#8216; t\u00fcmelt, und er ist fachlich nicht korrekt. Zumal in der klassischen Szene, der Heino sich ja andient.\u201c \u201eKorrekt und unproblematisch\u201c seien alternative Titel wie \u201eHeino &#8211; ein Liederabend\u201c oder \u201eHeino singt deutsches Lied\u201c.<br \/>\n.<br \/>\nZumindest die erste der beiden Optionen kommt f\u00fcr den S\u00e4nger nicht infrage, wie er gegen\u00fcber \u201eBild\u201c betonte: \u201eIch denke nicht daran, das Wort &#8218;deutsch&#8216; aus meinem Liederabend zu streichen! Muss ich mich jetzt als 82-j\u00e4hriger Deutscher f\u00fcr das Wort &#8218;deutsch&#8216; sch\u00e4men?\u201c<br \/>\n\u00dcberhaupt sei die Diskussion f\u00fcr ihn \u00fcbertrieben: \u201eDieses ganze Ged\u00f6ns um die neue korrekte Sprache und was man heutzutage noch sagen darf und was nicht, ist nur noch erschreckend, und man kann doch bei so einem Quatsch nur noch den Kopf sch\u00fctteln.\u201c<br \/>\nEr fuhr fort: <em><strong>\u201eWenn man so weitermacht, verliert Deutschland seine eigene Identit\u00e4t. Ich bin und bleibe ein deutscher S\u00e4nger, der deutsche Lieder singt und die deutsche Sprache liebt.\u201c<\/strong><\/em><\/p>\n<p>Becker hingegen verwies auf die f\u00fcr ihn geltenden st\u00e4dtischen Richtlinien. In einem Antrag in der D\u00fcsseldorfer Stadtratssitzung von SPD, B\u00dcNDNIS 90\/DIE GR\u00dcNEN und FDP im M\u00e4rz 2019 hei\u00dft es, man lehne \u201edie \u00dcberlassung von R\u00e4umen f\u00fcr Veranstaltungen mit rassistischen, antisemitischen, salafistischen, antidemokratischen, sexistischen, gewaltverherrlichenden, oder anderen menschenfeindlichen Inhalten\u201c ab.<br \/>\nHeino will das nicht verstehen: \u201eIch bin fassungslos, dass man mich mit so etwas auch nur ann\u00e4hernd in Verbindung bringt. Bin ich ein Hetzer, weil ich deutsche Lieder von Brahms und Schubert singe? Geht&#8217;s eigentlich noch? Soll das Wort &#8218;deutsch&#8216; jetzt auch schon rechtspopulistisch sein? Das entbehrt doch jeglicher Logik und jedem klaren Verstand!\u201c<br \/>\n&#8230; Alles vom 12.4.2021 bitte lesen auf<br \/>\n<a href=\"https:\/\/www.weser-kurier.de\/deutschland-welt\/deutschland-welt-vermischtes_artikel,-heino-ich-bin-fassungslos-_arid,1969422.html\">https:\/\/www.weser-kurier.de\/deutschland-welt\/deutschland-welt-vermischtes_artikel,-heino-ich-bin-fassungslos-_arid,1969422.html<\/a><br \/>\n.<br \/>\n<strong>Rassisten-Newsletter<\/strong><br \/>\nDeutscher Liederabend nat\u00fcrlich total rassistisch. Heino hat\u2019s erwischt.<br \/>\n&#8230;<br \/>\nJa, da ist die D\u00fcsseldorfer Tonhalle wohl nicht ganz auf dem neuesten Stand, denn ich hatte ja schon beschrieben, <a href=\"https:\/\/www.danisch.de\/blog\/2020\/09\/06\/heimatlieder-aus-deutschland\/\">https:\/\/www.danisch.de\/blog\/2020\/09\/06\/heimatlieder-aus-deutschland\/<\/a>, wie uns die Bundeszentrale f\u00fcr politische Bildung dar\u00fcber belehrt, was jetzt unter \u201eHeimatlieder aus Deutschland\u201d zu verstehen w\u00e4re.<br \/>\nUnd selbstverst\u00e4ndlich h\u00e4tte sich niemand getraut, an einem \u201et\u00fcrkischen Liederabend\u201d oder auch einem \u201esyrischen Liederabend\u201d irgendetwas auszusetzen. Demn\u00e4chst ist das dann auch rassistisch, von \u201eAbend\u201d zu sprechen, weil das Menschen in anderen Zeitzonen diskriminiert.<br \/>\n&#8230; Alles vom 2.4.2021 bitte lesen auf<br \/>\n<a href=\"https:\/\/www.danisch.de\/blog\/2021\/04\/12\/rassisten-newsletter-7\/\">https:\/\/www.danisch.de\/blog\/2021\/04\/12\/rassisten-newsletter-7\/<\/a><br \/>\n.<br \/>\n<strong>&#8222;Deutscher Liederabend&#8220;: Heino ver\u00e4rgert \u00fcber Tonhalle<\/strong><br \/>\nHeino-Manager Werner stie\u00df das besonders auf: \u00abAlleine eine Verbindung mit dem Wort deutsch, Heino und Hetze herzustellen, entbehrt jeglichem klaren Verstand.\u00bb Die Stadt stellte dazu klar, dass der Text dieser Richtlinie mit der Formulierung final noch gar nicht genehmigt sei.<br \/>\n\u00abHeino ist ein deutscher S\u00e4nger, der deutsche Lieder singt. Wenn das Wort \u00abdeutsch\u00bb jetzt schon rechtspopulistisch ist, schafft Deutschland seine Identit\u00e4t ab\u00bb, sagte Werner. \u00abEs ist absurd, welche Dimension diese politische Korrektheit angenommen hat. Das Wort \u00abdeutsch\u00bb geh\u00f6rt allen Deutschen.\u00bb<br \/>\n&#8230; Alles vom 12.4.2021 bitte lesen auf<br \/>\n<a href=\"https:\/\/www.zeit.de\/news\/2021-04\/12\/deutscher-liederabend-heino-veraergert-ueber-tonhalle\">https:\/\/www.zeit.de\/news\/2021-04\/12\/deutscher-liederabend-heino-veraergert-ueber-tonhalle<\/a><br \/>\n<strong>\u00c4rger f\u00fcr Heino: Liederabend angeblich &#8222;zu deutsch&#8220;<\/strong><br \/>\nWeil der Volksmusik-Star seine Tournee im Herbst \u201cHeino goes Klassik \u2013 Ein deutscher Liederabend\u201d genannt hat, will ihn ein Konzerthaus in D\u00fcsseldorf nicht bewerben. Dort st\u00f6rt man sich an dem Wort \u201cdeutsch\u201d \u2013 das sei \u201cfachlich und politisch nicht korrekt\u201d gew\u00e4hlt.<br \/>\n&#8230;<br \/>\n\u201c\u2018Deutsches Lied\u2019 ist ein wissenschaftlich verb\u00fcrgter Begriff, aber \u2018deutscher Liederabend\u2019 ist nicht richtig \u2013 fachlich wie politisch\u201d, erkl\u00e4rte dazu Tonhallen-Pressesprecherin Marita Ingenhoven gegen\u00fcber dem RND.<br \/>\n&#8230; Alles vom 12.4.2021 bitte lesen auf<br \/>\n<a href=\"https:\/\/exxpress.at\/aerger-fuer-heino-liederabend-angeblich-zu-deutsch\/\">https:\/\/exxpress.at\/aerger-fuer-heino-liederabend-angeblich-zu-deutsch\/<\/a><\/p>\n<p>&nbsp;<\/p>\n","protected":false},"excerpt":{"rendered":"<p>Der Titel &#8222;Heino goes Klassik &#8211; Ein deutscher Liederabend&#8220; wurde in D\u00fcsseldorf als rassistisch abgelehnt. Der Schlagers\u00e4nger Heino reagierte entsetzt: &#8222;Muss ich mich jetzt als 82-j\u00e4hriger Deutscher f\u00fcr das Wort &#8218;deutsch&#8216; sch\u00e4men?\u201c. Sicher auch im Hinblick auf die dahinterstehende Doppelmoral,<\/p>\n","protected":false},"author":2,"featured_media":0,"comment_status":"open","ping_status":"closed","sticky":false,"template":"","format":"standard","meta":{"footnotes":""},"categories":[18,14,93,13,97,120],"tags":[32,301,477,518,703,764],"class_list":["post-89708","post","type-post","status-publish","format-standard","hentry","category-bildung","category-global","category-kindergarten","category-kultur","category-liedermacher","category-musik","tag-jugendmusik","tag-culture","tag-lied","tag-music","tag-volk","tag-woke"],"_links":{"self":[{"href":"https:\/\/www.freiburg-schwarzwald.de\/blog\/wp-json\/wp\/v2\/posts\/89708","targetHints":{"allow":["GET"]}}],"collection":[{"href":"https:\/\/www.freiburg-schwarzwald.de\/blog\/wp-json\/wp\/v2\/posts"}],"about":[{"href":"https:\/\/www.freiburg-schwarzwald.de\/blog\/wp-json\/wp\/v2\/types\/post"}],"author":[{"embeddable":true,"href":"https:\/\/www.freiburg-schwarzwald.de\/blog\/wp-json\/wp\/v2\/users\/2"}],"replies":[{"embeddable":true,"href":"https:\/\/www.freiburg-schwarzwald.de\/blog\/wp-json\/wp\/v2\/comments?post=89708"}],"version-history":[{"count":5,"href":"https:\/\/www.freiburg-schwarzwald.de\/blog\/wp-json\/wp\/v2\/posts\/89708\/revisions"}],"predecessor-version":[{"id":89728,"href":"https:\/\/www.freiburg-schwarzwald.de\/blog\/wp-json\/wp\/v2\/posts\/89708\/revisions\/89728"}],"wp:attachment":[{"href":"https:\/\/www.freiburg-schwarzwald.de\/blog\/wp-json\/wp\/v2\/media?parent=89708"}],"wp:term":[{"taxonomy":"category","embeddable":true,"href":"https:\/\/www.freiburg-schwarzwald.de\/blog\/wp-json\/wp\/v2\/categories?post=89708"},{"taxonomy":"post_tag","embeddable":true,"href":"https:\/\/www.freiburg-schwarzwald.de\/blog\/wp-json\/wp\/v2\/tags?post=89708"}],"curies":[{"name":"wp","href":"https:\/\/api.w.org\/{rel}","templated":true}]}}