{"id":89664,"date":"2021-04-12T09:54:56","date_gmt":"2021-04-12T07:54:56","guid":{"rendered":"https:\/\/www.freiburg-schwarzwald.de\/blog\/?p=89664"},"modified":"2021-04-13T21:12:01","modified_gmt":"2021-04-13T19:12:01","slug":"freiheitwert-gesundheitgut","status":"publish","type":"post","link":"https:\/\/www.freiburg-schwarzwald.de\/blog\/freiheitwert-gesundheitgut\/","title":{"rendered":"Freiheit=Wert  Gesundheit=Gut"},"content":{"rendered":"<p>Nach dem <a href=\"https:\/\/www.freiburg-schwarzwald.de\/blog\/business\/gesund\/corona-virus\/lockdown-endlos\/\">Lockdown<\/a> ist vor dem <a href=\"https:\/\/www.freiburg-schwarzwald.de\/blog\/ein-jahr-lockdown-umsonst\/\">Lockdown<\/a>. Wir stehen so begeistert auf den Lockdowns, weil wir die <a href=\"https:\/\/www.freiburg-schwarzwald.de\/blog\/business\/gesund\/\">Gesundheit<\/a> zum h\u00f6chsten <a href=\"https:\/\/www.freiburg-schwarzwald.de\/blog\/global\/integration\/werte\/\">Wert<\/a> stilisiert haben. Dazu Andr\u00e9 Comte-Sponville: <em>\u201eLasst uns aufh\u00f6ren die Gesundheit zum obersten Wert zu machen! Sie ist wichtig, aber Freiheit, Gerechtigkeit und Liebe sind h\u00f6here Werte.\u201c<\/em><br \/>\n.<br \/>\n<!--more-->So der Aufruf von <a href=\"https:\/\/www.freiburg-schwarzwald.de\/blog\/global\/france\/\">Frankreichs<\/a> renommiertesten Philosophen im TV-Auftritts beim Sender France Info Plus am 2.4.2021: <a href=\"https:\/\/twitter.com\/franceinfoplus\/status\/1378033359360819201\">https:\/\/twitter.com\/franceinfoplus\/status\/1378033359360819201<\/a><br \/>\nSolch leidenschaftlich und kontrovers gef\u00fchrte Fernsehsendungen findet man in all den langweiligen und <a href=\"https:\/\/www.freiburg-schwarzwald.de\/blog\/kultur\/medien\/gesinnungsdiktatur\/\">gleichgeschalteten<\/a> <a href=\"https:\/\/www.freiburg-schwarzwald.de\/blog\/kultur\/medien\/talkshow\/\">Talkshows<\/a> (Rhabarber, Rhabarber, &#8230;) in Deutschland leider nicht.<br \/>\nDiese unglaubw\u00fcrdige <a href=\"https:\/\/www.freiburg-schwarzwald.de\/blog\/engagement\/zukunft\/ideologie\/\">Ideologie<\/a>, welche die Gesundheit zum obersten gesellschaftlichen Wert erhebt und den Gehorsam der Menschen mit dem Heilsversprechen \u201eJe mehr wir euch einschr\u00e4nken, desto mehr Leben werden gerettet\u201c k\u00f6dert, bezeichnet Compte-Sponville als <em><strong>Panmedikalismus<\/strong><\/em>.<\/p>\n<p>&#8222;Il n&#8217;est pas \u00e9crit aux frontons de nos mairies <em><strong>&#8222;Sant\u00e9, \u00c9galit\u00e9. Fraternit\u00e9&#8220;<\/strong><\/em>, mais <em><strong>&#8222;Libert\u00e9, \u00c9galit\u00e9, Fraternit\u00e9<\/strong><\/em>. J&#8217;esp\u00e8re ne pas \u00eatre le seul dans ce pays \u00e0 penser que la libert\u00e9 est une valeur sup\u00e9rieure \u00e0 la sant\u00e9&#8220;.<br \/>\n&#8222;An den Stirnseiten unserer Rath\u00e4user ist nicht &#8222;Gesundheit, Gleichheit, Br\u00fcderlichkeit&#8220; geschrieben, sondern &#8222;Freiheit, Gleichheit, Br\u00fcderlichkeit&#8220;. Ich hoffe, ich bin nicht der Einzige in diesem Land, der glaubt, da\u00df die Freiheit ein h\u00f6herer Wert ist als die Gesundheit&#8220;.<\/p>\n<p>Compte-Sponville unterscheidet Gesundheit als Gut von der Freiheit als Wert: \u201eNein, die Gesundheit ist nicht der oberste Wert. Die Gesundheit ist \u00fcberhaupt kein Wert. Gesundheit ist kein Wert sondern ein Gut. Ich unterscheide zwischen G\u00fctern und Werten. Ein Gut ist etwas, das w\u00fcnschenswert ist, eventuell auch beneidenswert.<br \/>\nEin Wert ist etwas, das achtbar und bewundernswert ist. Ich kann z.B. jemanden beneiden, weil er sich besserer Gesundheit erfreut als ich. Ich kann jemanden beneiden, weil er wohlhabender ist als ich. Gesundheit und Reichtum sind G\u00fcter.<br \/>\nAber wenn ich jemanden bewundere, weil er ges\u00fcnder oder reicher ist als ich, bin ich ein Schwachkopf.<br \/>\nEtwas anderes ist es, wenn ich jemanden daf\u00fcr bewundere, dass er mutiger ist als ich, gerechter als ich, liebevoller als ich, gro\u00dfz\u00fcgiger als ich. Denn das sind echte Werte!<br \/>\nUnd wenn wir Werte G\u00fctern unterordnen, befinden wir uns bereits in einer nihilistischen Gesellschaft. Derjenige, der dir erz\u00e4hlt, es ginge nichts \u00fcber das Geld, ist ein Finanznihilist. Derjenige, der dir erz\u00e4hlt, es ginge nichts \u00fcber die Gesundheit, ist ein Gesundheitsnihilist!\u201c<br \/>\nUnsere derzeitige seit M\u00e4rz 2020 immer noch praktizierte lockdown-basierte Corona-Politik k\u00f6nnte man demnach als Corona-Gesundheitsnihilismus bezeichnen.<br \/>\n11.4.2021<br \/>\n.<\/p>\n<ul>\n<li><a href=\"https:\/\/www.freiburg-schwarzwald.de\/blog\/engagement\/zukunft\/demokratie\/totalitarismus\/\">Totalitarismus: Gesundheitsschutz als absoluter Wert<\/a> (9.4.2021)<\/li>\n<\/ul>\n<p><strong>Freiheit, Gerechtigkeit und Liebe sind wichtiger als Gesundheit<\/strong><br \/>\n&#8230; Sie setzen weiterhin auf das h\u00f6lzerne und implausible Mantra \u201eJe repressiver und isolierter, desto ges\u00fcnder\u201c \u2013 in Frankreich, und wenn es nach dem Kanzleramt und seinen einschl\u00e4gig bekannten Souffleuren mit Doktortitel geht, auch sehr bald schon wieder in Deutschland. Im Angesicht dieser dogmatischen Versteifung auf eine ineffektive, sch\u00e4dliche und repressive Vorgehensweise, meldet sich Frankreichs renommiertester Philosoph Andr\u00e9 Comte-Sponville nun verst\u00e4rkt zu Wort.<br \/>\n&#8230;<br \/>\nUm es, an diese Einordnung ankn\u00fcpfend, abschlie\u00dfend mit den Worten zu sagen, die j\u00fcngst mit Giorgio Agamben in der NZZ ein anderer gro\u00dfer Denker der Gegenwart w\u00e4hlte, um den Zustand unserer Gesellschaft zu beschreiben:<br \/>\n<a href=\"https:\/\/www.nzz.ch\/feuilleton\/giorgio-agamben-ueber-die-welt-der-lebenden-und-der-toten-ld.1607876?reduced=true\">https:\/\/www.nzz.ch\/feuilleton\/giorgio-agamben-ueber-die-welt-der-lebenden-und-der-toten-ld.1607876?reduced=true<\/a><br \/>\n\u201eUm ihr Leben vor einer vermeintlichen, verwirrenden Bedrohung zu retten, geben die Menschen alles auf, was es lebenswert macht.\u201c<br \/>\n&#8230; Alles vom 8.4.2021 von Julian T. Baranyan bitte lesen auf <a href=\"https:\/\/juliantbaranyan.wordpress.com\/2021\/04\/08\/freiheit-gerechtigkeit-und-liebe-sind-wichtiger-als-gesundheit\/\">https:\/\/juliantbaranyan.wordpress.com\/2021\/04\/08\/freiheit-gerechtigkeit-und-liebe-sind-wichtiger-als-gesundheit\/<\/a><br \/>\n.<br \/>\n<em>Julian Tumasewitsch Baranyan, geb. 1985, hat Linguistik und Politologie in Gie\u00dfen studiert und bereist als selbst\u00e4ndiger Handelsvertreter inbesondere die frankophone Welt.<\/em><br \/>\n<em>Besuchen Sie seinen informativen Blog.<\/em><\/p>\n<p>&#8230; Alles vom 11.4.2021 Julian T. Baranyan bitte auch lesen auf <a href=\"https:\/\/www.achgut.com\/artikel\/sie_wollen_es_nicht_wissen_siew_lassen_es_nicht_bleiben\">https:\/\/www.achgut.com\/artikel\/sie_wollen_es_nicht_wissen_siew_lassen_es_nicht_bleiben<\/a><\/p>\n<p>Einige Kommentare:<br \/>\n<strong>Werte vom Christentum inspiriert\u00a0<\/strong><br \/>\nTats\u00e4chlich sind die Werte von denen beispielsweise das Christentum inspiriert ist, Liebe, Mut, Gro\u00dfz\u00fcgigkeit, Gerechtigkeit, Hilfsbereitschaft, Vertrauen zu Gott, Demut und Standhaftigkeit.<br \/>\nVon Gesundheit ist keine Rede. Von Langlebigkeit ist keine Rede. Eher im Gegenteil. Langlebigkeit ist kein anzustrebendes Ziel. Sie wird eher gering gesch\u00e4tzt. Wert wird auf die Seele gelegt. Ihrem Schutz und ihrer Weiterentwicklung gilt alle Aufmerksamkeit. Dieses in Erinnerung zu rufen, sollte Aufgabe der Kirchen, ebenso wie der Philosophen sein.<br \/>\n11.4.2021,W.A., AO<\/p>\n<p><strong>&#8230; f\u00fcr seine Gesundheit ist jeder selbst zust\u00e4ndig, f\u00fcr die Freiheit der Staat<\/strong><br \/>\nBei der Abw\u00e4gung zwischen Gesundheit und Freiheit sollte jedem doch klar sein, dass f\u00fcr das erste Gut jeder selbst die Verantwortung tr\u00e4gt. Die Freiheit aber muss der Staat sch\u00fctzen. Die Wahrung der Grundrechte ist seit 1949 die DNA der Bundesrepublik. Die B\u00fcrger m\u00fcssen sich darauf verlassen k\u00f6nnen, dass der Staat ihre Freiheit sch\u00fctzt. Wenn der B\u00fcrger diese Aufgabe einmal selbst \u00fcbernehmen m\u00fcsste, h\u00e4tten wir bald Zust\u00e4nde, die sich kaum jemand w\u00fcnschen kann. F\u00fcr meine Gesundheit oder die meiner alten Eltern kann ich selber sorgen, etwa dadurch, dass ich sie aus dem Senioren- oder Pflegeheim noch Hause nehme, wenn ich sie dort als gef\u00e4hrdet ansehe. Das ist gewiss nicht immer leicht, aber doch meistens machbar. Wer dagegen seine alten Eltern in der Gefahrenzone l\u00e4sst, dar\u00fcber jammert, dass Oma und Opa jetzt g\u00e4nzlich isoliert sind und gleichzeitig den totalen Lockdown fordert, um die Pandemie zu beenden und das Leben der Eltern zu retten, ist einfach nur wahnsinnig. Gleiches gilt f\u00fcr eine Regierung, die solchen Zumutungen auch noch nachgibt. Wer Angst vor Corona hat, darf sich gerne im Keller einschlie\u00dfen und auf bessere Zeiten warten. Wie gesagt, f\u00fcr seine Gesundheit ist jeder selbst zust\u00e4ndig, f\u00fcr die Freiheit aber ausschlie\u00dflich der Staat. Dies zu verdrehen ist Wahnsinn.<br \/>\n11.4.2021, K.B.<\/p>\n<p><strong>Trennung von Gut und Wert<\/strong><br \/>\nHerr Baranyan, Sie zitieren Comte-Sponville: \u201cIch unterscheide zwischen G\u00fctern und Werten. Ein Gut ist etwas, das w\u00fcnschenswert ist, eventuell auch beneidenswert. Ein Wert ist etwas, das achtbar und bewundernswert ist.\u201d Er illustriert diese Unterscheidung: \u201cGesundheit und Reichtum sind G\u00fcter. Aber wenn ich jemanden bewundere, weil er ges\u00fcnder oder reicher ist als ich, bin ich ein Schwachkopf. Etwas anderes ist es, wenn ich jemanden daf\u00fcr bewundere, dass er mutiger ist als ich, gerechter als ich, liebevoller als ich, gro\u00dfz\u00fcgiger als ich. Denn das sind echte Werte!\u201d<br \/>\nUnser Rechtsverst\u00e4ndnis in der deutschen Republik scheint diese saubere Trennung nicht zu beherrschen. Die unantastbare W\u00fcrde des Menschen ist f\u00fcr uns etymologisch mit dem Begriff \u201cWert\u201d verwandt, wurde aber just in dem Moment, als der Staat sich ihrer als durch ihn zu sch\u00fctzendes Rechts-Gut annahm und in den ersten Satz des ersten Artikels des Grundgesetzes schrieb, entw\u00fcrdigt.<br \/>\nDoch gleich im folgenden zweiten Satz ist diese Rechtsgut-W\u00fcrde erneut wieder an die transzendente \u00dcber- und Vorstaatlichkeit des Menschenrechts angebunden. Als wie an einen allerletzten Rettungsanker vor der Willk\u00fcr der f\u00fcr ihre Unzuverl\u00e4ssigkeit ber\u00fcchtigten staatlichen Monstrosit\u00e4t.<br \/>\nDie Ankerkette, die das in der See wogende Staatsschiff mit Kraft an diesen Ruhepunkt au\u00dfer sich bindet, wurde erst sp\u00e4t und nachtr\u00e4glich mit Artikel 20 pr\u00e4zise gemacht.<\/p>\n<p>Mit ihm wird das tempor\u00e4re Rechtsgut wieder in seine ewige Universalit\u00e4t zur\u00fcck \u00fcberf\u00fchrt: Alle Deutschen verf\u00fcgen \u00fcber das Recht zum Widerstand gegen die Zertretung ihrer Menschenw\u00fcrde durch Merkel, S\u00f6der und Konsorten, wo andere Hilfe nicht mehr zu erhalten ist! Wir, die Deutschen verk\u00f6rpern in unserem Land am Ende des Tages die einzig legale Rechtsgewalt. Wie alle Menschen \u00fcberall sonst.<br \/>\n11.4.2021, HP.D.<\/p>\n<p><strong>Vielen Dank f\u00fcr den Hinweis auf Andr\u00e9 Comte-Sponville.<\/strong><br \/>\nDie alte griechische Ansicht mit Gaia (Felder und bl\u00fchende Blumen) und im Gegensatz Chthonia (unten drunter) ist nat\u00fcrlich nicht mehr zeitgem\u00e4\u00df. Wenn man es genau nimmt, ist unten auf dem Meeresgrund.<br \/>\nDie h\u00f6chsten Berge nehmen dort ihren Ursprung. Und dort in den tiefsten Tiefen entsteht in der N\u00e4he der warmen mineralreichen Quellen (black smokers) urspr\u00fcnglich alles Leben, wird angenommen. Auch das Leben und die Gestalt von Gaia hat dort ihren Ursprung. Somit ist das mit dem Oben und Unten inzwischen so eine Sache. Sp\u00e4ter, in den Religionen, ging man in den Himmel. Nur ist das auch so eine Sache mit dem Himmel, nachdem sein Geheimnis mehr und mehr entschl\u00fcsselt wird. Also sind wird mehr oder minder in der Mitte und, wenn man die Sonnensysteme au\u00dferhalb unseres eigenen ansieht, f\u00e4llt auf, dass dieses anders ist, chaotischer, und die M\u00f6glichkeit besteht, dass die Erde solit\u00e4r ist in ihrer Art.<br \/>\nDa au\u00dfen herum keine Habitate zu sein scheinen, m\u00fcsste das tot sein. So betrachten wir es aber nicht. Jeder Astrophysiker w\u00fcrde sich dagegen wehren. Wir nehmen also andere Zustandsformen als sch\u00f6n wahr und versagen, ichbezogen und dadurch einsam, nur bei uns selbst. Die Angst vor dem Tod kann man nur durch das Staunen f\u00fcr das Ganze verlieren, denn materiell geht man nicht verloren. Man ist immer Teil des Ganzen. Ich f\u00fcrchte, was den Menschen tief unter die Haut ging, sind Dinge wie: \u201cErtrinken im eigenen Saft\u201d, Embolien, Ersticken, Schmerzen. Die Angst vor Schmerzen ist st\u00e4rker als die Angst vor dem Tod. Krebs wurde dabei inzwischen ausgeblendet. Bergamo-Bilder, Intubation, Entm\u00fcndigung, kein Besuch, effektive Folterinstrumente. Sie foltern uns und merken es nicht oder wissen es und sind durch die Bank Sadisten, ? Je ne sais pas. Eins scheint sicher: Ohne Chronos (Saturn) w\u00e4ren wir nicht, auch nicht die Tiere, die Blumen.<br \/>\n.<br \/>\n2. Am Gesch\u00e4ft mit der Angst ist der infantile Mensch schuld, der nicht nachdenkt und die Medien, die ihn f\u00fcttern in Endlosschleife mit K\u00f6rpern in der Luft vor dem brennenden WTA und treibend im Wasser vor Thailand. Es werden dort vor allem die N\u00e4chsten gezeigt, also Touristen. Der infantilisierte Mensch guckt sich das jeden Abend an. Zur Entspannung guckt er am WE Jurassic World mit einem \u00fcberdimensionierten Mososaurus, den es so nie gab. Ich wei\u00df auch nicht, ob es je einen Wei\u00dfen Hai gab, der ein ganzes Boot angegriffen h\u00e4tte.<br \/>\nDer Mensch liebt das, das Material wird zum Blockbuster, genau wie der schlechtere Titanic-Film. Der bessere wurde in den F\u00fcnfzigern gedreht. Jetzt wird er mit offenbar versautem Unterbewusstsein zum Opfer der Politisierung der Angst und der Bevormundung und Vereinnahmung. Der \u201cSpiegel\u201d hatte einst, so vor guten 15 Jahren, einen Titel mit einer Spinne und einer Titelgeschichte \u00fcber Angst. Als Kind Angst hatten Bill Gates und Steven Spielberg, die beide aufgef\u00fchrt waren. Wenn die Zeitschrift noch auf Draht w\u00e4re, w\u00fcrde sie die Geschichte neu auflegen. Weg mit der Angst! Sie ist nur n\u00fctzlich, wenn ein echter konkreter Grund f\u00fcr sie besteht. Dann kann sie hilfreich sein. Hier ist sie verfehlt.<br \/>\n11.4.2021, F.J.<br \/>\n.<br \/>\n<strong>Amokl\u00e4ufer ersch\u00f6pft sich oder aber Widerstand bieten<\/strong><br \/>\nAuf Achgut.com wird nun seit mehr als einem Jahr versucht, einer wohl eher eingebildeten Bedrohung durch Corona mit Sachlichkeit und Vernunft zu begegnen &#8211; ohne jeden Erfolg. Frau Merkel l\u00e4uft gerade &#8211; anders kann man das wohl nicht mehr benennen &#8211; Amok. Ein Amoklauf endet regelm\u00e4\u00dfig erst dann, wenn der Amokl\u00e4ufer ersch\u00f6pft aufh\u00f6rt &#8211; oder gewaltsam gestoppt wird, andere Alternativen sind nicht gegeben.<br \/>\n11.4.2021, J.H.<br \/>\n.<br \/>\n<strong>Widerstand gegen totale Macht<\/strong><br \/>\nSo ist es und nun? Herr Hoffmann hat die einzige! Loesung, auch wenn sie etwas unangenehm ist, zutreffend genannt. Menschen auf dem Weg zur Ergreifung der totalen Macht, mit dem Ziel der Abschaffung der FDGO \u201cduerfen\u201d uebrigens gestoppt werden, Art 20 IV GG. Zum zweiten Mal wollen wir doch sicher keinen F\u00fchrer, auch wenn es der Zeit entsprechend eine Fuehrerin ist. Leider versagt die Justiz, gemeint ist die hoechstrichterliche und hier das BVerfG, mit dem Verfassungsschutz der W\u00e4chter des GG, kein Scherz, wieder einmal, aber das hat hierzulande Tradition.<br \/>\n11.4.2021,R.N.<\/p>\n<p>\u201eUm ihr Leben vor einer vermeintlichen, verwirrenden Bedrohung zu retten, geben die Menschen alles auf, was es lebenswert macht.\u201c Der ganze Irrsinn, die ganze Unvernunft und das ganze Chaos der vergangenen Monate in einem Super-Satz zusammen gefasst!<br \/>\nB R A V O ! ! !<br \/>\n11.4.2021,Z.W., AO<\/p>\n<p><strong>1947 schrieb Albert Camus in \u201cDie Krise des Menschen\u201d:<\/strong><br \/>\n\u201cDie Politik muss, wo immer m\u00f6glich, zur\u00fcckverwiesen werden auf den ihr zukommenden Platz, der ein Platz zweiter Ordnung ist. Es sollte nicht ihr Ziel sein d\u00fcrfen, die Welt mit Evangelien oder Katechismen zu versorgen, weder mit politischen noch mit moralischen. Es ist gerade das gro\u00dfe Ungl\u00fcck unserer Zeit, dass die Politik sich anma\u00dft, uns mit einem Katechismus, mit einer kompletten Weltanschauung und zeitweilig sogar mit Vorschriften f\u00fcr unser Liebesleben auszustatten.<br \/>\nDie Aufgabe der Politik ist vielmehr, unser Haus in Ordnung zu halten, und nicht, sich mit unseren inneren Angelegenheiten zu befassen. Was mich anlangt, so wei\u00df ich nicht, ob es ein Absolutes gibt oder nicht. Aber ich wei\u00df genau, dass das keine Angelegenheit der Politik ist.\u201d<br \/>\nSoweit Camus\u2019 treffende Analyse des Totalitarismus. Wenn dieser heute im Namen von \u201cGesundheit\u201d und \u201cSolidarit\u00e4t\u201d fr\u00f6hliche Urst\u00e4nd feiern kann, h\u00e4ngt das ohne Zweifel mit der Abkehr der europ\u00e4ischen Kultur vom Christentum zusammen.<br \/>\nDie Folgsamkeit allzuvieler Kirchenvertreter gegen\u00fcber staatlichen Vorgaben und gesellschaftlichen Trends tr\u00e4gt allerdings auch nicht gerade dazu bei, dieses Problem zu l\u00f6sen.<br \/>\n11.4.2021, P.S.<br \/>\nEnde der Kommentare<\/p>\n","protected":false},"excerpt":{"rendered":"<p>Nach dem Lockdown ist vor dem Lockdown. Wir stehen so begeistert auf den Lockdowns, weil wir die Gesundheit zum h\u00f6chsten Wert stilisiert haben. Dazu Andr\u00e9 Comte-Sponville: \u201eLasst uns aufh\u00f6ren die Gesundheit zum obersten Wert zu machen! Sie ist wichtig, aber &hellip; <a href=\"https:\/\/www.freiburg-schwarzwald.de\/blog\/freiheitwert-gesundheitgut\/\">Weiterlesen <span class=\"meta-nav\">&rarr;<\/span><\/a><\/p>\n","protected":false},"author":2,"featured_media":0,"comment_status":"open","ping_status":"closed","sticky":false,"template":"","format":"standard","meta":{"footnotes":""},"categories":[1],"tags":[],"class_list":["post-89664","post","type-post","status-publish","format-standard","hentry","category-allgemein"],"_links":{"self":[{"href":"https:\/\/www.freiburg-schwarzwald.de\/blog\/wp-json\/wp\/v2\/posts\/89664","targetHints":{"allow":["GET"]}}],"collection":[{"href":"https:\/\/www.freiburg-schwarzwald.de\/blog\/wp-json\/wp\/v2\/posts"}],"about":[{"href":"https:\/\/www.freiburg-schwarzwald.de\/blog\/wp-json\/wp\/v2\/types\/post"}],"author":[{"embeddable":true,"href":"https:\/\/www.freiburg-schwarzwald.de\/blog\/wp-json\/wp\/v2\/users\/2"}],"replies":[{"embeddable":true,"href":"https:\/\/www.freiburg-schwarzwald.de\/blog\/wp-json\/wp\/v2\/comments?post=89664"}],"version-history":[{"count":2,"href":"https:\/\/www.freiburg-schwarzwald.de\/blog\/wp-json\/wp\/v2\/posts\/89664\/revisions"}],"predecessor-version":[{"id":89750,"href":"https:\/\/www.freiburg-schwarzwald.de\/blog\/wp-json\/wp\/v2\/posts\/89664\/revisions\/89750"}],"wp:attachment":[{"href":"https:\/\/www.freiburg-schwarzwald.de\/blog\/wp-json\/wp\/v2\/media?parent=89664"}],"wp:term":[{"taxonomy":"category","embeddable":true,"href":"https:\/\/www.freiburg-schwarzwald.de\/blog\/wp-json\/wp\/v2\/categories?post=89664"},{"taxonomy":"post_tag","embeddable":true,"href":"https:\/\/www.freiburg-schwarzwald.de\/blog\/wp-json\/wp\/v2\/tags?post=89664"}],"curies":[{"name":"wp","href":"https:\/\/api.w.org\/{rel}","templated":true}]}}