{"id":89630,"date":"2021-04-11T12:14:08","date_gmt":"2021-04-11T10:14:08","guid":{"rendered":"https:\/\/www.freiburg-schwarzwald.de\/blog\/?p=89630"},"modified":"2021-04-11T17:36:29","modified_gmt":"2021-04-11T15:36:29","slug":"pandemie-foerdert-integration","status":"publish","type":"post","link":"https:\/\/www.freiburg-schwarzwald.de\/blog\/pandemie-foerdert-integration\/","title":{"rendered":"Pandemie f\u00f6rdert Integration"},"content":{"rendered":"<p>Seit M\u00e4rz 2020 folgt ein <a href=\"https:\/\/www.freiburg-schwarzwald.de\/blog\/business\/gesund\/corona-virus\/lockdown-endlos\/\">Lockdown<\/a> dem <a href=\"https:\/\/www.freiburg-schwarzwald.de\/blog\/ein-jahr-lockdown-umsonst\/\">anderen<\/a>. Mit der Begr\u00fcndung, so die \u00dcberlastung der <a href=\"https:\/\/www.freiburg-schwarzwald.de\/blog\/business\/gesund\/corona-virus\/corona-angst\/\">Intensivstationen<\/a> vermeiden zu k\u00f6nnen, werden alle denkbaren Infektionsherde ausgeschaltet (Kitas, Schulen, inhabergef\u00fchrte L\u00e4den, Gastronomie, Tourismus, B\u00e4der, Vereine, Kirchen usw.) bzw. umfunktioniert (Home-Office, Online).<br \/>\n.<!--more--><br \/>\nOb man diese lockdown-basierte <a href=\"https:\/\/www.freiburg-schwarzwald.de\/blog\/business\/gesund\/corona-virus\/corona-grundrechte\/\">Coronapolitik<\/a> nun bef\u00fcrwortet (GroKo, RKI), kritisiert (PC-unzul\u00e4ssig, da Nazi und alternativlos) oder gar ablehnt (<a href=\"https:\/\/www.freiburg-schwarzwald.de\/blog\/who-ioannidis-no-lockdown\/\">WHO<\/a> und Wissenschaftler um <a href=\"https:\/\/www.freiburg-schwarzwald.de\/blog\/who-ioannidis-no-lockdown\/\">Prof Ioannidis<\/a>): Das Instrument des Lockdowns funktioniert nur, wenn s\u00e4mtliche gesellschaftlichen Gruppen mitmachen, ausnahmslos und aktiv.<\/p>\n<p>Nun zeigt sich, da\u00df dies f\u00fcr die &#8211; wie auch immer definierte &#8211; Gruppe der <a href=\"https:\/\/www.freiburg-schwarzwald.de\/blog\/global\/migration\/migration-zahlen\/\">Migration<\/a> nicht zutrifft. <em><strong>Die Mehrzahl der Corona-Intensivpl\u00e4tze ist von Migranten belegt.<\/strong><\/em> Ob dies nun zwei Drittel, drei Viertel oder gar 90% der Intensivbetten sind, spielt keine Rolle. Die Anzahl der Coronapatienten mit Migrationshintergrund ist station\u00e4r \u00fcberproportional gro\u00df &#8211; siehe <a href=\"https:\/\/www.freiburg-schwarzwald.de\/blog\/business\/gesund\/corona-virus\/corona-migration\/\">hier<\/a> oder <a href=\"https:\/\/www.freiburg-schwarzwald.de\/blog\/migration-intensivstation\/\">hier<\/a>.<br \/>\nDar\u00fcber zu sprechen ist tabu. Dieses <a href=\"https:\/\/www.freiburg-schwarzwald.de\/blog\/engagement\/zukunft\/demokratie\/tabu\/\">Tabu<\/a> l\u00e4\u00dft zu, da\u00df einerseits \u00fcber 700 G\u00e4ste einer Clan-Hochzeit in Leverkusen unter den Augen der Polizei eng bei eng trauern (s.u.), w\u00e4hrend andererseits drei deutsche M\u00e4dchen von der Polizei Strafzettel erhalten, da sie auf den Rheinwiesen beieinander standen.<br \/>\nDieses Tabu tr\u00e4gt entscheidend zur Unwirksamkeit von Lockdowns bei. Die fortgesetzten Lockdowns mit Sonderrechten f\u00fcr ca 10% der Bev\u00f6lkerung werden erst enden, wenn die Volkswirtschaft <a href=\"https:\/\/www.freiburg-schwarzwald.de\/blog\/business\/rezession\/\">ruiniert<\/a> ist.<br \/>\n.<br \/>\n<em><strong>Fazit: Corona zwingt Migranten zur <a href=\"https:\/\/www.freiburg-schwarzwald.de\/blog\/global\/integration\/integration-islam\/\">Integration<\/a>.<\/strong> <\/em>Alle m\u00fcssen sich an die hierzulande geltenden Regeln halten, vor allem in der Pandemie. Auch bei Clan-Zusammenk\u00fcnften, Beerdigungen, im Ramadan, in der Moschee, bei kulturellen Events. Hier hilft kein Besch\u00f6nigen durch Umbenennen &#8211; wie etwa &#8222;Patienten mit Migrationshintergrund&#8220; in &#8222;<a href=\"https:\/\/www.freiburg-schwarzwald.de\/blog\/migration-intensivstation\/\">Patienten mit Kommunikationsbarriere&#8220;.<\/a><br \/>\n.<br \/>\nEine Politik, die Migranten besondere b\u00fcrgerliche Rechte gew\u00e4hrt und von besonderen b\u00fcrgerlichen Pflichten entbindet, ist zu tiefst fremdenfeindlich. Denn sie f\u00f6rdert die Absonderung der Migranten in <a href=\"https:\/\/www.freiburg-schwarzwald.de\/blog\/global\/integration\/parallelgesellschaft\/\">Parallelgesellschaften<\/a> (in der sich ein <a href=\"https:\/\/www.freiburg-schwarzwald.de\/blog\/selbsthilfe\/soziales\/justiz\/paralleljustiz\/\">anderes Recht<\/a> entwickelt), die dann zu Gegengesellschaften (in die sich die Polizei nicht mehr hinein traut) f\u00fchren. Wir d\u00fcrfen nicht Migranten ins Land holen, um sie hier dann in die Segregation zu zwingen.<\/p>\n<p>Die \u00fcberproportional gro\u00dfe Belegung von Corona-Intensivpl\u00e4tzen durch Migranten als Tabu-Thema zu verschweigen &#8211; dies k\u00f6nnen die Medien auf Dauer nicht aufrecht halten. Auch wenn die <a href=\"https:\/\/www.freiburg-schwarzwald.de\/blog\/kultur\/medien\/political-correctness\/\">Political Correctness<\/a> es so will. Hier hilft nur ein <a href=\"https:\/\/www.freiburg-schwarzwald.de\/blog\/engagement\/zukunft\/ehrlichkeit\/\">ehrliches Benennen<\/a> der Probleme. Zum Nutzen aller, gerade auch der Migranten.<\/p>\n<p>Politik und Medien haben ihre Glaubw\u00fcrdigkeit bez\u00fcglich Covid-19 als gef\u00e4hrlichem Virus verspielt. Einerseits werden Urlauber massiv angegangen (&#8222;Oma stirbt, wenn Du nach Mallorca fliegst&#8220;). Andererseits scheut man Appelle an Migranten, deren Angeh\u00f6rige \u00fcberproportional auf den Intensivstationen liegen.<br \/>\n11.4.2021<\/p>\n<p>.<br \/>\n<strong>Leverkusener Tierpark schlie\u00dft wegen Clan-Beerdigung<\/strong><br \/>\nDas Oberhaupt des Roma-Clans der Familie Goman starb auf einer Intensivstation an Corona. Er war in der Familie sehr bekannt, soll auch als sogenannter Friedensrichter agiert haben. Die Stadt und Ordnungskr\u00e4fte erwarten Hunderte von G\u00e4sten zur Bestattung, die Polizei will mit einer Einsatzhundertschaft teilnehmen.<br \/>\nDie Trauerfeier war zun\u00e4chst f\u00fcr Mittwoch angesetzt, wurde aber diese Woche auf Freitag verschoben. Erlaubt sind bei Trauerfeiern in Leverkusen im Freien derzeit wegen Corona nur 25 Erwachsene, zus\u00e4tzlich 25 Kinder.<br \/>\n&#8230; Alles vom 9.4.2021 bitte lesen auf<br \/>\n<a href=\"https:\/\/www.t-online.de\/region\/koeln\/news\/id_89805588\/leverkusen-tierpark-schliesst-wegen-clan-beerdigung-nebenan.html\">https:\/\/www.t-online.de\/region\/koeln\/news\/id_89805588\/leverkusen-tierpark-schliesst-wegen-clan-beerdigung-nebenan.html<\/a><\/p>\n<p><strong>Polizei alarmiert: Beerdigung eines Clan-Chefs mit Hunderten G\u00e4sten erwartet<\/strong><br \/>\nIn Leverkusen bereitet sich die Polizei auf die Beerdigung eines bekannten Clan-Anf\u00fchrers vor, bei der Hunderte von G\u00e4sten erwartet werden. Zuvor kam es zu Problemen zwischen dem Ordnungsdienst und der Gro\u00dffamilie, deren zahlreiche Corona-Verst\u00f6\u00dfe zun\u00e4chst nicht geahndet wurden. Das Oberhaupt des Roma-Clans der Familie Goman ist an Corona gestorben und soll in der kommenden Woche beerdigt werden. Da Hunderte von G\u00e4sten erwartet werden, will auch die Polizei mit einer Einsatzhundertschaft teilnehmen.<br \/>\n.. Alles vom 2.4.2021 auf<br \/>\n<a href=\"https:\/\/www.t-online.de\/region\/koeln\/news\/id_89775084\/koeln-leverkusen-beerdigung-eines-clan-chefs-mit-hunderten-gaesten-erwartet.html\">https:\/\/www.t-online.de\/region\/koeln\/news\/id_89775084\/koeln-leverkusen-beerdigung-eines-clan-chefs-mit-hunderten-gaesten-erwartet.html<\/a><\/p>\n<p>.<br \/>\n<strong>Dokument aus K\u00f6lner Klinik: 2 von 3 Corona-Intensivpatienten haben Migrationshintergrund<\/strong><br \/>\nK\u00f6lner Klinik: Mehr als 55 Prozent der Corona-Patienten wiesen ausl\u00e4ndische Wurzeln auf. Von Tausenden PCR-Getesteten, die in dieser Klinik aktenkundig sind, wurden vom 1. November 2020 bis Ende Februar 2021 knapp 290 Patienten station\u00e4r aufgenommen. Mehr als 55 Prozent von ihnen wiesen dem Dokument zufolge ausl\u00e4ndische Wurzeln auf. Auch bei schweren Krankheitsverl\u00e4ufen besteht ein \u00dcbergewicht. Und: Von den 56 Menschen, die in dem K\u00f6lner Krankenhaus an oder mit Corona verstorben sind, blickt mehr als jeder Zweite auf einen Migrationshintergrund zur\u00fcck.<br \/>\nEin \u00e4hnliches Bild auf der Intensivstation des besagten Klinikums: Zwei Drittel der 100 in diesem Zeitraum behandelten Intensivpatienten hatten einen Migrationshintergrund.<br \/>\n&#8230; Alles vom 9.4.2021 bitte lesen auf<br \/>\n<a href=\"https:\/\/www.focus.de\/politik\/deutschland\/erstmals-konkrete-zahlen-dfdfdf_id_13171359.html\">https:\/\/www.focus.de\/politik\/deutschland\/erstmals-konkrete-zahlen-dfdfdf_id_13171359.html<\/a><br \/>\n.<br \/>\nEinige Kommentare:<br \/>\n<strong>Dieses Thema hat die AFD in der letzten BT Debatte angesprochen<\/strong><br \/>\nund wurde nat\u00fcrlich gleich als Rassismus Beschimpfung von den etablierten Parteien missbraucht. Jetzt der Bericht, der das genau so aussagt, also war die Recherche der AFD doch stimmig. Bei der Analyse der Pandemieverbreitung sollte man alles offen ansprechen k\u00f6nnen, es geht schlie\u00dflich um unser aller Leben.<br \/>\n29.4.2021, Sel<br \/>\n.<br \/>\n<strong>Die Realit\u00e4t schert sich nicht um Befindlichkeiten<\/strong><br \/>\nVor einiger Zeit eine \u00e4hnliche Meldung aus Bremen. Sofort legte der \u00d6RR los und brachte Argumente, es l\u00e4ge an den prek\u00e4ren Wohn- und Arbeitsverh\u00e4ltnissen, oft ohne Homeoffice-M\u00f6glichkeit. KLAR, auch ein m\u00f6glicher Mit-Grund. Wahrscheinlicher ist freilich die spezielle, private Lebensweise. &#8230;. Auch wenn es nicht ins Weltbild pa\u00dft.<br \/>\n9.4.2021, H.M.<br \/>\n.<br \/>\n<strong>Tabuthemen &#8211; Migration<\/strong><br \/>\nEs gibt mittlerweile eine ganze Reihe von Ph\u00e4nomenen, bei denen ein Zusammenhang mit einem Migrationshintergrund besteht. Recht oft werden die Zusammenh\u00e4nge von interessierter Seite schnell relativiert. Man will schlie\u00dflich nicht, das politische Entscheidungen nachtr\u00e4glich in Frage gestellt werden. &#8230;<br \/>\nWundert mich nicht. Man muss nur das Geschehen rund um den zentralen Hetztempel , hier in K\u00f6ln, beobachten. Regeln scheinen nur f\u00fcr uns K\u00f6terrasse zu gelten. (Zitat eines dieser Menschen)<br \/>\n9.4.2021, H.Z.<\/p>\n<p>Ein Bekannter unserer Familie arbeitet in Frankfurt auf einer Corona-Intensiv-Station. Er berichtet seit Monaten exakt das Gleiche.<br \/>\n9.4.2021, H.W.<br \/>\n.<br \/>\n<strong>Lockdown f\u00fcr Migranten wirkungslos?<\/strong><br \/>\nPolitik beginnt mit dem Wahrnehmen der Realit\u00e4t. Offensichtlich sind die Lockdown-Ma\u00dfnahmen f\u00fcr die hier genannte Gruppe weitgehend wirkungslos. Deshalb ist es v\u00f6llig sinnlos, wenn Frau Merkel und Herr S\u00f6der nicht-wirksame Ma\u00dfnahmen versch\u00e4rfen. Sie vergr\u00f6\u00dfern damit nur den Kollateralschaden in der Wirtschaft und den Familien. Warum muss an warmen Tagen die Au\u00dfengastronomie schlie\u00dfen, wenn sich der Gro\u00dfteil der Kranken offensichtlich ganz woanders infiziert? Politik beginnt mit dem Wahrnehmen der Realit\u00e4t. Das kann man nicht oft genug wiederholen.<\/p>\n<p>Migranten d\u00fcrfen nicht verd\u00e4chtig sein, sich nicht an Coronaregeln zu halten<br \/>\nIn der Virusbek\u00e4mpfung w\u00e4re es sicher hilfreich, wenn man solche Erkenntnisse ber\u00fccksichtigen w\u00fcrde. Allerdings ist unsere Regierung nur bereit, den Schutz der Gesundheit der gesamten Bev\u00f6lkerung zu gew\u00e4hren, wenn einige Tabus, die man sich selbst aufzwingt, nicht tangiert werden. So bestellte man Impfstoff \u00fcber die EU-Kommission, um bloss nicht des &#8222;Impfnationalismus&#8220; bezichtigt zu werden und Migranten d\u00fcrfen eben nicht einmal ansatzweise verd\u00e4chtig sein, sich nicht an Coronaregeln zu halten. Also bel\u00fcgt sich die Regierung lieber selbst und damit auch die Bev\u00f6lkerung. Man pfiff Wieler zur\u00fcck, als er bez\u00fcglich dieses Themas etwas andeutete und Merkels Antwort an die AfD bei der letzten Befragung im Bundestag zu diesem Thema, war keine Antwort auf die Frage, sondern das \u00fcbliche Statement: &#8222;Ich verwahre mich gegen pauschale &#8230;<br \/>\n9.4.2021, D.ST<br \/>\n.<br \/>\n<strong>Wenn ausgerechnet Schutzbed\u00fcrftige auf die Gesundheit der Gesellschaft<\/strong> pfeifen. Wow!! Was f\u00fcr eine Irritation. Ich dachte immer die sog.: &#8222;Querdenker&#8220; w\u00e4ren verantwortlich f\u00fcr Hotspots und Corona-Tote. Wollen uns das nicht immer die Vertreter des \u00d6RR glauben machen? Nun ja, die Kausalit\u00e4t f\u00fcr diese &#8222;Umst\u00e4nde&#8220; wurde ja oft genug im Vorfeld angemahnt- zumindest dort, wo die Zensur noch nicht greift. DAS sagt eine Menge \u00fcber die Integrit\u00e4t und das Wertesystem unsere Gesellschaft aus, wenn sich ein unabh\u00e4ngiger Informant nicht mehr traut, die Wahrheit unter dem eigenen Namen zu ver\u00f6ffentlichen.<br \/>\nWenn ausgerechnet politisch-erkl\u00e4rte Schutzbed\u00fcrftige auf die Sicherheit und Gesundheit der Gesellschaft pfeifen, in die sie, oder ihre Eltern immigriert sind, dann stimmt wohl irgend etwas mit den Politikern nicht, oder mit deren bin\u00e4ren Gesellschaftsbild von Gut und B\u00f6se.<br \/>\n9.4.2021, B.S.<br \/>\n.<br \/>\n<strong>Die Gro\u00dfhochzeit der Migrantenclans<\/strong><br \/>\ninklusive Dauerfeuer aus nicht zugelassenen Schreckschusswaffen und Sperrung der Autobahn beantwortet die Polizei mit Regelung des Verkehrs. Warum bitte sollten diese Mitmenschen Vorschriften oder Regeln ernst nehmen ? Genau aus diesem Grund sind die Zahlen wie sie sind.<br \/>\n9.4.2021, M.R.<br \/>\n.<br \/>\n<strong>Migranten aus islamisch gepr\u00e4gten Staaten &#8211; erh\u00f6hte Risiken<\/strong><br \/>\nAus heutiger Sicht war in der Fl\u00fcchtlingskrise die damalige Einsch\u00e4tzung von Frau Merkel &#8222;Wir schaffen das &#8220; un\u00fcberlegt. Es geht bei den Bedenken nicht um Ausl\u00e4nder- oder Religionsfeindlichkeit, sondern um eine n\u00fcchterne Abw\u00e4gung und Analyse, in welchem Ausma\u00df Staaten der EU Migranten aufnehmen k\u00f6nnen, welche Randbedingungen hierbei wichtig sind und ab wann ein ernsthaftes Sch\u00e4digungsrisiko entsteht, so wie jetzt in der Corona-Pandemie. Migranten aus islamisch gepr\u00e4gten Staaten haben infolge einer anderen Sozialisation offensichtlich erh\u00f6hte Risiken, w\u00e4hrend bei Einwanderern aus asiatischen Staaten diszipliniertes Vorgehen meist eine gr\u00f6\u00dfere Rolle spielt, wie auch die dortigen Coronaverl\u00e4ufe zeigen. Wir k\u00f6nnen helfen, aber die T\u00fcr auch nicht un\u00fcberlegt \u00f6ffnen. Es gibt auch Bringschulden. &#8230;<br \/>\n66 % der Intensivpatienten haben einen Migrationshintergrund. Aber in unserer Gesellschaft sind sie nicht mit 66 % vertreten. Diese Menschen haben ein anderes Verhalten. Daf\u00fcr d\u00fcrfen wir mit gro\u00dfen Einschr\u00e4nkungen leben und die Wirtschaft herunterfahren.<br \/>\n9.4.2021, H.F.<br \/>\n.<br \/>\n<strong>&#8230; Einzelhandel das Verkaufen untersagen<\/strong><br \/>\nZum einen gab es solche Informationen ja bereits, zum anderen kann man \u00fcberall in der \u00d6ffentlichkeit ja sehen, welche Gruppen das sind, die auf alle unsere Regeln pfeifen. Mich \u00e4rgert nur, dass man gegen Corona dann immer noch sein Heil sucht, indem man dem Einzelhandel das Verkaufen untersagt. Da passt nichts zusammen, mit falschen Ma\u00dfnahmen kann man die Pandemie nicht besiegen.<br \/>\n9.4.2021<br \/>\nEnde Kommentare<\/p>\n","protected":false},"excerpt":{"rendered":"<p>Seit M\u00e4rz 2020 folgt ein Lockdown dem anderen. Mit der Begr\u00fcndung, so die \u00dcberlastung der Intensivstationen vermeiden zu k\u00f6nnen, werden alle denkbaren Infektionsherde ausgeschaltet (Kitas, Schulen, inhabergef\u00fchrte L\u00e4den, Gastronomie, Tourismus, B\u00e4der, Vereine, Kirchen usw.) bzw. umfunktioniert (Home-Office, Online). .<\/p>\n","protected":false},"author":2,"featured_media":0,"comment_status":"open","ping_status":"closed","sticky":false,"template":"","format":"standard","meta":{"footnotes":""},"categories":[36,58,158,13,157,19,95,9],"tags":[700,485,725,421,644,702,622],"class_list":["post-89630","post","type-post","status-publish","format-standard","hentry","category-engagement","category-familie","category-gesund","category-kultur","category-oeffentlicher-raum","category-religion","category-schulen","category-soziales","tag-corona","tag-refugee","tag-integration","tag-islam","tag-krankheit","tag-lockdown","tag-migration"],"_links":{"self":[{"href":"https:\/\/www.freiburg-schwarzwald.de\/blog\/wp-json\/wp\/v2\/posts\/89630","targetHints":{"allow":["GET"]}}],"collection":[{"href":"https:\/\/www.freiburg-schwarzwald.de\/blog\/wp-json\/wp\/v2\/posts"}],"about":[{"href":"https:\/\/www.freiburg-schwarzwald.de\/blog\/wp-json\/wp\/v2\/types\/post"}],"author":[{"embeddable":true,"href":"https:\/\/www.freiburg-schwarzwald.de\/blog\/wp-json\/wp\/v2\/users\/2"}],"replies":[{"embeddable":true,"href":"https:\/\/www.freiburg-schwarzwald.de\/blog\/wp-json\/wp\/v2\/comments?post=89630"}],"version-history":[{"count":5,"href":"https:\/\/www.freiburg-schwarzwald.de\/blog\/wp-json\/wp\/v2\/posts\/89630\/revisions"}],"predecessor-version":[{"id":89654,"href":"https:\/\/www.freiburg-schwarzwald.de\/blog\/wp-json\/wp\/v2\/posts\/89630\/revisions\/89654"}],"wp:attachment":[{"href":"https:\/\/www.freiburg-schwarzwald.de\/blog\/wp-json\/wp\/v2\/media?parent=89630"}],"wp:term":[{"taxonomy":"category","embeddable":true,"href":"https:\/\/www.freiburg-schwarzwald.de\/blog\/wp-json\/wp\/v2\/categories?post=89630"},{"taxonomy":"post_tag","embeddable":true,"href":"https:\/\/www.freiburg-schwarzwald.de\/blog\/wp-json\/wp\/v2\/tags?post=89630"}],"curies":[{"name":"wp","href":"https:\/\/api.w.org\/{rel}","templated":true}]}}